{"id":47414,"date":"2025-11-12T19:17:09","date_gmt":"2025-11-12T19:17:09","guid":{"rendered":"https:\/\/www.europesays.com\/lv\/47414\/"},"modified":"2025-11-12T19:17:09","modified_gmt":"2025-11-12T19:17:09","slug":"dziedataja-elina-furmane-nak-klaja-ar-jaunumiem-video","status":"publish","type":"post","link":"https:\/\/www.europesays.com\/lv\/47414\/","title":{"rendered":"dzied\u0101t\u0101ja El\u012bna F\u016brmane n\u0101k klaj\u0101 ar jaunumiem (+ VIDEO)"},"content":{"rendered":"<p>        <img loading=\"lazy\" decoding=\"async\" class=\"lazy lazy-hidden size-full wp-image-220719\" src=\"data:image\/gif;base64,R0lGODlhAQABAIAAAAAAAP\/\/\/yH5BAEAAAAALAAAAAABAAEAAAIBRAA7\" data-lazy-type=\"image\" data-lazy-src=\"https:\/\/www.europesays.com\/lv\/wp-content\/uploads\/2025\/11\/Ekranuznemums-2025-11-12-203126.jpg\" alt=\"\" width=\"818\" height=\"614\" data-lazy- data-lazy-\/>Publicit\u0101tes foto<\/p>\n<p>Dzied\u0101t\u0101ja un d\u012bd\u017eejs Ella, \u012bstaj\u0101 v\u0101rd\u0101 El\u012bna F\u016brmane, no Latvijas dev\u0101s prom pirms vair\u0101kiem gadiem \u2013 vi\u0146a apmet\u0101s Amerik\u0101, bet tagad vi\u0146a n\u0101kusi klaj\u0101 ar jaunumiem.<\/p>\n<p>El\u012bna F\u016brmane vair\u0101kk\u0101rt sniegusi intervijas latvie\u0161u medijos, kur st\u0101st\u012bja gan par iemesliem, k\u0101p\u0113c pameta Latviju tik agr\u0101k vecum\u0101, gan par to, k\u0101das ir vi\u0146as \u0161\u0101 br\u012b\u017ea saj\u016btas attiec\u012bb\u0101 pret \u0161o valsti. Nekad nav sl\u0113pusi \u2013 Latvija ir vi\u0146as m\u012b\u013c\u0101k\u0101 zeme uz pasaules, jo \u0161eit ir vi\u0146as m\u0101jas.<\/p>\n<p>P\u0113c p\u0113d\u0113j\u0101 laika p\u0101rmai\u0146\u0101m Amerikas politik\u0101, ar\u012b El\u012bna nesl\u0113pa \u2013 daudz kas ir main\u012bjies un vi\u0146a bija spiesta piel\u0101goties, t\u0101p\u0113c vilkme uz Latviju vi\u0146ai neb\u016bt nav mazin\u0101jusies, tom\u0113r, vai vi\u0146a var\u0113tu p\u0101rcelties \u0161urp atpaka\u013c?<\/p>\n<p>\u201cRudens vienm\u0113r ir bijis \u012bpa\u0161s laiks \u2013 taj\u0101 ir miers, tuk\u0161ums un reiz\u0113 ar\u012b iesp\u0113ja atgriezties pie sevis,\u201d tagad vi\u0146a saka. \u0160is jaunums vi\u0146ai atg\u0101dina, ka ar\u012b tad, kad tumsa uz br\u012bdi \u0161\u0137iet uzvaram gaismu, katram no mums ir iesp\u0113ja atrast savas maz\u0101s dzirkstis \u2013 siltums, miera un prieka mirk\u013cus, kas pal\u012bdz izdz\u012bvot un iedvesmo doties t\u0101l\u0101k.<\/p>\n<p><img loading=\"lazy\" decoding=\"async\" class=\"lazy lazy-hidden size-full wp-image-220721\" src=\"data:image\/gif;base64,R0lGODlhAQABAIAAAAAAAP\/\/\/yH5BAEAAAAALAAAAAABAAEAAAIBRAA7\" data-lazy-type=\"image\" data-lazy-src=\"https:\/\/www.europesays.com\/lv\/wp-content\/uploads\/2025\/11\/Ekranuznemums-2025-11-12-203102.jpg\" alt=\"\" width=\"818\" height=\"540\" data-lazy- data-lazy-\/>Publicit\u0101tes foto<\/p>\n<p>Kad rudens klusi piezogas ar v\u0113siem r\u012btiem, lietus smar\u017eu un arvien \u012bs\u0101k\u0101m dien\u0101m, DJ Ella klaus\u012bt\u0101jiem d\u0101v\u0101 dziesmu, kas aicina rast siltumu sev\u012b. Vi\u0146as jaun\u0101 kompoz\u012bcija \u201cAzot\u0113\u201d tapusi pavisam nesen \u2013 vien pirms p\u0101ris ned\u0113\u013c\u0101m m\u0101jas studij\u0101 R\u012bg\u0101 \u2013 un iemieso introspekt\u012bvu, rudenim rakstur\u012bgu noska\u0146u, kur\u0101 savijas miers, melanholija un gaismas mekl\u0113jumi tum\u0161\u0101kajos br\u012b\u017eos.<\/p>\n<p>\n&#13;<br \/>\n&#13;<br \/>\n&#13;<br \/>\n&#13;<br \/>\nVIDEO: &#13;<br \/>\n &#13;<\/p>\n<p>\u201cDziesma \u2018Azot\u0113\u2019 ir par to saj\u016btu, kas j\u0101mekl\u0113, lai atrastu savu gaismu un siltumu iek\u0161ien\u0113, kad \u0101r\u0101 valda pel\u0113c\u012bba un koku lapas jau ir nodzelt\u0113ju\u0161as,\u201d \u2013 vi\u0146a teic.<\/p>\n<p>Lasi v\u0113l:\u00a0<a style=\"color: #ff0000;\" href=\"https:\/\/dzentlmenis.lv\/sirrealas-sajutas-ko-soruden-9-latvijas-skaistakajas-dabas-vietas-vares-piedzivot-ikviens-video\/220593\/\" target=\"_blank\" rel=\"noopener nofollow\">Sirre\u0101las saj\u016btas, ko \u0161oruden 9 Latvijas skaist\u0101kaj\u0101s dabas viet\u0101s var\u0113s piedz\u012bvot ikviens (+ VIDEO)<\/a><\/p>\n<p>\u0160\u012b kompoz\u012bcija k\u013c\u016bs par da\u013cu no DJ Ellas tre\u0161\u0101 studijas albuma. T\u0101 ir pa\u0161as m\u0101kslinieces rakst\u012bta un produc\u0113ta kompoz\u012bcija, kas tapusi, iedvesmojoties no m\u016bsdienu elektronisk\u0101s m\u016bzikas meistariem Ben B\u00f6hmer, R\u00dcF\u00dcS DU SOL un ODESZA. Dziesmas skan\u0113jums ataino \u0161o m\u0101kslinieku est\u0113tiku \u2013 siltas elektronikas, emocion\u0101la dzi\u013cuma un gais\u012bgu ritmu apvienojumu, kas rada vienlaikus mier\u012bgu un dz\u012bv\u012bgu atmosf\u0113ru.<\/p>\n<p><img loading=\"lazy\" decoding=\"async\" class=\"lazy lazy-hidden size-full wp-image-220630\" src=\"data:image\/gif;base64,R0lGODlhAQABAIAAAAAAAP\/\/\/yH5BAEAAAAALAAAAAABAAEAAAIBRAA7\" data-lazy-type=\"image\" data-lazy-src=\"https:\/\/www.europesays.com\/lv\/wp-content\/uploads\/2025\/11\/Ekranuznemums-2025-11-12-182439.jpg\" alt=\"\" width=\"818\" height=\"547\" data-lazy- data-lazy-\/>Foto \u2013 ekr\u0101nuz\u0146\u0113mums<\/p>\n<p>Ar vieglu elektronisku skan\u0113jumu un maigi melanholisku melodiju \u201cAzot\u0113\u201d ienes Ellas dai\u013crad\u0113 jaunu niansi. T\u0101 ir dziesma, kas atkl\u0101j m\u0101kslinieces personisko, trauslo un reiz\u0113 sp\u0113c\u012bgo pusi \u2013 starp introspekciju un cer\u012bbu, starp tumsu un gaismu.<\/p>\n<p>DJ Ellas jaun\u0101 dziesma \u201cAzot\u0113\u201d, videoklips:<br \/><img decoding=\"async\" src=\"data:image\/gif;base64,R0lGODlhAQABAIAAAAAAAP\/\/\/yH5BAEAAAAALAAAAAABAAEAAAIBRAA7\" class=\"lazy lazy-hidden\" data-lazy-type=\"iframe\" data-lazy-src=\"&lt;iframe loading=&quot;lazy&quot; title=&quot;YouTube video player&quot; src=&quot;https:\/\/www.youtube.com\/embed\/3N-IAMHfV0o?si=YjkwLUScHXQ5jgg_&quot; width=&quot;560&quot; height=&quot;315&quot; frameborder=&quot;0&quot; allowfullscreen=&quot;allowfullscreen&quot;&gt;&lt;\/iframe&gt;\" alt=\"\"\/><\/p>\n","protected":false},"excerpt":{"rendered":"Publicit\u0101tes foto Dzied\u0101t\u0101ja un d\u012bd\u017eejs Ella, \u012bstaj\u0101 v\u0101rd\u0101 El\u012bna F\u016brmane, no Latvijas dev\u0101s prom pirms vair\u0101kiem gadiem \u2013&hellip;\n","protected":false},"author":2,"featured_media":47415,"comment_status":"","ping_status":"","sticky":false,"template":"","format":"standard","meta":{"footnotes":""},"categories":[19],"tags":[4791,4790,89,90,35,39,38,36,37,34,40],"class_list":{"0":"post-47414","1":"post","2":"type-post","3":"status-publish","4":"format-standard","5":"has-post-thumbnail","7":"category-izklaide","8":"tag-dj-ella","9":"tag-elina-furmane","10":"tag-entertainment","11":"tag-izklaide","12":"tag-latvia","13":"tag-latvian","14":"tag-latviesu","15":"tag-latviesu-valoda","16":"tag-latviesuvaloda","17":"tag-latvija","18":"tag-lv"},"share_on_mastodon":{"url":"https:\/\/pubeurope.com\/@lv\/115538339065347011","error":""},"_links":{"self":[{"href":"https:\/\/www.europesays.com\/lv\/wp-json\/wp\/v2\/posts\/47414","targetHints":{"allow":["GET"]}}],"collection":[{"href":"https:\/\/www.europesays.com\/lv\/wp-json\/wp\/v2\/posts"}],"about":[{"href":"https:\/\/www.europesays.com\/lv\/wp-json\/wp\/v2\/types\/post"}],"author":[{"embeddable":true,"href":"https:\/\/www.europesays.com\/lv\/wp-json\/wp\/v2\/users\/2"}],"replies":[{"embeddable":true,"href":"https:\/\/www.europesays.com\/lv\/wp-json\/wp\/v2\/comments?post=47414"}],"version-history":[{"count":0,"href":"https:\/\/www.europesays.com\/lv\/wp-json\/wp\/v2\/posts\/47414\/revisions"}],"wp:featuredmedia":[{"embeddable":true,"href":"https:\/\/www.europesays.com\/lv\/wp-json\/wp\/v2\/media\/47415"}],"wp:attachment":[{"href":"https:\/\/www.europesays.com\/lv\/wp-json\/wp\/v2\/media?parent=47414"}],"wp:term":[{"taxonomy":"category","embeddable":true,"href":"https:\/\/www.europesays.com\/lv\/wp-json\/wp\/v2\/categories?post=47414"},{"taxonomy":"post_tag","embeddable":true,"href":"https:\/\/www.europesays.com\/lv\/wp-json\/wp\/v2\/tags?post=47414"}],"curies":[{"name":"wp","href":"https:\/\/api.w.org\/{rel}","templated":true}]}}