{"id":47426,"date":"2025-11-12T19:27:07","date_gmt":"2025-11-12T19:27:07","guid":{"rendered":"https:\/\/www.europesays.com\/lv\/47426\/"},"modified":"2025-11-12T19:27:07","modified_gmt":"2025-11-12T19:27:07","slug":"vairaki-siguldas-novada-deputati-prasa-mera-vimbas-atbrivosanu-no-amata","status":"publish","type":"post","link":"https:\/\/www.europesays.com\/lv\/47426\/","title":{"rendered":"Vair\u0101ki Siguldas novada deput\u0101ti prasa m\u0113ra Vimbas atbr\u012bvo\u0161anu no amata"},"content":{"rendered":"<p>Dom\u0113 ir 19 deput\u0101ti, kas noz\u012bm\u0113, ka m\u0113ra atbr\u012bvo\u0161anai no amata balsu pietiek.<\/p>\n<p>Iesniegumu par neuztic\u012bbas izteik\u0161anu un Vimbas atbr\u012bvo\u0161anu no domes priek\u0161s\u0113d\u0113t\u0101ja amata parakst\u012bju\u0161i septi\u0146i Nacion\u0101l\u0101s apvien\u012bbas, Latvijas Re\u0123ionu apvien\u012bbas, Vidzemes partijas un Jaun\u0101s konservat\u012bv\u0101s partijas apvienot\u0101 saraksta deput\u0101ti &#8211; Sausi\u0146a, Ivo Alksnis, M\u0101rti\u0146\u0161 Z\u012bverts, Ance Kaimi\u0146a, Ivo Bernats, Maija P\u016bce un J\u0101nis Strautmanis, k\u0101 ar\u012b \u010detri Latvijas Zemnieku savien\u012bbas un Latvijas Za\u013c\u0101s partijas apvienot\u0101 saraksta deput\u0101ti &#8211; Linards Kumskis, kas ir domes priek\u0161s\u0113d\u0113t\u0101ja vietnieks, Solvita Strausa, Eva Vi\u013c\u0137ina un Zane Berdinska.<\/p>\n<p>A\u0123ent\u016brai LETA Sausi\u0146a pauda, ka iesniegums par neuztic\u012bbas izteik\u0161anu Vimbam un vi\u0146a atbr\u012bvo\u0161anu no domes priek\u0161s\u0113d\u0113t\u0101ja amata esot kole\u0123i\u0101ls l\u0113mums.<\/p>\n<p>K\u0101 galveno pamatojumu domes priek\u0161s\u0113d\u0113t\u0101ja atst\u0101din\u0101\u0161anai Sausi\u0146a min\u0113ja to, ka deput\u0101tiem arvien bie\u017e\u0101k n\u0101koties uzklaus\u012bt iedz\u012bvot\u0101ju neapmierin\u0101t\u012bbu par to, ka nenotiek pl\u0101not\u0101s lietas, piem\u0113ram, ielu remonti, procesi kopum\u0101 notiekot l\u0113ni un uz iedz\u012bvot\u0101ju iesniegumiem tiekot atbild\u0113ts nev\u0113r\u012bgi.<\/p>\n<p>M\u0113ra g\u0101z\u0113ji uzskata, ka domes priek\u0161s\u0113d\u0113t\u0101ja priorit\u0101tes \u0161obr\u012bd esot publisk\u0101 t\u0113la veido\u0161ana. &#8220;Diem\u017e\u0113l vi\u0146i neredz Vimbas interesi iedzi\u013cin\u0101ties pa\u0161vald\u012bbas liet\u0101s un l\u012bdz ar to par\u0101d\u0101s nekompetence,&#8221; pauda Sausi\u0146a.<\/p>\n","protected":false},"excerpt":{"rendered":"Dom\u0113 ir 19 deput\u0101ti, kas noz\u012bm\u0113, ka m\u0113ra atbr\u012bvo\u0161anai no amata balsu pietiek. Iesniegumu par neuztic\u012bbas izteik\u0161anu un&hellip;\n","protected":false},"author":2,"featured_media":47427,"comment_status":"","ping_status":"","sticky":false,"template":"","format":"standard","meta":{"footnotes":""},"categories":[12],"tags":[23,28,29,32,33,22,13121,30,31,35,39,38,36,37,34,40,20,26,27,24,25,21],"class_list":{"0":"post-47426","1":"post","2":"type-post","3":"status-publish","4":"format-standard","5":"has-post-thumbnail","7":"category-latvija","8":"tag-aktualitates","9":"tag-breaking-news","10":"tag-breakingnews","11":"tag-featured-news","12":"tag-featurednews","13":"tag-headlines","14":"tag-janis-vimba","15":"tag-latest-news","16":"tag-latestnews","17":"tag-latvia","18":"tag-latvian","19":"tag-latviesu","20":"tag-latviesu-valoda","21":"tag-latviesuvaloda","22":"tag-latvija","23":"tag-lv","24":"tag-news","25":"tag-popularakas-zinas","26":"tag-popularakaszinas","27":"tag-top-stories","28":"tag-topstories","29":"tag-zinas"},"share_on_mastodon":{"url":"https:\/\/pubeurope.com\/@lv\/115538378385233874","error":""},"_links":{"self":[{"href":"https:\/\/www.europesays.com\/lv\/wp-json\/wp\/v2\/posts\/47426","targetHints":{"allow":["GET"]}}],"collection":[{"href":"https:\/\/www.europesays.com\/lv\/wp-json\/wp\/v2\/posts"}],"about":[{"href":"https:\/\/www.europesays.com\/lv\/wp-json\/wp\/v2\/types\/post"}],"author":[{"embeddable":true,"href":"https:\/\/www.europesays.com\/lv\/wp-json\/wp\/v2\/users\/2"}],"replies":[{"embeddable":true,"href":"https:\/\/www.europesays.com\/lv\/wp-json\/wp\/v2\/comments?post=47426"}],"version-history":[{"count":0,"href":"https:\/\/www.europesays.com\/lv\/wp-json\/wp\/v2\/posts\/47426\/revisions"}],"wp:featuredmedia":[{"embeddable":true,"href":"https:\/\/www.europesays.com\/lv\/wp-json\/wp\/v2\/media\/47427"}],"wp:attachment":[{"href":"https:\/\/www.europesays.com\/lv\/wp-json\/wp\/v2\/media?parent=47426"}],"wp:term":[{"taxonomy":"category","embeddable":true,"href":"https:\/\/www.europesays.com\/lv\/wp-json\/wp\/v2\/categories?post=47426"},{"taxonomy":"post_tag","embeddable":true,"href":"https:\/\/www.europesays.com\/lv\/wp-json\/wp\/v2\/tags?post=47426"}],"curies":[{"name":"wp","href":"https:\/\/api.w.org\/{rel}","templated":true}]}}