{"id":47470,"date":"2025-11-12T20:01:09","date_gmt":"2025-11-12T20:01:09","guid":{"rendered":"https:\/\/www.europesays.com\/lv\/47470\/"},"modified":"2025-11-12T20:01:09","modified_gmt":"2025-11-12T20:01:09","slug":"foto-%e2%9f%a9-vef-riga-cempionu-liga-turpina-spelet-bez-uzvaram-tvnet-sports","status":"publish","type":"post","link":"https:\/\/www.europesays.com\/lv\/47470\/","title":{"rendered":"FOTO \u27e9 &quot;VEF R\u012bga&quot; \u010cempionu l\u012bg\u0101 turpina sp\u0113l\u0113t bez uzvar\u0101m &#8211; TVNET Sports"},"content":{"rendered":"<ol>\n<li><a href=\"https:\/\/news.google.com\/rss\/articles\/CBMijwFBVV95cUxQQTJkQXhRWlBlS2tNNENpZXZESWc4UjdrdnlvYTF3U0FXQmhuc1p4bVZ5eFlFR1BncFBtTFNFZzRUdVZUS0IxNHNKNnlJcGFza0lsVVNqeF83ZmZiaGs4SkFaUmhoYzd3eHVMX1RyTy1KTlZTSEJlZjlvRE83Rm90QzFTT2NVMHdkc2tHZjdMSQ?oc=5\" target=\"_blank\" rel=\"nofollow noopener\">FOTO \u27e9 &#8220;VEF R\u012bga&#8221; \u010cempionu l\u012bg\u0101 turpina sp\u0113l\u0113t bez uzvar\u0101m<\/a>&nbsp;&nbsp;TVNET Sports<\/li>\n<li><a href=\"https:\/\/news.google.com\/rss\/articles\/CBMinAFBVV95cUxQWmd6SEJEYUVrVm5kOWRiMGFoQU5GOU5zZ0FqYVphRE9zdHU3ajhJYS0ydWduNTEyQ0N3WVhwUXJpMjIxb1lxcnJUT1RHRFFZQWUyR0ZXckZKZ3N3TEhzeE1CbkZhcTRKWDFWeFBObVNuYWpWdG9pdkN2S0NYVy1hZjJSWWlZNGpLUl9YMy0teXN5aHlhYzdTVEJpb2o?oc=5\" target=\"_blank\" rel=\"nofollow noopener\">&#8220;VEF R\u012bga&#8221; izg\u0101\u017e tre\u0161o ceturtda\u013cu un cie\u0161 ceturto neveiksmi \u010cempionu l\u012bg\u0101 \u2013 Basketbols<\/a>&nbsp;&nbsp;Sportacentrs.com<\/li>\n<li><a href=\"https:\/\/news.google.com\/rss\/articles\/CBMi3wFBVV95cUxOaG1BTlJUaFh1MnlLSkJRa0k4WWlUSlI5ZGhFcDZIQlpCTlR1UTAwOVlkZEVtRkNYWE1NX25jT2lJOFh2WUllaXJScEFqVDVaWkVYR1NPZm53eFdSZkMyVzNKQ1RPRTQ4cXhnSDJQdlVWanVSYkNsakFIa1lZTnQ5MG1yNkJzREFLY0pEZXhHR2d3SXY2N005MjV6X1VBblBkLTVaaXdWV2o3Q3F4TTh6RHNpZnRQdXp1WDZHUEZ0aXpPQ0JmeVJIb1lpQTVXemM2b29SU0lOS2tGY1pEbFE4?oc=5\" target=\"_blank\" rel=\"nofollow noopener\">&#8220;VEF R\u012bga&#8221; p\u0113c laba pirm\u0101 puslaika sa\u0146em p\u0113rienu FIBA \u010cempionu l\u012bg\u0101, teju zaud\u0113jot izredzes<\/a>&nbsp;&nbsp;Delfi<\/li>\n<li><a href=\"https:\/\/news.google.com\/rss\/articles\/CBMiqwFBVV95cUxOczluSTBKY0FERXVzUVlaSUFWUFdtN044OVpmSXRPeHQtSHFHZ3RsWmpXZnF4Q0ZhRkg4aUIwUzhSLTAxZG9VOFRnTThBUWQwOVdvbmk0VGJWYmZ5RUlRcEZZY1BlNlZVekFlRVo0T1c3Q2J5S1VtcjVEazZEM05oNGpoMnpFcTFmOHlHM0ZUbHcxLU5YLWFiTWJud1JLRGphZmswazNUUFFEckXSAbABQVVfeXFMT01oMkI2Ti03VTBib2NuTFB2STZ1eVVZd3JabGpZYWlrZ2pVamtNSUpKRHJTQXc4bEk0aHUtOTdERjBpNDBZS0V6MWREUnBpdVZwMFlBZEN5TkFRT3FIWURsMVluMFRCWm52cDBLamZ6NWtwRFVkbHRDVm54STdEaE5xTVNJUUZ5elpJdVdmdzU0dkZmMWQ5RWxvMnhQRGIxc2JSWlRsX0xjZXRfeF9HQ1I?oc=5\" target=\"_blank\" rel=\"nofollow noopener\">\u00abVEF R\u012bga\u00bb FIBA \u010cempionu l\u012bgas sp\u0113l\u0113 viesosies pie At\u0113nu AEK<\/a>&nbsp;&nbsp;bb.lv<\/li>\n<li><a href=\"https:\/\/news.google.com\/rss\/articles\/CBMi5gFBVV95cUxPbmpDazlqTzhIeU5haUtYRFFyalh3SzNrUEdFTlBGN1E5SjBEdnQyS2lJXzlVRGVHTTZCRDJMRl9nN081SUR2WU9aNkRTdEE3ZHNXaHdXRzVkVHpUaEc0bzYxQzV1NXczMTlCSTBDVE45bFc0Vi1sZXZ6cU9QNF9BcTBWNzVJMkl1YXRPRGtfY19nc3QtQ1J1TnIzMXRpb0x3OVJ5UXQzci1lTG5BSkE3Q29RbXZrZHNFU2RsT0hvc3BIVGwxTXhvSjFFS3RnNUk1ZGNGMHlqQm9Qdmx2ODlfdGg4T0hfdw?oc=5\" target=\"_blank\" rel=\"nofollow noopener\">P\u0113c Slov\u0101kijas \u010dempiones otr\u0101s uzvaras VEF pirms due\u013ca pret sp\u0113c\u012bgo At\u0113nu AEK nepateic\u012bg\u0101 situ\u0101cij\u0101 \u010cempionu l\u012bg\u0101<\/a>&nbsp;&nbsp;Jauns.lv<\/li>\n<\/ol>\n","protected":false},"excerpt":{"rendered":"FOTO \u27e9 &#8220;VEF R\u012bga&#8221; \u010cempionu l\u012bg\u0101 turpina sp\u0113l\u0113t bez uzvar\u0101m&nbsp;&nbsp;TVNET Sports &#8220;VEF R\u012bga&#8221; izg\u0101\u017e tre\u0161o ceturtda\u013cu un cie\u0161&hellip;\n","protected":false},"author":2,"featured_media":47471,"comment_status":"","ping_status":"","sticky":false,"template":"","format":"standard","meta":{"footnotes":""},"categories":[17],"tags":[4430,2480,35,39,38,36,37,34,40,67,1618],"class_list":{"0":"post-47470","1":"post","2":"type-post","3":"status-publish","4":"format-standard","5":"has-post-thumbnail","7":"category-sports","8":"tag-dairis-bertans","9":"tag-fiba-cempionu-liga","10":"tag-latvia","11":"tag-latvian","12":"tag-latviesu","13":"tag-latviesu-valoda","14":"tag-latviesuvaloda","15":"tag-latvija","16":"tag-lv","17":"tag-sports","18":"tag-vef-riga"},"share_on_mastodon":{"url":"https:\/\/pubeurope.com\/@lv\/115538512009759748","error":""},"_links":{"self":[{"href":"https:\/\/www.europesays.com\/lv\/wp-json\/wp\/v2\/posts\/47470","targetHints":{"allow":["GET"]}}],"collection":[{"href":"https:\/\/www.europesays.com\/lv\/wp-json\/wp\/v2\/posts"}],"about":[{"href":"https:\/\/www.europesays.com\/lv\/wp-json\/wp\/v2\/types\/post"}],"author":[{"embeddable":true,"href":"https:\/\/www.europesays.com\/lv\/wp-json\/wp\/v2\/users\/2"}],"replies":[{"embeddable":true,"href":"https:\/\/www.europesays.com\/lv\/wp-json\/wp\/v2\/comments?post=47470"}],"version-history":[{"count":0,"href":"https:\/\/www.europesays.com\/lv\/wp-json\/wp\/v2\/posts\/47470\/revisions"}],"wp:featuredmedia":[{"embeddable":true,"href":"https:\/\/www.europesays.com\/lv\/wp-json\/wp\/v2\/media\/47471"}],"wp:attachment":[{"href":"https:\/\/www.europesays.com\/lv\/wp-json\/wp\/v2\/media?parent=47470"}],"wp:term":[{"taxonomy":"category","embeddable":true,"href":"https:\/\/www.europesays.com\/lv\/wp-json\/wp\/v2\/categories?post=47470"},{"taxonomy":"post_tag","embeddable":true,"href":"https:\/\/www.europesays.com\/lv\/wp-json\/wp\/v2\/tags?post=47470"}],"curies":[{"name":"wp","href":"https:\/\/api.w.org\/{rel}","templated":true}]}}