{"id":47517,"date":"2025-11-12T21:21:08","date_gmt":"2025-11-12T21:21:08","guid":{"rendered":"https:\/\/www.europesays.com\/lv\/47517\/"},"modified":"2025-11-12T21:21:08","modified_gmt":"2025-11-12T21:21:08","slug":"peru-notikusi-tragedija-autobusam-iegazoties-aiza-vairaki-desmiti-bojagajuso-2","status":"publish","type":"post","link":"https:\/\/www.europesays.com\/lv\/47517\/","title":{"rendered":"Peru notikusi tra\u0123\u0113dija \u2013 autobusam ieg\u0101\u017eoties aiz\u0101, vair\u0101ki desmiti boj\u0101g\u0101ju\u0161o"},"content":{"rendered":"<p>Peru dienvidos tre\u0161dien aiz\u0101 ieg\u0101\u017eoties autobusam, dz\u012bv\u012bbu zaud\u0113ju\u0161i 37 cilv\u0113ki, bet 13 ievainoti, pav\u0113st\u012bja varasiest\u0101des.<\/p>\n<p>Autobuss saskr\u0113jies ar pikapu un l\u012bkum\u0101 ieg\u0101zies aiz\u0101, kr\u012btot vair\u0101k nek\u0101 200 metru, sac\u012bja Arekipas re\u0123iona vesel\u012bbas amatpersona Valters Oporto.<\/p>\n<p>Autobuss bija ce\u013c\u0101 no \u010calas uz Arekipu.<\/p>\n<p>Ce\u013cu satiksmes negad\u012bjumi Peru nav retums, daudzos ir boj\u0101g\u0101ju\u0161ie.<\/p>\n<p>P\u0113rn ce\u013cu satiksmes negad\u012bjumos Peru dz\u012bv\u012bbu zaud\u0113ja 3173 cilv\u0113ki, liecina ofici\u0101l\u0101s apl\u0113ses.<\/p>\n<p><a target=\"_blank\" href=\"https:\/\/twitter.com\/PolymarketIntel\/status\/1988616087177490784\" rel=\"nofollow noopener\">https:\/\/twitter.com\/PolymarketIntel\/status\/1988616087177490784<\/a><\/p>\n<p><script async src=\"https:\/\/platform.twitter.com\/widgets.js\" charset=\"utf-8\"><\/script><\/p>\n","protected":false},"excerpt":{"rendered":"Peru dienvidos tre\u0161dien aiz\u0101 ieg\u0101\u017eoties autobusam, dz\u012bv\u012bbu zaud\u0113ju\u0161i 37 cilv\u0113ki, bet 13 ievainoti, pav\u0113st\u012bja varasiest\u0101des. Autobuss saskr\u0113jies ar&hellip;\n","protected":false},"author":2,"featured_media":47494,"comment_status":"","ping_status":"","sticky":false,"template":"","format":"standard","meta":{"footnotes":""},"categories":[14],"tags":[129,6039,23,57,28,29,32,33,22,30,31,35,39,38,36,37,34,40,20,26,27,6040,6041,24,25,54,55,56,21,58],"class_list":{"0":"post-47517","1":"post","2":"type-post","3":"status-publish","4":"format-standard","5":"has-post-thumbnail","7":"category-zinas-no-arvalstim","8":"tag-__typenameadvicekeyword","9":"tag-id1889","10":"tag-aktualitates","11":"tag-arvalstim","12":"tag-breaking-news","13":"tag-breakingnews","14":"tag-featured-news","15":"tag-featurednews","16":"tag-headlines","17":"tag-latest-news","18":"tag-latestnews","19":"tag-latvia","20":"tag-latvian","21":"tag-latviesu","22":"tag-latviesu-valoda","23":"tag-latviesuvaloda","24":"tag-latvija","25":"tag-lv","26":"tag-news","27":"tag-popularakas-zinas","28":"tag-popularakaszinas","29":"tag-slugtragedija","30":"tag-titletragedija","31":"tag-top-stories","32":"tag-topstories","33":"tag-world","34":"tag-world-news","35":"tag-worldnews","36":"tag-zinas","37":"tag-zinas-no-arvalstim"},"share_on_mastodon":{"url":"https:\/\/pubeurope.com\/@lv\/115538826809608351","error":""},"_links":{"self":[{"href":"https:\/\/www.europesays.com\/lv\/wp-json\/wp\/v2\/posts\/47517","targetHints":{"allow":["GET"]}}],"collection":[{"href":"https:\/\/www.europesays.com\/lv\/wp-json\/wp\/v2\/posts"}],"about":[{"href":"https:\/\/www.europesays.com\/lv\/wp-json\/wp\/v2\/types\/post"}],"author":[{"embeddable":true,"href":"https:\/\/www.europesays.com\/lv\/wp-json\/wp\/v2\/users\/2"}],"replies":[{"embeddable":true,"href":"https:\/\/www.europesays.com\/lv\/wp-json\/wp\/v2\/comments?post=47517"}],"version-history":[{"count":0,"href":"https:\/\/www.europesays.com\/lv\/wp-json\/wp\/v2\/posts\/47517\/revisions"}],"wp:featuredmedia":[{"embeddable":true,"href":"https:\/\/www.europesays.com\/lv\/wp-json\/wp\/v2\/media\/47494"}],"wp:attachment":[{"href":"https:\/\/www.europesays.com\/lv\/wp-json\/wp\/v2\/media?parent=47517"}],"wp:term":[{"taxonomy":"category","embeddable":true,"href":"https:\/\/www.europesays.com\/lv\/wp-json\/wp\/v2\/categories?post=47517"},{"taxonomy":"post_tag","embeddable":true,"href":"https:\/\/www.europesays.com\/lv\/wp-json\/wp\/v2\/tags?post=47517"}],"curies":[{"name":"wp","href":"https:\/\/api.w.org\/{rel}","templated":true}]}}