{"id":47620,"date":"2025-11-13T01:47:08","date_gmt":"2025-11-13T01:47:08","guid":{"rendered":"https:\/\/www.europesays.com\/lv\/47620\/"},"modified":"2025-11-13T01:47:08","modified_gmt":"2025-11-13T01:47:08","slug":"intervija-%e2%9f%a9-sajutu-arhitekte-ulrika-un-vinas-dizaina-ambulance","status":"publish","type":"post","link":"https:\/\/www.europesays.com\/lv\/47620\/","title":{"rendered":"INTERVIJA \u27e9 Saj\u016btu arhitekte Ulrika un vi\u0146as &#8220;Dizaina ambulance&#8221;"},"content":{"rendered":"<p>S\u0113\u017eu smar\u017e\u012bg\u0101, ziedu ieskaut\u0101 pasaul\u0113, kur gais\u0101 virmo maiga r\u012bta gaisma un skan fran\u010du m\u016bzika. Telpu piepilda pasakai l\u012bdz\u012bga noska\u0146a \u2014 te katrs st\u016br\u012btis elpo skaistumu. Ap mani \u2014 neskait\u0101mas fig\u016bri\u0146as, antikvari\u0101ta m\u0113beles, romantiskas gleznas un kr\u0101\u0161\u0146i dekori, kas it k\u0101 \u0161\u0137ietami nejau\u0161i, bet perfekti saskan sav\u0101 starp\u0101. Uz letes tiek izk\u0101rtotas k\u016bkas \u2014 tik k\u0101rdino\u0161i greznas, ka \u0161\u0137iet, t\u0101s tapu\u0161as karaliskai t\u0113jai Bakingemas pil\u012b. Man\u0101 porcel\u0101na tas\u012bt\u0113 k\u016bp arom\u0101tiska kafija, bet degunu lutina reibino\u0161\u0101 britu d\u0101rza roze. Laiks te rit cit\u0101di \u2014 l\u0113n\u0101k, maig\u0101k, ar st\u0101stu katr\u0101 elpas vilcien\u0101. Kur es esmu? Ciemos pie \u0161armant\u0101s sv\u0113tku burves Ulrikas \u0160ulcas-A\u0161eradenas, vi\u0146as br\u012bnumainaj\u0101 lolojum\u0101 \u2014 &#8220;Dizaina ambulanc\u0113&#8221;.<\/p>\n","protected":false},"excerpt":{"rendered":"S\u0113\u017eu smar\u017e\u012bg\u0101, ziedu ieskaut\u0101 pasaul\u0113, kur gais\u0101 virmo maiga r\u012bta gaisma un skan fran\u010du m\u016bzika. Telpu piepilda pasakai&hellip;\n","protected":false},"author":2,"featured_media":47621,"comment_status":"","ping_status":"","sticky":false,"template":"","format":"standard","meta":{"footnotes":""},"categories":[19],"tags":[89,237,90,35,39,38,36,37,34,40,8125],"class_list":{"0":"post-47620","1":"post","2":"type-post","3":"status-publish","4":"format-standard","5":"has-post-thumbnail","7":"category-izklaide","8":"tag-entertainment","9":"tag-intervija","10":"tag-izklaide","11":"tag-latvia","12":"tag-latvian","13":"tag-latviesu","14":"tag-latviesu-valoda","15":"tag-latviesuvaloda","16":"tag-latvija","17":"tag-lv","18":"tag-tvnet-egoiste"},"share_on_mastodon":{"url":"https:\/\/pubeurope.com\/@lv\/115539872545030646","error":""},"_links":{"self":[{"href":"https:\/\/www.europesays.com\/lv\/wp-json\/wp\/v2\/posts\/47620","targetHints":{"allow":["GET"]}}],"collection":[{"href":"https:\/\/www.europesays.com\/lv\/wp-json\/wp\/v2\/posts"}],"about":[{"href":"https:\/\/www.europesays.com\/lv\/wp-json\/wp\/v2\/types\/post"}],"author":[{"embeddable":true,"href":"https:\/\/www.europesays.com\/lv\/wp-json\/wp\/v2\/users\/2"}],"replies":[{"embeddable":true,"href":"https:\/\/www.europesays.com\/lv\/wp-json\/wp\/v2\/comments?post=47620"}],"version-history":[{"count":0,"href":"https:\/\/www.europesays.com\/lv\/wp-json\/wp\/v2\/posts\/47620\/revisions"}],"wp:featuredmedia":[{"embeddable":true,"href":"https:\/\/www.europesays.com\/lv\/wp-json\/wp\/v2\/media\/47621"}],"wp:attachment":[{"href":"https:\/\/www.europesays.com\/lv\/wp-json\/wp\/v2\/media?parent=47620"}],"wp:term":[{"taxonomy":"category","embeddable":true,"href":"https:\/\/www.europesays.com\/lv\/wp-json\/wp\/v2\/categories?post=47620"},{"taxonomy":"post_tag","embeddable":true,"href":"https:\/\/www.europesays.com\/lv\/wp-json\/wp\/v2\/tags?post=47620"}],"curies":[{"name":"wp","href":"https:\/\/api.w.org\/{rel}","templated":true}]}}