{"id":47628,"date":"2025-11-13T02:00:28","date_gmt":"2025-11-13T02:00:28","guid":{"rendered":"https:\/\/www.europesays.com\/lv\/47628\/"},"modified":"2025-11-13T02:00:28","modified_gmt":"2025-11-13T02:00:28","slug":"lando-noriss-izcina-parsteidzosu-pole-position-sanpaulu-grand-prix-kvalifikacija-lente-lv","status":"publish","type":"post","link":"https:\/\/www.europesays.com\/lv\/47628\/","title":{"rendered":"Lando Noriss izc\u012bna p\u0101rsteidzo\u0161u &#8220;pole position&#8221; Sanpaulu &#8220;Grand Prix&#8221; kvalifik\u0101cij\u0101\u00a0\u2014\u00a0Lente.lv"},"content":{"rendered":"<p>Noriss p\u0101rsteidz ar uzvaru Sanpaulu GP kvalifik\u0101cij\u0101<\/p>\n<p>McLaren komandas talant\u012bgais brauc\u0113js Lando Noriss ir izc\u012bn\u012bjis sensacion\u0101lu pirmo starta vietu gaid\u0101maj\u0101 Sanpaulu Grand Prix izc\u012b\u0146\u0101 Formula 1 pasaules \u010dempion\u0101t\u0101. \u0160is sasniegums ir \u012bpa\u0161i noz\u012bm\u012bgs, jo Noriss uzr\u0101d\u012bja neticami \u0101tru apli sacens\u012bbu iz\u0161\u0137iro\u0161aj\u0101 kvalifik\u0101cijas f\u0101z\u0113, p\u0101rsp\u0113jot konkurentus un nodro\u0161inot sev izcilu poz\u012bciju start\u0101.<\/p>\n<p>Neatmaks\u0101jusies Verstapena k\u013c\u016bda<\/p>\n<p>Savuk\u0101rt trisk\u0101rt\u0113jais pasaules \u010dempions Makss Verstapens no Red Bull vien\u012bbas piedz\u012bvoja negaid\u012btu izg\u0101\u0161anos, nesp\u0113jot pat p\u0101rvar\u0113t kvalifik\u0101cijas pirmo k\u0101rtu. \u0160is rezult\u0101ts ir liels p\u0101rsteigums, \u0146emot v\u0113r\u0101 Verstapena dominanci iepriek\u0161\u0113j\u0101s sezon\u0101s un \u0161aj\u0101. Vi\u0146a izst\u0101\u0161an\u0101s no kvalifik\u0101cijas noz\u012bm\u0113, ka vi\u0146am b\u016bs j\u0101start\u0113 no \u013coti zemas poz\u012bcijas, kas rad\u012bs milz\u012bgu izaicin\u0101jumu c\u012b\u0146\u0101 par punktiem un uzvaru.<\/p>\n<p>McLaren komandas pan\u0101kumi<\/p>\n<p>Norisa komandas biedrs Oskars Piastri \u0161oreiz ierindoj\u0101s ceturtaj\u0101 viet\u0101, apliecinot McLaren komandas sp\u0113c\u012bgo sniegumu \u0161aj\u0101 posm\u0101. Lai gan Piastri nesp\u0113ja sasniegt Norisa l\u012bmeni, vi\u0146a ceturt\u0101 poz\u012bcija liecina par tehnisko uzlabojumu efektivit\u0101ti un komandas kop\u0113jo progresu. \u0160is ir lielisks sign\u0101ls McLaren faniem, kuri ilgojas p\u0113c atgrie\u0161an\u0101s uzvar\u0113t\u0101ju tron\u012b.<\/p>\n<p>Sacens\u012bbu intriga<\/p>\n<p>Ar Verstapena neveiksmi un Norisa sensacion\u0101lo pole position, gaid\u0101m\u0101s sacens\u012bbas sola neprognoz\u0113jamu un aizraujo\u0161u izr\u0101di. Braz\u012blijas GP ir paz\u012bstams ar sav\u0101m neordin\u0101raj\u0101m tras\u0113m un bie\u017eajiem p\u0101rsteigumiem, t\u0101p\u0113c sv\u0113tdien paredzamaj\u0101 notikum\u0101 viss ir iesp\u0113jams. Sacens\u012bbu s\u0101kums plkst. 19:00 p\u0113c Latvijas laika sola daudz adrenal\u012bna un neaizmirstamu mirk\u013cu autosporta cien\u012bt\u0101jiem vis\u0101 pasaul\u0113.<\/p>\n","protected":false},"excerpt":{"rendered":"Noriss p\u0101rsteidz ar uzvaru Sanpaulu GP kvalifik\u0101cij\u0101 McLaren komandas talant\u012bgais brauc\u0113js Lando Noriss ir izc\u012bn\u012bjis sensacion\u0101lu pirmo starta&hellip;\n","protected":false},"author":2,"featured_media":47629,"comment_status":"","ping_status":"","sticky":false,"template":"","format":"standard","meta":{"footnotes":""},"categories":[17],"tags":[2467,2317,7283,35,39,38,36,37,34,40,2358,13179,67],"class_list":{"0":"post-47628","1":"post","2":"type-post","3":"status-publish","4":"format-standard","5":"has-post-thumbnail","7":"category-sports","8":"tag-formula-1","9":"tag-kvalifikacija","10":"tag-lando-noriss","11":"tag-latvia","12":"tag-latvian","13":"tag-latviesu","14":"tag-latviesu-valoda","15":"tag-latviesuvaloda","16":"tag-latvija","17":"tag-lv","18":"tag-makss-verstapens","19":"tag-sanpaulu-gp","20":"tag-sports"},"share_on_mastodon":{"url":"https:\/\/pubeurope.com\/@lv\/115539923634323445","error":""},"_links":{"self":[{"href":"https:\/\/www.europesays.com\/lv\/wp-json\/wp\/v2\/posts\/47628","targetHints":{"allow":["GET"]}}],"collection":[{"href":"https:\/\/www.europesays.com\/lv\/wp-json\/wp\/v2\/posts"}],"about":[{"href":"https:\/\/www.europesays.com\/lv\/wp-json\/wp\/v2\/types\/post"}],"author":[{"embeddable":true,"href":"https:\/\/www.europesays.com\/lv\/wp-json\/wp\/v2\/users\/2"}],"replies":[{"embeddable":true,"href":"https:\/\/www.europesays.com\/lv\/wp-json\/wp\/v2\/comments?post=47628"}],"version-history":[{"count":0,"href":"https:\/\/www.europesays.com\/lv\/wp-json\/wp\/v2\/posts\/47628\/revisions"}],"wp:featuredmedia":[{"embeddable":true,"href":"https:\/\/www.europesays.com\/lv\/wp-json\/wp\/v2\/media\/47629"}],"wp:attachment":[{"href":"https:\/\/www.europesays.com\/lv\/wp-json\/wp\/v2\/media?parent=47628"}],"wp:term":[{"taxonomy":"category","embeddable":true,"href":"https:\/\/www.europesays.com\/lv\/wp-json\/wp\/v2\/categories?post=47628"},{"taxonomy":"post_tag","embeddable":true,"href":"https:\/\/www.europesays.com\/lv\/wp-json\/wp\/v2\/tags?post=47628"}],"curies":[{"name":"wp","href":"https:\/\/api.w.org\/{rel}","templated":true}]}}