{"id":47630,"date":"2025-11-13T02:04:08","date_gmt":"2025-11-13T02:04:08","guid":{"rendered":"https:\/\/www.europesays.com\/lv\/47630\/"},"modified":"2025-11-13T02:04:08","modified_gmt":"2025-11-13T02:04:08","slug":"valsts-digitalas-attistibas-agentura-jauns-direktors-valdis-pusvacietis-lente-lv","status":"publish","type":"post","link":"https:\/\/www.europesays.com\/lv\/47630\/","title":{"rendered":"Valsts digit\u0101l\u0101s att\u012bst\u012bbas a\u0123ent\u016br\u0101 jauns direktors \u2013 Valdis Pusv\u0101cietis\u00a0\u2014\u00a0Lente.lv"},"content":{"rendered":"<p>Jauns direktors Valsts digit\u0101l\u0101s att\u012bst\u012bbas a\u0123ent\u016br\u0101 (VDAA)<\/p>\n<p>No \u0161odienas, 2025. gada 12. novembra, Valsts digit\u0101l\u0101s att\u012bst\u012bbas a\u0123ent\u016bras (VDAA) vad\u012bt\u0101ja god\u0101 iecelts l\u012bdz\u0161in\u0113jais a\u0123ent\u016bras direktora vietnieks Valdis Pusv\u0101cietis. \u0160is notikums ir z\u012bm\u012bgs br\u012bdis VDAA att\u012bst\u012bbas ce\u013c\u0101, cerot uz stipr\u0101kiem pamatiem digit\u0101l\u0101s p\u0101rvaldes jom\u0101 un efekt\u012bv\u0101ku pakalpojumu snieg\u0161anu sabiedr\u012bbai.<\/p>\n<p>Pusv\u0101cie\u0161a ce\u013c\u0161 uz direktora amatu<\/p>\n<p>Valdis Pusv\u0101cietis nav sve\u0161inieks VDAA. Savu darb\u012bbu a\u0123ent\u016br\u0101 vi\u0146\u0161 uzs\u0101ka \u0161\u012b gada mart\u0101, ie\u0146emot direktora vietnieka amatu att\u012bst\u012bbas un pakalpojumu p\u0101rvald\u012bbas jaut\u0101jumos. Vi\u0146a profesion\u0101l\u0101 pieredze ir pla\u0161a un daudzpus\u012bga, sniedzoties no Valsts prob\u0101cijas dienesta, kur vi\u0146\u0161 ie\u0146\u0113mis vair\u0101kus noz\u012bm\u012bgus vad\u012bt\u0101ja amatus, l\u012bdz pat Tieslietu ministrijai, kur desmit gadu garum\u0101 apliecin\u0101jis sp\u0113ju vad\u012bt un \u012bstenot sare\u017e\u0123\u012btus projektus. Pusv\u0101cie\u0161a kompetence aptver finan\u0161u anal\u012bzi, pl\u0101no\u0161anu un strat\u0113\u0123isk\u0101s vad\u012bbas procesu inform\u0101cijas sist\u0113mu un infrastrukt\u016bras att\u012bst\u012bbu, kas ir b\u016btiskas prasmes digit\u0101l\u0101s p\u0101rvaldes moderniz\u0101cijai.<\/p>\n<p>Vi\u0146a izgl\u012bt\u012bba, ko papildina otr\u0101 l\u012bme\u0146a augst\u0101k\u0101 profesion\u0101l\u0101 izgl\u012bt\u012bba ekonomista specialit\u0101t\u0113 no R\u012bgas Tehnisk\u0101s universit\u0101tes, k\u0101 ar\u012b gr\u0101matved\u012bbas un nodok\u013cu speci\u0101lista zin\u0101\u0161anas, apliecina vi\u0146a profesion\u0101lo sagatavot\u012bbu. Pusv\u0101cie\u0161a ap\u0146em\u0161an\u0101s nep\u0101rtraukti pilnveidot savas prasmes da\u017e\u0101dos kursos liecina par entuziasmu un gatav\u012bbu st\u0101ties pret\u012b jaunajiem izaicin\u0101jumiem.<\/p>\n<p>Iepriek\u0161\u0113j\u0101s vad\u012bbas izaicin\u0101jumi<\/p>\n<p>VDAA vad\u012bt\u0101ja amats k\u013cuva vakants p\u0113c tam, kad iepriek\u0161\u0113jais direktors Jorens Liopa tika pazemin\u0101ts amat\u0101 saist\u012bb\u0101 ar probl\u0113m\u0101m pa\u0161vald\u012bbu v\u0113l\u0113\u0161anu IT procesu organiz\u0113\u0161an\u0101. Lai gan Liopam tika izveidots jauns amats Dabas aizsardz\u012bbas p\u0101rvald\u0113, VDAA vad\u012bba tagad uztic\u0113ta profesion\u0101lim ar dzi\u013cu izpratni par digit\u0101lo vidi un att\u012bst\u012bbas procesiem, cerot uz stabil\u0101ku un dro\u0161\u0101ku n\u0101kotni.<\/p>\n<p>\u0160\u012bs p\u0101rmai\u0146as notiek laik\u0101, kad digit\u0101l\u0101 transform\u0101cija ir viens no valsts att\u012bst\u012bbas st\u016brakme\u0146iem. Valsts digit\u0101l\u0101s att\u012bst\u012bbas a\u0123ent\u016bra sp\u0113l\u0113 vit\u0101lu lomu, nodro\u0161inot e-p\u0101rvaldes att\u012bst\u012bbu, Eiropas Savien\u012bbas fondu apg\u016b\u0161anu un digit\u0101l\u0101s infrastrukt\u016bras veido\u0161anu. T\u0101p\u0113c ir \u012bpa\u0161i svar\u012bgi, lai t\u0101s vad\u012bb\u0101 st\u0101v\u0113tu kompetenta un zino\u0161a persona, kas sp\u0113j virz\u012bt a\u0123ent\u016bru uz sasniegumiem un inov\u0101cij\u0101m.<\/p>\n<p>N\u0101kotnes perspekt\u012bvas<\/p>\n<p>Ar Valda Pusv\u0101cie\u0161a iecel\u0161anu amat\u0101 tiek likts jauns akcents uz VDAA turpm\u0101ko darb\u012bbu. Vi\u0146a pieredze un profesion\u0101l\u0101 izaugsme sola stiprin\u0101t a\u0123ent\u016bras pamatus un nodro\u0161in\u0101t efekt\u012bv\u0101ku pakalpojumu snieg\u0161anu iedz\u012bvot\u0101jiem. Cerams, ka jaunais direktors sp\u0113s veiksm\u012bgi p\u0101rvar\u0113t iepriek\u0161\u0113jos izaicin\u0101jumus un vad\u012bs VDAA uz jauniem pan\u0101kumiem digit\u0101l\u0101s transform\u0101cijas ce\u013c\u0101, stiprinot uztic\u012bbu valsts digit\u0101lajiem pakalpojumiem un veicinot modernas, efekt\u012bvas un pieejamas valsts p\u0101rvaldes att\u012bst\u012bbu Latvij\u0101.<\/p>\n","protected":false},"excerpt":{"rendered":"Jauns direktors Valsts digit\u0101l\u0101s att\u012bst\u012bbas a\u0123ent\u016br\u0101 (VDAA) No \u0161odienas, 2025. gada 12. novembra, Valsts digit\u0101l\u0101s att\u012bst\u012bbas a\u0123ent\u016bras (VDAA)&hellip;\n","protected":false},"author":2,"featured_media":47631,"comment_status":"","ping_status":"","sticky":false,"template":"","format":"standard","meta":{"footnotes":""},"categories":[5],"tags":[23,28,29,13182,32,33,22,13181,30,31,35,39,38,36,37,34,40,20,26,27,24,25,13180,13045,13044,21],"class_list":{"0":"post-47630","1":"post","2":"type-post","3":"status-publish","4":"format-standard","5":"has-post-thumbnail","7":"category-aktualitates","8":"tag-aktualitates","9":"tag-breaking-news","10":"tag-breakingnews","11":"tag-digitala-parvalde","12":"tag-featured-news","13":"tag-featurednews","14":"tag-headlines","15":"tag-jauns-direktors","16":"tag-latest-news","17":"tag-latestnews","18":"tag-latvia","19":"tag-latvian","20":"tag-latviesu","21":"tag-latviesu-valoda","22":"tag-latviesuvaloda","23":"tag-latvija","24":"tag-lv","25":"tag-news","26":"tag-popularakas-zinas","27":"tag-popularakaszinas","28":"tag-top-stories","29":"tag-topstories","30":"tag-valdis-pusvacietis","31":"tag-valsts-digitalas-attistibas-agentura","32":"tag-vdaa","33":"tag-zinas"},"share_on_mastodon":{"url":"https:\/\/pubeurope.com\/@lv\/115539939448515132","error":""},"_links":{"self":[{"href":"https:\/\/www.europesays.com\/lv\/wp-json\/wp\/v2\/posts\/47630","targetHints":{"allow":["GET"]}}],"collection":[{"href":"https:\/\/www.europesays.com\/lv\/wp-json\/wp\/v2\/posts"}],"about":[{"href":"https:\/\/www.europesays.com\/lv\/wp-json\/wp\/v2\/types\/post"}],"author":[{"embeddable":true,"href":"https:\/\/www.europesays.com\/lv\/wp-json\/wp\/v2\/users\/2"}],"replies":[{"embeddable":true,"href":"https:\/\/www.europesays.com\/lv\/wp-json\/wp\/v2\/comments?post=47630"}],"version-history":[{"count":0,"href":"https:\/\/www.europesays.com\/lv\/wp-json\/wp\/v2\/posts\/47630\/revisions"}],"wp:featuredmedia":[{"embeddable":true,"href":"https:\/\/www.europesays.com\/lv\/wp-json\/wp\/v2\/media\/47631"}],"wp:attachment":[{"href":"https:\/\/www.europesays.com\/lv\/wp-json\/wp\/v2\/media?parent=47630"}],"wp:term":[{"taxonomy":"category","embeddable":true,"href":"https:\/\/www.europesays.com\/lv\/wp-json\/wp\/v2\/categories?post=47630"},{"taxonomy":"post_tag","embeddable":true,"href":"https:\/\/www.europesays.com\/lv\/wp-json\/wp\/v2\/tags?post=47630"}],"curies":[{"name":"wp","href":"https:\/\/api.w.org\/{rel}","templated":true}]}}