{"id":47661,"date":"2025-11-13T03:08:19","date_gmt":"2025-11-13T03:08:19","guid":{"rendered":"https:\/\/www.europesays.com\/lv\/47661\/"},"modified":"2025-11-13T03:08:19","modified_gmt":"2025-11-13T03:08:19","slug":"kontrabandas-balonu-del-nakti-tris-lidmasinas-no-vilnas-novirzitas-uz-kaunu-un-rigu","status":"publish","type":"post","link":"https:\/\/www.europesays.com\/lv\/47661\/","title":{"rendered":"Kontrabandas balonu d\u0113\u013c nakt\u012b tr\u012bs lidma\u0161\u012bnas no Vi\u013c\u0146as novirz\u012btas uz Kau\u0146u un R\u012bgu"},"content":{"rendered":"<p>Lietuvas Nacion\u0101laj\u0101 kr\u012b\u017eu vad\u012bbas centr\u0101 a\u0123ent\u016brai BNS pav\u0113st\u012bja, ka nakt\u012b radari konstat\u0113ju\u0161i 34 balonus. Lietuvas Valsts robe\u017esardzes dienests atkl\u0101jis se\u0161as kontrabandas kravas.<\/p>\n<p>Lietuvas valsts lidostu operatora &#8220;Lietuvos oro uostai&#8221; p\u0101rst\u0101vis Tads Vasi\u013causks a\u0123ent\u016brai BNS past\u0101st\u012bja, ka lidma\u0161\u012bnas, kas lidoja no Tenerifes un Madeiras, novirz\u012btas uz Kau\u0146as lidostu, bet lidma\u0161\u012bna no Amsterdamas &#8211; uz R\u012bgas lidostu. \u0160aj\u0101s lidma\u0161\u012bnas atrad\u0101s pavisam 470 pasa\u017eieri.<\/p>\n<p>Izlidojo\u0161ie reisi netika ietekm\u0113ti.<\/p>\n<p>Jau v\u0113st\u012bts, ka Vi\u013c\u0146as lidostas darb\u012bbu p\u0113d\u0113j\u0101 laik\u0101 bie\u017ei ir ietekm\u0113jusi meteorolo\u0123isko balonu ielido\u0161ana t\u0101s gaisa telp\u0101. Balonus no Baltkrievijas palai\u017e cigare\u0161u kontrabandisti. Saist\u012bb\u0101 ar to <a href=\"https:\/\/www.tvnet.lv\/term\/555429\/lietuva\" class=\"topicLink\" target=\"_blank\" rel=\"nofollow noopener\">Lietuva<\/a> l\u012bdz novembra beig\u0101m ir sl\u0113gusi atliku\u0161os divus kontrolpunktus uz robe\u017eas ar Baltkrieviju.<\/p>\n<p>Bezpilota lidojo\u0161i objekti p\u0113d\u0113j\u0101 laik\u0101 ir ietekm\u0113ju\u0161i lidostu darb\u012bbu ar\u012b citviet Eirop\u0101.<\/p>\n","protected":false},"excerpt":{"rendered":"Lietuvas Nacion\u0101laj\u0101 kr\u012b\u017eu vad\u012bbas centr\u0101 a\u0123ent\u016brai BNS pav\u0113st\u012bja, ka nakt\u012b radari konstat\u0113ju\u0161i 34 balonus. Lietuvas Valsts robe\u017esardzes dienests&hellip;\n","protected":false},"author":2,"featured_media":47662,"comment_status":"","ping_status":"","sticky":false,"template":"","format":"standard","meta":{"footnotes":""},"categories":[14],"tags":[23,57,2416,28,29,32,33,22,1571,30,31,35,39,38,36,37,34,1464,40,20,26,27,24,25,54,55,56,21,58],"class_list":{"0":"post-47661","1":"post","2":"type-post","3":"status-publish","4":"format-standard","5":"has-post-thumbnail","7":"category-zinas-no-arvalstim","8":"tag-aktualitates","9":"tag-arvalstim","10":"tag-baltkrievija","11":"tag-breaking-news","12":"tag-breakingnews","13":"tag-featured-news","14":"tag-featurednews","15":"tag-headlines","16":"tag-hibridkars","17":"tag-latest-news","18":"tag-latestnews","19":"tag-latvia","20":"tag-latvian","21":"tag-latviesu","22":"tag-latviesu-valoda","23":"tag-latviesuvaloda","24":"tag-latvija","25":"tag-lietuva","26":"tag-lv","27":"tag-news","28":"tag-popularakas-zinas","29":"tag-popularakaszinas","30":"tag-top-stories","31":"tag-topstories","32":"tag-world","33":"tag-world-news","34":"tag-worldnews","35":"tag-zinas","36":"tag-zinas-no-arvalstim"},"share_on_mastodon":{"url":"https:\/\/pubeurope.com\/@lv\/115540190997754118","error":""},"_links":{"self":[{"href":"https:\/\/www.europesays.com\/lv\/wp-json\/wp\/v2\/posts\/47661","targetHints":{"allow":["GET"]}}],"collection":[{"href":"https:\/\/www.europesays.com\/lv\/wp-json\/wp\/v2\/posts"}],"about":[{"href":"https:\/\/www.europesays.com\/lv\/wp-json\/wp\/v2\/types\/post"}],"author":[{"embeddable":true,"href":"https:\/\/www.europesays.com\/lv\/wp-json\/wp\/v2\/users\/2"}],"replies":[{"embeddable":true,"href":"https:\/\/www.europesays.com\/lv\/wp-json\/wp\/v2\/comments?post=47661"}],"version-history":[{"count":0,"href":"https:\/\/www.europesays.com\/lv\/wp-json\/wp\/v2\/posts\/47661\/revisions"}],"wp:featuredmedia":[{"embeddable":true,"href":"https:\/\/www.europesays.com\/lv\/wp-json\/wp\/v2\/media\/47662"}],"wp:attachment":[{"href":"https:\/\/www.europesays.com\/lv\/wp-json\/wp\/v2\/media?parent=47661"}],"wp:term":[{"taxonomy":"category","embeddable":true,"href":"https:\/\/www.europesays.com\/lv\/wp-json\/wp\/v2\/categories?post=47661"},{"taxonomy":"post_tag","embeddable":true,"href":"https:\/\/www.europesays.com\/lv\/wp-json\/wp\/v2\/tags?post=47661"}],"curies":[{"name":"wp","href":"https:\/\/api.w.org\/{rel}","templated":true}]}}