{"id":47688,"date":"2025-11-13T04:07:15","date_gmt":"2025-11-13T04:07:15","guid":{"rendered":"https:\/\/www.europesays.com\/lv\/47688\/"},"modified":"2025-11-13T04:07:15","modified_gmt":"2025-11-13T04:07:15","slug":"anete-sietina-tokija-izcina-sudraba-medalu-skepa-mesana-atkartojot-latvijas-labako-sasniegumu-pasaules-cempionatos-lente-lv","status":"publish","type":"post","link":"https:\/\/www.europesays.com\/lv\/47688\/","title":{"rendered":"Anete Sieti\u0146a Tokij\u0101 izc\u012bna sudraba meda\u013cu \u0161\u0137\u0113pa me\u0161an\u0101, atk\u0101rtojot Latvijas lab\u0101ko sasniegumu pasaules \u010dempion\u0101tos\u00a0\u2014\u00a0Lente.lv"},"content":{"rendered":"<p>Aizraujo\u0161s fini\u0161s Tokij\u0101: Anete Sieti\u0146a izc\u012bna sudraba meda\u013cu pasaules \u010dempion\u0101t\u0101 \u0161\u0137\u0113pa me\u0161an\u0101<\/p>\n<p>Latvijas vieglatl\u0113te Anete Sieti\u0146a sestdien, 20. septembr\u012b, Tokij\u0101, Pasaules vieglatl\u0113tikas \u010dempion\u0101t\u0101 izc\u012bn\u012bja spo\u017eu sudraba meda\u013cu \u0161\u0137\u0113pa me\u0161an\u0101. \u0160is triumfs ne tikai atnesa sportistei karjeras augst\u0101ko sasniegumu, bet ar\u012b atk\u0101rtoja Latvijas vieglatl\u0113tikas lab\u0101ko sniegumu pasaules meistarsac\u012bkst\u0113s, sniedzot Latvijai un t\u0101s l\u012bdzjut\u0113jiem neaizmirstamu mirkli sporta v\u0113stur\u0113.<\/p>\n<p>Spriedzes pilna c\u012b\u0146a par meda\u013cu<\/p>\n<p>Sieti\u0146as sacens\u012bbu s\u0101kums nebija bez emocion\u0101liem k\u0101pumiem. Pirmie metieni gan ieskait\u012bti netika, radot nelielu satraukumu. Tom\u0113r, saglab\u0101jot koncentr\u0113\u0161anos un demonstr\u0113jot iev\u0113rojamu rakstura sp\u0113ku, vi\u0146a sp\u0113ja pak\u0101peniski uzlabot savus rezult\u0101tus. Otraj\u0101 m\u0113\u0123in\u0101jum\u0101 \u0161\u0137\u0113ps aizlidoja 59,43 metru t\u0101lum\u0101, bet tre\u0161ais metiens atkal palika bez ieskait\u012bta rezult\u0101ta. Ceturtaj\u0101 metien\u0101 Sieti\u0146a ar 59,56 metriem pak\u0101p\u0101s uz astoto vietu, nodro\u0161inot sev iesp\u0113ju turpin\u0101t c\u012b\u0146u un veikt piekto metienu. Tie\u0161i \u0161is metiens, 63,35 metrus t\u0101lu, jau \u013c\u0101va pak\u0101pties uz tre\u0161o vietu, k\u013c\u016bstot par re\u0101lu meda\u013cu pretendenti.<\/p>\n<p>Kulmin\u0101cija sagaid\u012bja sacens\u012bbu nosl\u0113gum\u0101. Sestaj\u0101, p\u0113d\u0113j\u0101 m\u0113\u0123in\u0101jum\u0101, Anete demonstr\u0113ja savu meistar\u012bbu un gribassp\u0113ku, sasniedzot jaunu personisko rekordu \u2013 64,64 metrus. \u0160is iespaid\u012bgais metiens ne tikai laboja iepriek\u0161\u0113jo rekordu par 17 centimetriem, kas sasniegts 2017. gad\u0101, bet ar\u012b nodro\u0161in\u0101ja vi\u0146ai sudraba meda\u013cu, p\u0101rliecino\u0161i aiz sevis atst\u0101jot konkurentes un sasniedzot savas karjeras virsotni.<\/p>\n<p>Latvijas vieglatl\u0113tikas v\u0113stur\u0113<\/p>\n<p>Anetes Sieti\u0146as izc\u012bn\u012bt\u0101 sudraba meda\u013ca ir noz\u012bm\u012bgs notikums Latvijas sporta v\u0113stur\u0113. T\u0101 atk\u0101rto Latvijas vieglatl\u0113tu lab\u0101ko sasniegumu pasaules \u010dempion\u0101tos. L\u012bdz \u0161im vien\u012bg\u0101 sudraba meda\u013ca pasaules meistarsac\u012bkst\u0113s Latvijai bija Inetai Radevi\u010dai, kura to izc\u012bn\u012bja t\u0101ll\u0113k\u0161an\u0101 2011. gad\u0101. T\u0101d\u0113j\u0101di Sieti\u0146a k\u013cuvusi par vienu no Latvijas vieglatl\u0113tikas le\u0123end\u0101m, pievienojoties t\u0101diem izcilniekiem k\u0101 Dainis K\u016bla, kur\u0161 1983. gad\u0101 izc\u012bn\u012bja bronzu \u0161\u0137\u0113pa me\u0161an\u0101 p\u0101rst\u0101vot PSRS izlasi, un Laura Ikauniece, kura 2015. gad\u0101 ieguva bronzu septi\u0146c\u012b\u0146\u0101.<\/p>\n<p>Par uzvar\u0113t\u0101ju ar jaunu Ekvadoras rekordu 65,12 metri k\u013cuva Juleisija Angulo, bet bronzas meda\u013cu izc\u012bn\u012bja austr\u0101liete Makkenzija Litla ar rezult\u0101tu 63,58 metri. Lai gan Sieti\u0146a fini\u0161\u0113ja uzreiz aiz uzvar\u0113t\u0101jas, vi\u0146as sasniegtais rezult\u0101ts ir apliecin\u0101jums nep\u0101rtrauktai izaugsmei un smagam darbam.<\/p>\n<p>Naudas balva un n\u0101kotnes perspekt\u012bvas<\/p>\n<p>Par pasaules \u010dempion\u0101t\u0101 izc\u012bn\u012bto sudraba meda\u013cu Anetei Sieti\u0146ai pien\u0101kas valsts naudas balva, kas, atbilsto\u0161i noteikumiem par sasniegumiem sport\u0101, ir nedaudz vair\u0101k par 17 000 eiro. \u0160is apbalvojums ir gan atzin\u012bba par sasniegto, gan motiv\u0101cija turpm\u0101kiem startiem.<\/p>\n<p>Sieti\u0146as ce\u013c\u0161 l\u012bdz \u0161im pan\u0101kumam ir bijis izcil\u012bbas pilns. Pirms Tokijas pasaules \u010dempion\u0101ta, kvalifik\u0101cijas sacens\u012bb\u0101s B grup\u0101 vi\u0146a uzr\u0101d\u012bja sezonas lab\u0101ko rezult\u0101tu \u2013 63,67 metri, nodro\u0161inot sev piekto lab\u0101ko rezult\u0101tu starp 12 fin\u0101list\u0113m. \u0160is bija jau ceturtais pasaules \u010dempion\u0101ts Anetes karjer\u0101, un iepriek\u0161\u0113jais lab\u0101kais sasniegums bija ceturt\u0101 vieta pirms diviem gadiem Budape\u0161t\u0101. Ar \u0161o sudraba meda\u013cu vi\u0146a ir apliecin\u0101jusi savu vietu pasaules elites vieglatl\u0113tu vid\u016b.<\/p>\n<p>Latvijas vieglatl\u0113tikas izlase Tokij\u0101 bija p\u0101rst\u0101v\u0113ta ar\u012b ar citiem sportistiem, lai gan ne visiem veic\u0101s tik veiksm\u012bgi. L\u012bna M\u016bze-Sirmais nesp\u0113ja p\u0101rvar\u0113t kvalifik\u0101cijas barjeru, ierindojoties 32. viet\u0101. T\u0101pat sav\u0101s discipl\u012bn\u0101s start\u0113ja ar\u012b k\u0101rtsl\u0113c\u0113js Valters Krei\u0161s un so\u013cot\u0101js Raivis Saulgriezis.<\/p>\n","protected":false},"excerpt":{"rendered":"Aizraujo\u0161s fini\u0161s Tokij\u0101: Anete Sieti\u0146a izc\u012bna sudraba meda\u013cu pasaules \u010dempion\u0101t\u0101 \u0161\u0137\u0113pa me\u0161an\u0101 Latvijas vieglatl\u0113te Anete Sieti\u0146a sestdien, 20.&hellip;\n","protected":false},"author":2,"featured_media":47689,"comment_status":"","ping_status":"","sticky":false,"template":"","format":"standard","meta":{"footnotes":""},"categories":[17],"tags":[1753,35,39,38,36,37,34,40,388,1755,67,797,357],"class_list":{"0":"post-47688","1":"post","2":"type-post","3":"status-publish","4":"format-standard","5":"has-post-thumbnail","7":"category-sports","8":"tag-anete-sietina","9":"tag-latvia","10":"tag-latvian","11":"tag-latviesu","12":"tag-latviesu-valoda","13":"tag-latviesuvaloda","14":"tag-latvija","15":"tag-lv","16":"tag-pasaules-cempionats-vieglatletika","17":"tag-skepa-mesana","18":"tag-sports","19":"tag-sudraba-medala","20":"tag-tokija"},"share_on_mastodon":{"url":"https:\/\/pubeurope.com\/@lv\/115540423070668359","error":""},"_links":{"self":[{"href":"https:\/\/www.europesays.com\/lv\/wp-json\/wp\/v2\/posts\/47688","targetHints":{"allow":["GET"]}}],"collection":[{"href":"https:\/\/www.europesays.com\/lv\/wp-json\/wp\/v2\/posts"}],"about":[{"href":"https:\/\/www.europesays.com\/lv\/wp-json\/wp\/v2\/types\/post"}],"author":[{"embeddable":true,"href":"https:\/\/www.europesays.com\/lv\/wp-json\/wp\/v2\/users\/2"}],"replies":[{"embeddable":true,"href":"https:\/\/www.europesays.com\/lv\/wp-json\/wp\/v2\/comments?post=47688"}],"version-history":[{"count":0,"href":"https:\/\/www.europesays.com\/lv\/wp-json\/wp\/v2\/posts\/47688\/revisions"}],"wp:featuredmedia":[{"embeddable":true,"href":"https:\/\/www.europesays.com\/lv\/wp-json\/wp\/v2\/media\/47689"}],"wp:attachment":[{"href":"https:\/\/www.europesays.com\/lv\/wp-json\/wp\/v2\/media?parent=47688"}],"wp:term":[{"taxonomy":"category","embeddable":true,"href":"https:\/\/www.europesays.com\/lv\/wp-json\/wp\/v2\/categories?post=47688"},{"taxonomy":"post_tag","embeddable":true,"href":"https:\/\/www.europesays.com\/lv\/wp-json\/wp\/v2\/tags?post=47688"}],"curies":[{"name":"wp","href":"https:\/\/api.w.org\/{rel}","templated":true}]}}