{"id":47791,"date":"2025-11-13T07:21:08","date_gmt":"2025-11-13T07:21:08","guid":{"rendered":"https:\/\/www.europesays.com\/lv\/47791\/"},"modified":"2025-11-13T07:21:08","modified_gmt":"2025-11-13T07:21:08","slug":"noklausies-%e2%9f%a9-reiniks-un-eilands-izdod-sa-gada-dod-pieci-himnu","status":"publish","type":"post","link":"https:\/\/www.europesays.com\/lv\/47791\/","title":{"rendered":"NOKLAUSIES! \u27e9 Reiniks un Eilands izdod \u0161\u0101 gada &#8220;Dod pieci!&#8221; himnu"},"content":{"rendered":"<p>\u201c\u201cDod pieci!\u201d ir lieliska un \u0101rk\u0101rt\u012bgi v\u0113rt\u012bga labdar\u012bbas akcija, kas vis\u0101 Latvij\u0101 vieno cilv\u0113kus dar\u012bt labus darbus. Man bija liels pagodin\u0101jums kompon\u0113t himnu \u0161\u012b gada maratonam un iedzied\u0101t to kop\u0101 ar Ralfu Eilandu. <a href=\"https:\/\/sejas.tvnet.lv\/term\/572580\/muzika\" class=\"topicLink\" target=\"_blank\" rel=\"nofollow noopener\">M\u016bzika<\/a> atn\u0101ca viegli, jo Ralfs ar Valteru Spr\u016bd\u017eu sarakst\u012bja patiesi iedvesmojo\u0161u tekstu, kuru man atlika tikai iet\u0113rpt m\u016bzik\u0101. Man pa\u0161am ir zin\u0101mi cilv\u0113ki ar kust\u012bbu trauc\u0113jumiem, t\u0101p\u0113c \u0161\u012b gada t\u0113ma un m\u0113r\u0137is man ir \u012bpa\u0161i saprotami un tuvi. Himnas rindi\u0146a \u201cVai viss, kas tev ir dots, ir izmantots?\u201d mani uzrun\u0101 visvair\u0101k, un es ceru, ka t\u0101 iedvesmos ikvienu paman\u012bt un att\u012bst\u012bt to, kas ir dots. Un m\u0113s sp\u0113jam daudz \u2013 to ik gadu apliecina ar\u012b labdar\u012bbas maratons \u201cDod pieci!\u201d,\u201d v\u0113rt\u0113 himnas autors Lauris Reiniks.<\/p>\n<p>\u201c\u0160ogad \u013coti v\u0113l\u0113j\u0101mies, lai maratonu pavad\u012btu himna, k\u0101das mums l\u012bdz \u0161im v\u0113l nebija \u2013 ar dziesmu, kas iedvesmo un ienes \u201cDod pieci\u201d maraton\u0101 Ziemassv\u0113tku noska\u0146u un pacil\u0101t\u012bbas saj\u016btu. Taj\u0101 pa\u0161\u0101 laik\u0101 v\u0113l\u0113j\u0101mies \u013caut studij\u0101 satikties diviem m\u016bzi\u0137iem, kuri, nez k\u0101p\u0113c, l\u012bdz \u0161im nebija ofici\u0101li ierakst\u0101 tiku\u0161ies. Un te nu ir rezult\u0101ts,\u201d priec\u0101jas Latvijas Radio 5 rado\u0161ais direktors un labdar\u012bbas maratona \u201cDod pieci!\u201d aizs\u0101c\u0113js Latvij\u0101 Toms Gr\u0113vi\u0146\u0161.<\/p>\n<p>Ik gadu \u201cDod pieci!\u201d himnas izveid\u0113 talk\u0101 n\u0101k Latvijas zin\u0101m\u0101kie un izcil\u0101kie m\u016bzi\u0137i:<\/p>\n<ul>\n<li>\u201cDod pieci!\u201d himnas trad\u012bcija s\u0101k\u0101s 2016. gad\u0101 ar dziesmu \u201cNep\u0101rlau\u017eams\u201d, ko izpild\u012bja Aija V\u012btoli\u0146a, M\u0101ra Upmane-Hol\u0161teine, Aija Andrejeva, Marta Grigale, Goran Gora, Ralfs Eilands, Dons, Markus Riva, J\u0101nis Ai\u0161purs, Lauris Valters, J\u0101nis St\u012bbelis, VI\u0145A, ansis, Edav\u0101rdi, Ozols, Reiks, Justs, Intars Busulis, Latvian Voices, M\u0101rcis Auzi\u0146\u0161, DJ Rudd.<\/li>\n<li>2017. gad\u0101 par \u201cDod pieci!\u201d himnu k\u013cuva dziesma \u201cDurvis va\u013c\u0101\u201d, ko sarakst\u012bja un izpild\u012bja MESA.<\/li>\n<li>2018. gad\u0101 M\u0101ra Upmane-Hol\u0161teine, Goran Gora un My Radiant You rad\u012bja \u201cDod pieci!\u201d himnu \u201cApsk\u0101vieni cik\u201d.<\/li>\n<li>2019. gad\u0101 komponista Raimonda Tigula sakompon\u0113to \u201cDod pieci!\u201d himnu \u201cKlusi \u010dukst Dievs\u201d izpild\u012bja R\u012bgas Doma z\u0113nu koris.<\/li>\n<li>2020. gad\u0101 J\u0101nis \u0160ipk\u0113vics, Tautumeitas, Patrisha, Dons, Aminata, Ralfs Eilands, Vi\u0146a, J\u0101nis Ai\u0161purs, Aija Andrejeva, Linda Leen, Intars Busulis, Carnival Youth, Evija V\u0113bere, Ren\u0101rs Kaupers, M\u0101ra Upmane-Hol\u0161teine, Goran Gora, Agnese Rakovska vienoj\u0101s \u201cDod pieci!\u201d himn\u0101 \u201cEs zinu, Tu esi\u201d.<\/li>\n<li>2021. gad\u0101 par \u201cDod pieci!\u201d himnu k\u013cuva apvien\u012bbas \u201cKreisais Krasts\u201d un B\u016b\u016b rad\u012bt\u0101 dziesma \u201cP\u0101ri visam\u201d.<\/li>\n<li>2022. gad\u0101 \u201cDod pieci!\u201d himnu \u201cNesalau\u017eam\u0101\u201d sarakst\u012bja un izpild\u012bja ukrai\u0146u m\u016bzi\u0137is Ivans Dorns, kuram dziesm\u0101 pievienoj\u0101s ar\u012b \u201cRiga Gospel Choir\u201d.<\/li>\n<li>2023. gad\u0101 \u201cDod pieci!\u201d himna bija grupas \u201cSudden Lights\u201d un Gustavo izpild\u012bt\u0101 dziesma \u201cAdata un diegs\u201d.<\/li>\n<li>2024. gad\u0101 grupa \u201cThe Sound Poets\u201d bija autori himnai \u201cKad cilv\u0113ks sauc\u201d.<\/li>\n<\/ul>\n","protected":false},"excerpt":{"rendered":"\u201c\u201cDod pieci!\u201d ir lieliska un \u0101rk\u0101rt\u012bgi v\u0113rt\u012bga labdar\u012bbas akcija, kas vis\u0101 Latvij\u0101 vieno cilv\u0113kus dar\u012bt labus darbus. Man&hellip;\n","protected":false},"author":2,"featured_media":47792,"comment_status":"","ping_status":"","sticky":false,"template":"","format":"standard","meta":{"footnotes":""},"categories":[19],"tags":[13220,89,90,35,39,38,36,37,34,12443,40,103,13219,9945],"class_list":{"0":"post-47791","1":"post","2":"type-post","3":"status-publish","4":"format-standard","5":"has-post-thumbnail","7":"category-izklaide","8":"tag-dod-pieci","9":"tag-entertainment","10":"tag-izklaide","11":"tag-latvia","12":"tag-latvian","13":"tag-latviesu","14":"tag-latviesu-valoda","15":"tag-latviesuvaloda","16":"tag-latvija","17":"tag-lauris-reiniks","18":"tag-lv","19":"tag-muzika","20":"tag-pieci-lv","21":"tag-ralfs-eilands"},"share_on_mastodon":{"url":"https:\/\/pubeurope.com\/@lv\/115541185897220198","error":""},"_links":{"self":[{"href":"https:\/\/www.europesays.com\/lv\/wp-json\/wp\/v2\/posts\/47791","targetHints":{"allow":["GET"]}}],"collection":[{"href":"https:\/\/www.europesays.com\/lv\/wp-json\/wp\/v2\/posts"}],"about":[{"href":"https:\/\/www.europesays.com\/lv\/wp-json\/wp\/v2\/types\/post"}],"author":[{"embeddable":true,"href":"https:\/\/www.europesays.com\/lv\/wp-json\/wp\/v2\/users\/2"}],"replies":[{"embeddable":true,"href":"https:\/\/www.europesays.com\/lv\/wp-json\/wp\/v2\/comments?post=47791"}],"version-history":[{"count":0,"href":"https:\/\/www.europesays.com\/lv\/wp-json\/wp\/v2\/posts\/47791\/revisions"}],"wp:featuredmedia":[{"embeddable":true,"href":"https:\/\/www.europesays.com\/lv\/wp-json\/wp\/v2\/media\/47792"}],"wp:attachment":[{"href":"https:\/\/www.europesays.com\/lv\/wp-json\/wp\/v2\/media?parent=47791"}],"wp:term":[{"taxonomy":"category","embeddable":true,"href":"https:\/\/www.europesays.com\/lv\/wp-json\/wp\/v2\/categories?post=47791"},{"taxonomy":"post_tag","embeddable":true,"href":"https:\/\/www.europesays.com\/lv\/wp-json\/wp\/v2\/tags?post=47791"}],"curies":[{"name":"wp","href":"https:\/\/api.w.org\/{rel}","templated":true}]}}