{"id":47797,"date":"2025-11-13T07:27:12","date_gmt":"2025-11-13T07:27:12","guid":{"rendered":"https:\/\/www.europesays.com\/lv\/47797\/"},"modified":"2025-11-13T07:27:12","modified_gmt":"2025-11-13T07:27:12","slug":"freda-dersta-krimas-komentari-izsauc-igaunijas-valdibas-kritiku-lente-lv","status":"publish","type":"post","link":"https:\/\/www.europesays.com\/lv\/47797\/","title":{"rendered":"Freda D\u0113rsta Krimas Koment\u0101ri Izsauc Igaunijas Vald\u012bbas Kritiku\u00a0\u2014\u00a0Lente.lv"},"content":{"rendered":"<p>Limp Bizkit Koncerta Lika\u0146\u0161 Tallin\u0101: Freda D\u0113rsta Krimas Izteikumi Satricina Igauniju<\/p>\n<p>Amerik\u0101\u0146u repmet\u0101la ikonas &#8220;Limp Bizkit&#8221; gaid\u0101mais koncerts Tallin\u0101 ir non\u0101cis nopietnu jaut\u0101jumu krustugun\u012bs. Grupas l\u012bdera Freda D\u0113rsta publiskais atbalsts Krievijas veiktai Krimas aneksijai ir izrais\u012bjis sp\u0113c\u012bgu nosod\u012bjumu Igaunijas \u0101rlietu un kult\u016bras ministriju aprind\u0101s, liekot p\u0101rdom\u0101t pas\u0101kuma norisi. Bi\u013ce\u0161u iepriek\u0161p\u0101rdo\u0161ana uz \u0161o jau izzi\u0146oto, daudzu gaid\u012bto grupas uzst\u0101\u0161anos n\u0101kamgad ir aptur\u0113ta, radot nezi\u0146u gan fanu, gan organizatoru vid\u016b.<\/p>\n<p>Politisk\u0101s Sekas un Kult\u016bras Dialogs<\/p>\n<p>\u0160\u012b situ\u0113cija uzskat\u0101mi demonstr\u0113, k\u0101 politiskie izteikumi var tie\u0161\u0101 veid\u0101 ietekm\u0113t kult\u016bras pas\u0101kumu norisi un starptautisk\u0101s attiec\u012bbas. D\u0113rsta nost\u0101ja, kas pau\u017e atbalstu Krievijas teritori\u0101laj\u0101m pretenzij\u0101m un faktisko okup\u0101ciju, ir pretrun\u0101 ar Igaunijas un pla\u0161\u0101k\u0101s starptautisk\u0101s sabiedr\u012bbas principiem attiec\u012bb\u0101 uz suverenit\u0101ti un teritori\u0101lo integrit\u0101ti. Igaunijas \u0100rlietu ministrija ir stingri paudusi savu neapmierin\u0101t\u012bbu, uzsverot, ka \u0161\u0101di izteikumi ir nepie\u0146emjami un neatbilst eiropeisk\u0101m v\u0113rt\u012bb\u0101m. Savuk\u0101rt Kult\u016bras ministrija ir paudusi ba\u017eas par iesp\u0113jamo negat\u012bvo iespaidu uz valsts kult\u016bras telpu un starptautisko t\u0113lu.<\/p>\n<p>Igaunijas Rea\u0123\u0113 uz Provokat\u012bvajiem Izteikumiem<\/p>\n<p>Igaunijas ofici\u0101lie p\u0101rst\u0101vji ir skaidri nor\u0101d\u012bju\u0161i, ka D\u0113rsta izteikumi ir aizvainojo\u0161i un ka vi\u0146u atbalsts Krievijas politikai nav savienojams ar valsts nost\u0101ju. &#8220;\u0160\u0101di publiski pazi\u0146ojumi ir nepie\u0146emami un grauj pamatties\u012bbas uz teritori\u0101lo integrit\u0101ti un suverenit\u0101ti, ko Latvija un visa starptautisk\u0101 sabiedr\u012bba stingri atbalsta,&#8221; uzsv\u0113ra k\u0101ds augsta ranga Igaunijas \u0100rlietu ministrijas p\u0101rst\u0101vis. \u0160\u012b nost\u0101ja ir rad\u012bjusi spiedienu uz pas\u0101kuma organizatoriem, liekot vi\u0146iem p\u0101rskat\u012bt turpm\u0101kos so\u013cus attiec\u012bb\u0101 uz koncerta norisi. Apturot bi\u013ce\u0161u p\u0101rdo\u0161anu, tiek dota iesp\u0113ja izv\u0113rt\u0113t situ\u0101ciju un rast piem\u0113rot\u0101ko risin\u0101jumu, kas respekt\u0113tu gan m\u0101ksliniecisko br\u012bv\u012bbu, gan valsts politiskos principus.<\/p>\n<p>Koncerta N\u0101kotne V\u0113l Nenoskaidrota<\/p>\n<p>Pa\u0161laik nav skaidrs, vai &#8220;Limp Bizkit&#8221; koncerts Tallin\u0101 notiks pl\u0101notaj\u0101 laik\u0101, vai tas tiks atcelts piln\u012bb\u0101. Organizatori ir nor\u0101d\u012bju\u0161i, ka vi\u0146i r\u016bp\u012bgi izv\u0113rt\u0113 visas iesp\u0113jas un sekos l\u012bdzi situ\u0101cijas att\u012bst\u012bbai. L\u0113mums par koncerta likteni tiks pie\u0146emts, \u0146emot v\u0113r\u0101 gan politisko situ\u0101ciju, gan sabiedr\u012bbas reakciju. \u0160is gad\u012bjums kalpo k\u0101 spilgts atg\u0101din\u0101jums par to, cik liela noz\u012bme ir publisko personu izteikumiem un k\u0101 tie var atst\u0101t dzi\u013cas sekas uz da\u017e\u0101d\u0101m dz\u012bves jom\u0101m, tostarp kult\u016bru un m\u0101kslu. Igaunijas publiskais sektors un sabiedr\u012bba kopum\u0101 stingri nosoda jebk\u0101du atbalstu Krievijas agresijai un okup\u0101cijai, un \u0161\u012b situ\u0101cija tikai pastiprina \u0161o nost\u0101ju.<\/p>\n<p>M\u0101kslinieku Atbild\u012bba un Sabiedr\u012bbas Gaidas<\/p>\n<p>\u0160is incident notiek laik\u0101, kad arvien vair\u0101k tiek run\u0101ts par m\u0101kslinieku un sabiedrisko personu atbild\u012bbu par saviem izteikumiem, \u012bpa\u0161i \u0123eopolitiski j\u016bt\u012bg\u0101s t\u0113m\u0101s. Kam\u0113r da\u017ei aizst\u0101v m\u0101ksliniecisko br\u012bv\u012bbu un uzskata, ka politiskie uzskati nedr\u012bkst ietekm\u0113t kult\u016bras pas\u0101kumus, citi stingri pau\u017e viedokli, ka m\u0101ksliniekiem ir mor\u0101la atbild\u012bba neizplat\u012bt kait\u012bgas idejas un atbalst\u012bt agresiju. &#8220;Limp Bizkit&#8221; l\u012bdera r\u012bc\u012bba ir non\u0101kusi pretrun\u0101 ar Igaunijas v\u0113rt\u012bb\u0101m, un sekas ir j\u016btamas jau tagad. Turpm\u0101k\u0101s zi\u0146as par koncerta likteni gaid\u0101mas tuv\u0101kaj\u0101 laik\u0101, un t\u0101s noteikti piesaist\u012bs pla\u0161u sabiedr\u012bbas uzman\u012bbu gan Igaunij\u0101, gan \u0101rpus t\u0101s.<\/p>\n","protected":false},"excerpt":{"rendered":"Limp Bizkit Koncerta Lika\u0146\u0161 Tallin\u0101: Freda D\u0113rsta Krimas Izteikumi Satricina Igauniju Amerik\u0101\u0146u repmet\u0101la ikonas &#8220;Limp Bizkit&#8221; gaid\u0101mais koncerts&hellip;\n","protected":false},"author":2,"featured_media":47798,"comment_status":"","ping_status":"","sticky":false,"template":"","format":"standard","meta":{"footnotes":""},"categories":[19],"tags":[89,13209,73,90,13221,12407,35,39,38,36,37,34,12406,40],"class_list":{"0":"post-47797","1":"post","2":"type-post","3":"status-publish","4":"format-standard","5":"has-post-thumbnail","7":"category-izklaide","8":"tag-entertainment","9":"tag-fred-durst","10":"tag-igaunija","11":"tag-izklaide","12":"tag-koncerts-tallina","13":"tag-krimas-aneksija","14":"tag-latvia","15":"tag-latvian","16":"tag-latviesu","17":"tag-latviesu-valoda","18":"tag-latviesuvaloda","19":"tag-latvija","20":"tag-limp-bizkit","21":"tag-lv"},"share_on_mastodon":{"url":"https:\/\/pubeurope.com\/@lv\/115541209528434903","error":""},"_links":{"self":[{"href":"https:\/\/www.europesays.com\/lv\/wp-json\/wp\/v2\/posts\/47797","targetHints":{"allow":["GET"]}}],"collection":[{"href":"https:\/\/www.europesays.com\/lv\/wp-json\/wp\/v2\/posts"}],"about":[{"href":"https:\/\/www.europesays.com\/lv\/wp-json\/wp\/v2\/types\/post"}],"author":[{"embeddable":true,"href":"https:\/\/www.europesays.com\/lv\/wp-json\/wp\/v2\/users\/2"}],"replies":[{"embeddable":true,"href":"https:\/\/www.europesays.com\/lv\/wp-json\/wp\/v2\/comments?post=47797"}],"version-history":[{"count":0,"href":"https:\/\/www.europesays.com\/lv\/wp-json\/wp\/v2\/posts\/47797\/revisions"}],"wp:featuredmedia":[{"embeddable":true,"href":"https:\/\/www.europesays.com\/lv\/wp-json\/wp\/v2\/media\/47798"}],"wp:attachment":[{"href":"https:\/\/www.europesays.com\/lv\/wp-json\/wp\/v2\/media?parent=47797"}],"wp:term":[{"taxonomy":"category","embeddable":true,"href":"https:\/\/www.europesays.com\/lv\/wp-json\/wp\/v2\/categories?post=47797"},{"taxonomy":"post_tag","embeddable":true,"href":"https:\/\/www.europesays.com\/lv\/wp-json\/wp\/v2\/tags?post=47797"}],"curies":[{"name":"wp","href":"https:\/\/api.w.org\/{rel}","templated":true}]}}