{"id":47803,"date":"2025-11-13T07:32:08","date_gmt":"2025-11-13T07:32:08","guid":{"rendered":"https:\/\/www.europesays.com\/lv\/47803\/"},"modified":"2025-11-13T07:32:08","modified_gmt":"2025-11-13T07:32:08","slug":"ceturtdien-kurzeme-gaiss-iesils-lidz-12-gradiem","status":"publish","type":"post","link":"https:\/\/www.europesays.com\/lv\/47803\/","title":{"rendered":"Ceturtdien Kurzem\u0113 gaiss iesils l\u012bdz +12 gr\u0101diem"},"content":{"rendered":"<p>Gaisa temperat\u016bra pak\u0101psies l\u012bdz +7..+12 gr\u0101diem, silt\u0101kais laiks b\u016bs Kurzem\u0113, kur viet\u0101m tiks p\u0101rsp\u0113ts 13. novembra rekords. Vair\u0101k jaunu siltuma rekordu b\u016bs v\u0113l\u0101 vakar\u0101 un nakt\u012b uz piektdienu.<\/p>\n<p>Debesis kl\u0101s m\u0101ko\u0146i, caur tiem izsprauksies saules stari. Da\u017eviet &#8211; galvenok\u0101rt priek\u0161pusdien\u0101 Vidzem\u0113 &#8211; nedaudz l\u012bs.<\/p>\n<p>R\u012bg\u0101 debesis br\u012b\u017eiem k\u013c\u016bs gai\u0161\u0101kas, nav gaid\u0101mi nokri\u0161\u0146i. Dienvidu, dienvidrietumu v\u0113j\u0161 br\u0101zm\u0101s p\u016bt\u012bs ar \u0101trumu l\u012bdz 13 metriem sekund\u0113. Gaiss iesils l\u012bdz +9..+10 gr\u0101diem.<\/p>\n<p>Zieme\u013cos atrodas ciklons, ar to saist\u012bta aukst\u0101 atmosf\u0113ras fronte piektdien no zieme\u013crietumiem \u0161\u0137\u0113rsos Latviju. Gaisa spiediens ceturtdienas r\u012bt\u0101 no 1003 hektopask\u0101liem Kurzemes zieme\u013cos l\u012bdz 1013 hektopask\u0101liem Latgales dienvidos (j\u016bras l\u012bmen\u012b).<\/p>\n","protected":false},"excerpt":{"rendered":"Gaisa temperat\u016bra pak\u0101psies l\u012bdz +7..+12 gr\u0101diem, silt\u0101kais laiks b\u016bs Kurzem\u0113, kur viet\u0101m tiks p\u0101rsp\u0113ts 13. novembra rekords. Vair\u0101k&hellip;\n","protected":false},"author":2,"featured_media":38067,"comment_status":"","ping_status":"","sticky":false,"template":"","format":"standard","meta":{"footnotes":""},"categories":[5],"tags":[23,28,29,32,33,22,396,397,30,31,35,39,38,36,37,34,40,20,26,27,24,25,21],"class_list":{"0":"post-47803","1":"post","2":"type-post","3":"status-publish","4":"format-standard","5":"has-post-thumbnail","7":"category-aktualitates","8":"tag-aktualitates","9":"tag-breaking-news","10":"tag-breakingnews","11":"tag-featured-news","12":"tag-featurednews","13":"tag-headlines","14":"tag-laika-zinas","15":"tag-laikapstakli","16":"tag-latest-news","17":"tag-latestnews","18":"tag-latvia","19":"tag-latvian","20":"tag-latviesu","21":"tag-latviesu-valoda","22":"tag-latviesuvaloda","23":"tag-latvija","24":"tag-lv","25":"tag-news","26":"tag-popularakas-zinas","27":"tag-popularakaszinas","28":"tag-top-stories","29":"tag-topstories","30":"tag-zinas"},"share_on_mastodon":{"url":"https:\/\/pubeurope.com\/@lv\/115541229237591731","error":""},"_links":{"self":[{"href":"https:\/\/www.europesays.com\/lv\/wp-json\/wp\/v2\/posts\/47803","targetHints":{"allow":["GET"]}}],"collection":[{"href":"https:\/\/www.europesays.com\/lv\/wp-json\/wp\/v2\/posts"}],"about":[{"href":"https:\/\/www.europesays.com\/lv\/wp-json\/wp\/v2\/types\/post"}],"author":[{"embeddable":true,"href":"https:\/\/www.europesays.com\/lv\/wp-json\/wp\/v2\/users\/2"}],"replies":[{"embeddable":true,"href":"https:\/\/www.europesays.com\/lv\/wp-json\/wp\/v2\/comments?post=47803"}],"version-history":[{"count":0,"href":"https:\/\/www.europesays.com\/lv\/wp-json\/wp\/v2\/posts\/47803\/revisions"}],"wp:featuredmedia":[{"embeddable":true,"href":"https:\/\/www.europesays.com\/lv\/wp-json\/wp\/v2\/media\/38067"}],"wp:attachment":[{"href":"https:\/\/www.europesays.com\/lv\/wp-json\/wp\/v2\/media?parent=47803"}],"wp:term":[{"taxonomy":"category","embeddable":true,"href":"https:\/\/www.europesays.com\/lv\/wp-json\/wp\/v2\/categories?post=47803"},{"taxonomy":"post_tag","embeddable":true,"href":"https:\/\/www.europesays.com\/lv\/wp-json\/wp\/v2\/tags?post=47803"}],"curies":[{"name":"wp","href":"https:\/\/api.w.org\/{rel}","templated":true}]}}