{"id":47812,"date":"2025-11-13T07:40:08","date_gmt":"2025-11-13T07:40:08","guid":{"rendered":"https:\/\/www.europesays.com\/lv\/47812\/"},"modified":"2025-11-13T07:40:08","modified_gmt":"2025-11-13T07:40:08","slug":"abolam-jau-11-nhl-spele-bez-punktiem-flyers-zaude-vicecempionei-apollo-lv","status":"publish","type":"post","link":"https:\/\/www.europesays.com\/lv\/47812\/","title":{"rendered":"\u0100bolam jau 11. NHL sp\u0113le bez punktiem, &quot;Flyers&quot; zaud\u0113 vice\u010dempionei &#8211; Apollo.lv"},"content":{"rendered":"<ol>\n<li><a href=\"https:\/\/news.google.com\/rss\/articles\/CBMimAFBVV95cUxOZkhqZ0hIa1ZIdUp3N2RNUFJvemYzdkliTU5VNFFUd2gtX3NqbDlQelNiQk14SWFuUm1LLUZES3RQYjJjbFg4VWlYMVhFcHlMcEVPOWQ3Nm1tTEpITFNFUUlmMVdxSk5HUzA2SnNxSEFHTGZ5Z1gxeHUtTHd4dnZFbWo0cDdSY2tXalFxTHdZekNNWVZFVjFXNw?oc=5\" target=\"_blank\" rel=\"nofollow noopener\">\u0100bolam jau 11. NHL sp\u0113le bez punktiem, &#8220;Flyers&#8221; zaud\u0113 vice\u010dempionei<\/a>&nbsp;&nbsp;Apollo.lv<\/li>\n<li><a href=\"https:\/\/news.google.com\/rss\/articles\/CBMijgFBVV95cUxQa0swRU1nM1RQbjFKemhxSzdkZk1Od25VQUpqQzZMU0RUWHNOQm41ZGZiOUlvWENYVmpacTJxTTFRcElRSjc1SHJyOGdoelg0REJTdU1CVVQ0WG9ib1RsM1N0bnhsamZjOHVXWUlFc0xxcTN5OEtlLW5xYXVwcmZPQXVBcmxvVDg2MlpYTnBR?oc=5\" target=\"_blank\" rel=\"nofollow noopener\">\u0100bola &#8220;Flyers&#8221; papildlaik\u0101 piek\u0101pjas &#8220;Oilers&#8221; hokejistiem<\/a>&nbsp;&nbsp;TVNET Sports<\/li>\n<li><a href=\"https:\/\/news.google.com\/rss\/articles\/CBMiqgFBVV95cUxNXzVRQkpWeEEyR1VlSHBxUDNGSktUNmFwU29CbVdDLThPdGJFMXZxYWFUQ2lVVThLVENjNWQ4b3dCWFRyc2NSMy1ZeUR0UjRoVkZtZ1ZRa0hYbkNWWi1TRHotZ043Qm9Wa3JkMWx1U0FGNXJ3Um9PaFhCbkhkRXdnYUh1WlhKdVNtMEpuWktxaHdndXlvZ0xWRVQ3c2h3bEw1dTJkZVpfUHpHZw?oc=5\" target=\"_blank\" rel=\"nofollow noopener\">\u0100bola &#8220;Flyers&#8221; papildlaik\u0101 zaud\u0113 &#8220;Senators&#8221; sav\u0101 laukum\u0101<\/a>&nbsp;&nbsp;Lente.lv<\/li>\n<li><a href=\"https:\/\/news.google.com\/rss\/articles\/CBMijwFBVV95cUxNeEdxOVF3dnYwR2IwaWJMYWZGaUN6Y2lXdnhCWGtVWUU0OE16bzBjRU5IUkdjUVJ4MWg5WEFsc1kycEN0VmNzeG1YWWR6dFBtZUJyRm91MjFRWFNLUzYzeEdNRzZOMFY5YzZHa3RKOGVULVhhUG8xREc2TXVxME5qQm9zUzNjLXFESm44aUlTZw?oc=5\" target=\"_blank\" rel=\"nofollow noopener\">\u0100bolam probl\u0113mas iemetienos un zaud\u0113jums pagarin\u0101jum\u0101 \u2013 Hokejs<\/a>&nbsp;&nbsp;Sportacentrs.com<\/li>\n<li><a href=\"https:\/\/news.google.com\/rss\/articles\/CBMilAFBVV95cUxOR3NQRDJQMkYxcHBUanp2dU9ralB2dVFNRGpqM2pybzNNaVVaSGVua0dZcVYwTDdVQ2phX1hidDNwb2x5bHFTODhiZWhUa01JbUkzSm1tMnNXTmY3ajJoN1c0RG9hdk1xWWN4UzdQQTNSM1JZd1BCZU1hODJkY0xodkVieTJadmZ1ZG1HSzFUWVdoYjBW?oc=5\" target=\"_blank\" rel=\"nofollow noopener\">\u0100bola \u201cFlyers\u201d sav\u0101 laukum\u0101 papildlaik\u0101 piek\u0101pjas \u201cSenators\u201d<\/a>&nbsp;&nbsp;tv3.lv<\/li>\n<\/ol>\n","protected":false},"excerpt":{"rendered":"\u0100bolam jau 11. NHL sp\u0113le bez punktiem, &#8220;Flyers&#8221; zaud\u0113 vice\u010dempionei&nbsp;&nbsp;Apollo.lv \u0100bola &#8220;Flyers&#8221; papildlaik\u0101 piek\u0101pjas &#8220;Oilers&#8221; hokejistiem&nbsp;&nbsp;TVNET Sports \u0100bola&hellip;\n","protected":false},"author":2,"featured_media":47813,"comment_status":"","ping_status":"","sticky":false,"template":"","format":"standard","meta":{"footnotes":""},"categories":[17],"tags":[836,838,394,721,35,39,38,36,37,34,40,835,837,67],"class_list":{"0":"post-47812","1":"post","2":"type-post","3":"status-publish","4":"format-standard","5":"has-post-thumbnail","7":"category-sports","8":"tag-hokeja-jaunumi","9":"tag-hokejisti-arzemes","10":"tag-hokejs","11":"tag-hokejs-pasaule","12":"tag-latvia","13":"tag-latvian","14":"tag-latviesu","15":"tag-latviesu-valoda","16":"tag-latviesuvaloda","17":"tag-latvija","18":"tag-lv","19":"tag-nhl","20":"tag-rodrigo-abols","21":"tag-sports"},"share_on_mastodon":{"url":"https:\/\/pubeurope.com\/@lv\/115541260601974652","error":""},"_links":{"self":[{"href":"https:\/\/www.europesays.com\/lv\/wp-json\/wp\/v2\/posts\/47812","targetHints":{"allow":["GET"]}}],"collection":[{"href":"https:\/\/www.europesays.com\/lv\/wp-json\/wp\/v2\/posts"}],"about":[{"href":"https:\/\/www.europesays.com\/lv\/wp-json\/wp\/v2\/types\/post"}],"author":[{"embeddable":true,"href":"https:\/\/www.europesays.com\/lv\/wp-json\/wp\/v2\/users\/2"}],"replies":[{"embeddable":true,"href":"https:\/\/www.europesays.com\/lv\/wp-json\/wp\/v2\/comments?post=47812"}],"version-history":[{"count":0,"href":"https:\/\/www.europesays.com\/lv\/wp-json\/wp\/v2\/posts\/47812\/revisions"}],"wp:featuredmedia":[{"embeddable":true,"href":"https:\/\/www.europesays.com\/lv\/wp-json\/wp\/v2\/media\/47813"}],"wp:attachment":[{"href":"https:\/\/www.europesays.com\/lv\/wp-json\/wp\/v2\/media?parent=47812"}],"wp:term":[{"taxonomy":"category","embeddable":true,"href":"https:\/\/www.europesays.com\/lv\/wp-json\/wp\/v2\/categories?post=47812"},{"taxonomy":"post_tag","embeddable":true,"href":"https:\/\/www.europesays.com\/lv\/wp-json\/wp\/v2\/tags?post=47812"}],"curies":[{"name":"wp","href":"https:\/\/api.w.org\/{rel}","templated":true}]}}