{"id":47836,"date":"2025-11-13T08:16:11","date_gmt":"2025-11-13T08:16:11","guid":{"rendered":"https:\/\/www.europesays.com\/lv\/47836\/"},"modified":"2025-11-13T08:16:11","modified_gmt":"2025-11-13T08:16:11","slug":"latvijas-kamaninu-izlase-pirms-sezonas-sasniegusi-rekordaugstu-fizisko-formu-lente-lv","status":"publish","type":"post","link":"https:\/\/www.europesays.com\/lv\/47836\/","title":{"rendered":"Latvijas kamani\u0146u izlase pirms sezonas sasniegusi rekordaugstu fizisko formu\u00a0\u2014\u00a0Lente.lv"},"content":{"rendered":"<p>Latvijas kamani\u0146u izlases v\u0113rien\u012bg\u0101 gatavo\u0161an\u0101s olimpiskajai sezonai<\/p>\n<p>Latvijas kamani\u0146u sporta izlase uzs\u0101kusi jauno sezonu ar rekordaugstu fizisk\u0101s sagatavot\u012bbas l\u012bmeni. Daniels Fogelis, Latvijas izlases treneris un mened\u017eeris, uzsv\u0113ris, ka pirmssezonas fiziskajos testos sportisti nekad iepriek\u0161 nav biju\u0161i tik sp\u0113c\u012bgi. \u0160\u012b uzmundrino\u0161\u0101 atzi\u0146a ir sasniegta, pateicoties intens\u012bviem treni\u0146iem vasaras m\u0113ne\u0161os, ko vad\u012bjis Fogelis kop\u0101 arintu \u0160aic\u0101nu. \u0160\u0101da fizisk\u0101 kond\u012bcija ir \u012bpa\u0161i svar\u012bga, gatavojoties olimpiskajai sezonai, kas kulmin\u0113s 2026. gada ziemas olimpiskaj\u0101s sp\u0113l\u0113s Mil\u0101n\u0101 un Kort\u012bn\u0101.<\/p>\n<p>Augst\u0101k\u0101s amb\u012bcijas un tehnolo\u0123isk\u0101 progresa mekl\u0113jumi<\/p>\n<p>\u0160\u012b gada sezona ir \u012bpa\u0161i noz\u012bm\u012bga, jo t\u0101 nosl\u0113gsies ar olimpiskaj\u0101m sp\u0113l\u0113m. Latvijas kamani\u0146u sporta feder\u0101cijas prezidents Kl\u0101vs Vasks atkl\u0101jis, ka izlases m\u0113r\u0137i ir visaugst\u0101kie, un nevienu nevar atst\u0101t vienaldz\u012bgu cer\u012bba sasniegt goda pjedest\u0101lu. Komanda, kas sast\u0101v no 15 sportistiem, ir ap\u0146\u0113m\u012bbas pilna par\u0101d\u012bt savu lab\u0101ko sniegumu. Lai sasniegtu \u0161os v\u0113rien\u012bgos m\u0113r\u0137us, tiek piev\u0113rsta pastiprin\u0101ta uzman\u012bba ne tikai fiziskajai sagatavot\u012bbai, bet ar\u012b kamanu tehniskajiem risin\u0101jumiem. Pateicoties papildu valsts finans\u0113jumam, tiek pilnveidoti jauni kamanu aptec\u0113t\u0101ju mode\u013ci un slie\u017eu komplekti, mekl\u0113jot priek\u0161roc\u012bbas p\u0101r konkurentiem. Izlases meh\u0101ni\u0137is M\u0101rti\u0146\u0161 Rubenis uzsver, ka notiek tehnolo\u0123iju evol\u016bcija, nevis revol\u016bcija, balstoties uz iepriek\u0161\u0113jo gadu pieredzi un cie\u0161u sadarb\u012bbu ar R\u012bgas Tehnisko universit\u0101ti (RTU). \u0160ie tehniskie uzlabojumi ir \u013coti svar\u012bgi, jo katra simtda\u013ca sekundes tras\u0113 var iz\u0161\u0137irt uzvar\u0113t\u0101ju.<\/p>\n<p>Intens\u012bvs kalend\u0101rs un iesp\u0113jamie izaicin\u0101jumi<\/p>\n<p>Pasaules kausa sezona sol\u0101s b\u016bt \u012bpa\u0161i saspringta, iek\u013caujot devi\u0146us posmus. T\u0101 s\u0101ksies decembra s\u0101kum\u0101 Austrij\u0101, turpin\u0101sies ASV un p\u0113c tam atgriez\u012bsies Eirop\u0101, ar posmu ar\u012b Siguld\u0101, kas vienlaikus kalpos k\u0101 olimpisk\u0101s kvalifik\u0101cijas posms. Olimpisk\u0101 kvalifik\u0101cija nosl\u0113gsies janv\u0101ra s\u0101kum\u0101. Tom\u0113r sezonas s\u0101kum\u0101 var\u0113tu rasties zin\u0101ms psiholo\u0123isks spiediens Starptautisk\u0101s sporta arbitr\u0101\u017eas (CAS) l\u0113muma d\u0113\u013c, kas \u013cauj Krievijas sportistiem atgriezties sacens\u012bb\u0101s. Tas rada neskaidr\u012bbu par Siguldas posma norisi, kas ir \u013coti svar\u012bgs Latvijas sportistiem gan kvalifik\u0101cijas, gan ar\u012b l\u012bdzjut\u0113ju atbalsta zi\u0146\u0101. Neskatoties uz \u0161iem iesp\u0113majiem izaicin\u0101jumiem, Latvijas izlase ir gatava un ap\u0146\u0113m\u012bbas pilna c\u012bn\u012bties par augst\u0101kaj\u0101m viet\u0101m.<\/p>\n<p>Ce\u013c\u0161 uz Olimpisko virsotni<\/p>\n<p>Latvijas kamani\u0146u izlases pl\u0101ns ir kvalific\u0113ties Mil\u0101nas-Kort\u012bnas d&#8217;Ampeco olimpiskaj\u0101m sp\u0113l\u0113m ar trim v\u012brie\u0161u un trim sievie\u0161u vieniniekiem, div\u0101m v\u012brie\u0161u divnieku ekip\u0101\u017e\u0101m un, iesp\u0113jams, vienu sievie\u0161u divnieku ekip\u0101\u017eu. \u0160\u012b ir \u010detrgades noz\u012bm\u012bg\u0101k\u0101 sezona, un sportisti ir sav\u0101 lab\u0101kaj\u0101 form\u0101. Feder\u0101cijas prezidents Kl\u0101vs Vasks pau\u017e p\u0101rliec\u012bbu, ka Latvijas kamani\u0146u sporta sist\u0113ma ir nobriedusi n\u0101kamajam lielajam solim, un tiek dar\u012bts viss, lai attaisnotu gan sportistu, gan l\u012bdzjut\u0113ju cer\u012bbas. Treni\u0146nometnes \u012aglsas tras\u0113 Austrij\u0101 un Oberhofas tras\u0113 V\u0101cij\u0101, kur notiks Eiropas \u010dempion\u0101ts, pal\u012bdz\u0113s sportistiem pilnveidot savas prasmes un gatavoties gaid\u0101majiem izaicin\u0101jumiem. Pieredze, kas g\u016bta treni\u0146os jaunaj\u0101 olimpiskaj\u0101 tras\u0113 Kort\u012bn\u0101, ar\u012b sniegs v\u0113rt\u012bgas atzi\u0146as tehnikas piel\u0101go\u0161anai.<\/p>\n","protected":false},"excerpt":{"rendered":"Latvijas kamani\u0146u izlases v\u0113rien\u012bg\u0101 gatavo\u0161an\u0101s olimpiskajai sezonai Latvijas kamani\u0146u sporta izlase uzs\u0101kusi jauno sezonu ar rekordaugstu fizisk\u0101s sagatavot\u012bbas&hellip;\n","protected":false},"author":2,"featured_media":47837,"comment_status":"","ping_status":"","sticky":false,"template":"","format":"standard","meta":{"footnotes":""},"categories":[17],"tags":[13222,8754,10482,35,39,38,36,37,34,4765,40,1500,67],"class_list":{"0":"post-47836","1":"post","2":"type-post","3":"status-publish","4":"format-standard","5":"has-post-thumbnail","7":"category-sports","8":"tag-daniels-fogelis","9":"tag-fiziska-sagatavotiba","10":"tag-kamaninu-sports","11":"tag-latvia","12":"tag-latvian","13":"tag-latviesu","14":"tag-latviesu-valoda","15":"tag-latviesuvaloda","16":"tag-latvija","17":"tag-latvijas-izlase","18":"tag-lv","19":"tag-olimpiskas-speles","20":"tag-sports"},"share_on_mastodon":{"url":"https:\/\/pubeurope.com\/@lv\/115541402107559880","error":""},"_links":{"self":[{"href":"https:\/\/www.europesays.com\/lv\/wp-json\/wp\/v2\/posts\/47836","targetHints":{"allow":["GET"]}}],"collection":[{"href":"https:\/\/www.europesays.com\/lv\/wp-json\/wp\/v2\/posts"}],"about":[{"href":"https:\/\/www.europesays.com\/lv\/wp-json\/wp\/v2\/types\/post"}],"author":[{"embeddable":true,"href":"https:\/\/www.europesays.com\/lv\/wp-json\/wp\/v2\/users\/2"}],"replies":[{"embeddable":true,"href":"https:\/\/www.europesays.com\/lv\/wp-json\/wp\/v2\/comments?post=47836"}],"version-history":[{"count":0,"href":"https:\/\/www.europesays.com\/lv\/wp-json\/wp\/v2\/posts\/47836\/revisions"}],"wp:featuredmedia":[{"embeddable":true,"href":"https:\/\/www.europesays.com\/lv\/wp-json\/wp\/v2\/media\/47837"}],"wp:attachment":[{"href":"https:\/\/www.europesays.com\/lv\/wp-json\/wp\/v2\/media?parent=47836"}],"wp:term":[{"taxonomy":"category","embeddable":true,"href":"https:\/\/www.europesays.com\/lv\/wp-json\/wp\/v2\/categories?post=47836"},{"taxonomy":"post_tag","embeddable":true,"href":"https:\/\/www.europesays.com\/lv\/wp-json\/wp\/v2\/tags?post=47836"}],"curies":[{"name":"wp","href":"https:\/\/api.w.org\/{rel}","templated":true}]}}