{"id":47866,"date":"2025-11-13T08:56:12","date_gmt":"2025-11-13T08:56:12","guid":{"rendered":"https:\/\/www.europesays.com\/lv\/47866\/"},"modified":"2025-11-13T08:56:12","modified_gmt":"2025-11-13T08:56:12","slug":"liepaja-atzime-lacplesa-dienu-ar-energisku-raxtu-raxti-koncertu-un-iespaidigu-lapu-gajienu-lente-lv","status":"publish","type":"post","link":"https:\/\/www.europesays.com\/lv\/47866\/","title":{"rendered":"Liep\u0101j\u0101 atz\u012bm\u0113 L\u0101\u010dpl\u0113\u0161a dienu ar ener\u0123isku \u201cRaxtu Raxti\u201d koncertu un iespaid\u012bgu l\u0101pu g\u0101jienu\u00a0\u2014\u00a0Lente.lv"},"content":{"rendered":"<p>Liep\u0101ja godina varo\u0146us: L\u0101\u010dpl\u0113\u0161a diena ar \u201cRaxtu Raxti\u201d un iespaid\u012bgu l\u0101pu g\u0101jienu<\/p>\n<p>Liep\u0101ja, atz\u012bm\u0113jot L\u0101\u010dpl\u0113\u0161a dienu, pulc\u0113ja t\u016bksto\u0161iem iedz\u012bvot\u0101ju un viesu uz aizkustino\u0161u piemi\u0146as pas\u0101kumu, kas vienlaikus nesa sev l\u012bdzi gan dzi\u013cu cie\u0146u pret v\u0113sturi, gan sv\u0113tku rezonansi. \u0160ogad pils\u0113ta godin\u0101ja Latvijas br\u012bv\u012bbas c\u012bn\u012bt\u0101jus ar grupas \u201cRaxtu Raxti\u201d ener\u0123isku koncertu un tradicion\u0101lo, daudzus t\u016bksto\u0161us cilv\u0113ku pulc\u0113ju\u0161o l\u0101pu g\u0101jienu. \u0160is pas\u0101kumu kopums k\u013cuva par spilgtu apliecin\u0101jumu pils\u0113tas patriotisma garam un vienot\u012bbai.<\/p>\n<p>V\u0113stures elpa un m\u016bsdienu aicin\u0101jums<\/p>\n<p>11. novembris ir datums, kas dzi\u013ci iesak\u0146ojies latvie\u0161u sird\u012bs, atg\u0101dinot par tos drosminiekus, kuri ar nesatricin\u0101mu tic\u012bbu un pa\u0161aizliedz\u012bgu m\u012blest\u012bbu pret dzimteni izc\u012bn\u012bja mums \u0161odien tik d\u0101rgo br\u012bv\u012bbu. \u0160\u012b diena ir klusuma un atceres br\u012bdis, pieminot un godinot tos varo\u0146us, kuru gars joproj\u0101m m\u012bt m\u016bsu vid\u016b, iedvesmojot un stiprinot. Liep\u0101ja \u0161ogad \u0161o noz\u012bm\u012bgo atceres dienu atz\u012bm\u0113ja ar \u012bpa\u0161u v\u0113rienu, apvienojot kult\u016bras baud\u012bjumu ar patriotisku ritu\u0101lu.<\/p>\n<p>\u201cRaxtu Raxti\u201d uzbur sv\u0113tku gaisotni<\/p>\n<p>K\u0101 pirmais notikums, kas iesild\u012bja sv\u0113tku noska\u0146u, uz J\u0101\u0146a \u010cakstes laukuma skatuves k\u0101pa ener\u0123isk\u0101 grupa \u201cRaxtu Raxti\u201d. Vi\u0146u sniegums, kas apvieno tautas m\u016bzikas trad\u012bcijas ar m\u016bsdienu interpret\u0101ciju, rad\u012bja neaizmirstamu atmosf\u0113ru. Grupas dziesmas, izpild\u012btas ar dv\u0113seli un sp\u0113c\u012bgiem vok\u0101liem, papildin\u0101tas ar tradicion\u0101lo instrumentu skan\u0113jumu, k\u0101 kokles, d\u016bdas, vijoles un akordeons, uzb\u016bra latvisk\u0101s saknes un tautas sp\u0113ku, liekot kl\u0101teso\u0161ajiem sajust dzi\u013cu pieder\u012bbu savai zemei un kult\u016brai. Dzirdot t\u0101das dziesmas k\u0101 \u201cSkaista mana t\u0113vu zeme\u201d un \u201cRakstu rakstus\u201d, daudzi kl\u0101teso\u0161ie sajuta patriotisma uzpl\u016bdu un kop\u012bbas saj\u016btu.<\/p>\n<p>Mas\u012bvs l\u0101pu g\u0101jiens cauri pils\u0113tai<\/p>\n<p>P\u0113c koncerta, s\u0101kot no pulksten 18:30, t\u016bksto\u0161iem liep\u0101jnieku un pils\u0113tas viesu pulc\u0113j\u0101s, lai dotos tradicion\u0101laj\u0101 l\u0101pu g\u0101jien\u0101. \u0160is g\u0101jiens, kas k\u013c\u016bst arvien v\u0113rien\u012bg\u0101ks katru gadu, \u0161oreiz pulc\u0113ja vair\u0101k nek\u0101 piecus t\u016bksto\u0161us dal\u012bbnieku. Iedegt\u0101s l\u0101pas, kas k\u0101 ugun\u012bga upe vij\u0101s cauri pils\u0113tas iel\u0101m, rad\u012bja iespaid\u012bgu skatu un simboliz\u0113ja nemirst\u012bgo piemi\u0146u par tiem, kas atdeva dz\u012bv\u012bbu par Latvijas br\u012bv\u012bbu. G\u0101jien\u0101 piedal\u012bj\u0101s da\u017e\u0101das sabiedr\u012bbas grupas \u2013 milit\u0101r\u0101 garnizona vien\u012bbas, nacion\u0101lpatriotisk\u0101s organiz\u0101cijas, veter\u0101ni, skol\u0113ni, ugunsdz\u0113s\u0113ji, robe\u017esargi, policisti, un citi patriotiski noska\u0146oti iedz\u012bvot\u0101ji. Lai gan pils\u0113tas iel\u0101s norisin\u0101j\u0101s remontdarbi, mar\u0161ruts tika r\u016bp\u012bgi pl\u0101nots, lai nodro\u0161in\u0101tu gan pas\u0101kuma norisi, gan dro\u0161\u012bbu.<\/p>\n<p>Piemineklis un sirsn\u012bgi v\u0101rdi<\/p>\n<p>L\u0101pu g\u0101jiena nosl\u0113gum\u0101 dal\u012bbnieki sasniedza Br\u012bv\u012bbas c\u012bn\u012bt\u0101ju pieminekli Zieme\u013cu kapos, kur norisin\u0101j\u0101s piemi\u0146as br\u012bdis. \u0160eit kl\u0101teso\u0161os uzrun\u0101ja Liep\u0101jas domes priek\u0161s\u0113d\u0113t\u0101js Gun\u0101rs Ansi\u0146\u0161, J\u016bras sp\u0113ku kapel\u0101ns D\u0101vids \u0160terns un Bru\u0146oto sp\u0113ku p\u0101rst\u0101vis virsleitnants Kristaps Smiltnieks, pau\u017eot cie\u0146u un pateic\u012bbu Latvijas varo\u0146iem. Muzik\u0101lus priek\u0161nesumus sniedza Juris Jope un Anatolijs Liv\u010da, pie\u0161\u0137irot piemi\u0146as br\u012bdim \u012bpa\u0161u emocion\u0101lu piesk\u0101rienu. \u0160is kop\u012bgais br\u012bdis, kad skan\u0113ja ar\u012b Latvijas valsts himna, v\u0113lreiz apliecin\u0101ja tautas vienot\u012bbu un dzi\u013co cie\u0146u pret savu v\u0113sturi un neatkar\u012bbu.<\/p>\n<p>Trad\u012bciju turpin\u0101jums un n\u0101kam\u0101s paaudzes<\/p>\n<p>L\u0101\u010dpl\u0113\u0161a dienas pas\u0101kumi Liep\u0101j\u0101 ik gadu k\u013c\u016bst par noz\u012bm\u012bgu notikumu, kas stiprina patriotisko audzin\u0101\u0161anu un valsts apzi\u0146u. Grupas \u201cRaxtu Raxti\u201d uzst\u0101\u0161an\u0101s un grandiozais l\u0101pu g\u0101jiens ne tikai godina pag\u0101tni, bet ar\u012b raug\u0101s n\u0101kotn\u0113, uzsverot, cik svar\u012bgi ir saglab\u0101t un nodot t\u0101l\u0101k latvisk\u0101s v\u0113rt\u012bbas un valodu. K\u0101 atz\u012bts pas\u0101kum\u0101, kam\u0113r Latvij\u0101 skan\u0113s dziesmas latvie\u0161u valod\u0101, m\u016bsu valsti piedz\u012bvos ne tikai m\u0113s, bet ar\u012b m\u016bsu b\u0113rni un n\u0101kam\u0101s paaudzes. \u0160\u0101di pas\u0101kumi ir k\u0101 spogulis, kur\u0101 atspogu\u013cojas m\u016bsu tautas sp\u0113ks, iztur\u012bba un nemirst\u012bgais patriotismu.<\/p>\n","protected":false},"excerpt":{"rendered":"Liep\u0101ja godina varo\u0146us: L\u0101\u010dpl\u0113\u0161a diena ar \u201cRaxtu Raxti\u201d un iespaid\u012bgu l\u0101pu g\u0101jienu Liep\u0101ja, atz\u012bm\u0113jot L\u0101\u010dpl\u0113\u0161a dienu, pulc\u0113ja t\u016bksto\u0161iem&hellip;\n","protected":false},"author":2,"featured_media":47867,"comment_status":"","ping_status":"","sticky":false,"template":"","format":"standard","meta":{"footnotes":""},"categories":[5],"tags":[23,28,29,32,33,22,11267,13226,30,31,35,39,38,36,37,34,13228,444,40,20,26,27,13227,24,25,21],"class_list":{"0":"post-47866","1":"post","2":"type-post","3":"status-publish","4":"format-standard","5":"has-post-thumbnail","7":"category-aktualitates","8":"tag-aktualitates","9":"tag-breaking-news","10":"tag-breakingnews","11":"tag-featured-news","12":"tag-featurednews","13":"tag-headlines","14":"tag-lacplesa-diena","15":"tag-lapu-gajiens","16":"tag-latest-news","17":"tag-latestnews","18":"tag-latvia","19":"tag-latvian","20":"tag-latviesu","21":"tag-latviesu-valoda","22":"tag-latviesuvaloda","23":"tag-latvija","24":"tag-latvijas-brivibas-cinitaji","25":"tag-liepaja","26":"tag-lv","27":"tag-news","28":"tag-popularakas-zinas","29":"tag-popularakaszinas","30":"tag-raxtu-raxti","31":"tag-top-stories","32":"tag-topstories","33":"tag-zinas"},"share_on_mastodon":{"url":"https:\/\/pubeurope.com\/@lv\/115541559562760335","error":""},"_links":{"self":[{"href":"https:\/\/www.europesays.com\/lv\/wp-json\/wp\/v2\/posts\/47866","targetHints":{"allow":["GET"]}}],"collection":[{"href":"https:\/\/www.europesays.com\/lv\/wp-json\/wp\/v2\/posts"}],"about":[{"href":"https:\/\/www.europesays.com\/lv\/wp-json\/wp\/v2\/types\/post"}],"author":[{"embeddable":true,"href":"https:\/\/www.europesays.com\/lv\/wp-json\/wp\/v2\/users\/2"}],"replies":[{"embeddable":true,"href":"https:\/\/www.europesays.com\/lv\/wp-json\/wp\/v2\/comments?post=47866"}],"version-history":[{"count":0,"href":"https:\/\/www.europesays.com\/lv\/wp-json\/wp\/v2\/posts\/47866\/revisions"}],"wp:featuredmedia":[{"embeddable":true,"href":"https:\/\/www.europesays.com\/lv\/wp-json\/wp\/v2\/media\/47867"}],"wp:attachment":[{"href":"https:\/\/www.europesays.com\/lv\/wp-json\/wp\/v2\/media?parent=47866"}],"wp:term":[{"taxonomy":"category","embeddable":true,"href":"https:\/\/www.europesays.com\/lv\/wp-json\/wp\/v2\/categories?post=47866"},{"taxonomy":"post_tag","embeddable":true,"href":"https:\/\/www.europesays.com\/lv\/wp-json\/wp\/v2\/tags?post=47866"}],"curies":[{"name":"wp","href":"https:\/\/api.w.org\/{rel}","templated":true}]}}