{"id":47870,"date":"2025-11-13T09:02:23","date_gmt":"2025-11-13T09:02:23","guid":{"rendered":"https:\/\/www.europesays.com\/lv\/47870\/"},"modified":"2025-11-13T09:02:23","modified_gmt":"2025-11-13T09:02:23","slug":"siksna-apstiprinasanai-seplp-locekla-amata-nepietiek-balsu-vins-kandidaturu-neatsauks","status":"publish","type":"post","link":"https:\/\/www.europesays.com\/lv\/47870\/","title":{"rendered":"Sik\u0161\u0146a apstiprin\u0101\u0161anai SEPLP locek\u013ca amat\u0101 nepietiek balsu; vi\u0146\u0161 kandidat\u016bru neatsauks"},"content":{"rendered":"<p>Vairums parlament\u0101 p\u0101rst\u0101v\u0113to politisko sp\u0113ku frakciju pazi\u0146oju\u0161as, ka <a rel=\"noopener nofollow\" target=\"_blank\" href=\"https:\/\/www.delfi.lv\/temas\/38952207\/saeima\" tag-id=\"38952207\">Saeimas<\/a> balsojum\u0101 ceturtdien, 13. novembr\u012b, neatbalst\u012bs J\u0101\u0146a Sik\u0161\u0146a kandidat\u016bru Sabiedrisko elektronisko pla\u0161sazi\u0146as l\u012bdzek\u013cu padomes (<a rel=\"noopener nofollow\" target=\"_blank\" href=\"https:\/\/www.delfi.lv\/temas\/56424609\/seplp-1\" tag-id=\"56424609\">SEPLP<\/a>) locek\u013ca amatam.<\/p>\n<p>Par to, ka Saeimas balsojum\u0101 neatbalst\u012bs Siksni, pazi\u0146ojusi <a rel=\"noopener nofollow\" target=\"_blank\" href=\"https:\/\/www.delfi.lv\/temas\/41185571\/zalo-un-zemnieku-savieniba\" tag-id=\"41185571\">Za\u013co un zemnieku savien\u012bba<\/a> (ZZS), opoz\u012bcijas partijas &#8220;<a rel=\"noopener nofollow\" target=\"_blank\" href=\"https:\/\/www.delfi.lv\/temas\/54918402\/apvienotais-saraksts\" tag-id=\"54918402\">Apvienotais saraksts<\/a>&#8221; (AS), Nacion\u0101l\u0101 apvien\u012bba un partija &#8220;Latvija pirmaj\u0101 viet\u0101&#8221; (LPV).<\/p>\n<p>K\u0101 pav\u0113st\u012bja ZZS Saeimas frakcijas vad\u012bt\u0101js Harijs Rokpelnis, frakcija sa\u0146\u0113musi pretrun\u012bgus v\u0113rt\u0113jumus par vi\u0146a l\u012bdz\u0161in\u0113jo darbu no da\u017e\u0101diem mediju jomas p\u0101rst\u0101vjiem. T\u0101pat sa\u0146emts ar\u012b SEPLP locekles Unas Klapkalnes izv\u0113rsts argument\u0113ts skaidrojums, k\u0101d\u0113\u013c Siksnis nav piem\u0113rot\u0101k\u0101 kandidat\u016bra \u0161im amatam, vi\u0146\u0161 teica.<\/p>\n<p>Savuk\u0101rt partijas &#8220;Stabilit\u0101tei&#8221; deput\u0101ti balsojum\u0101 par Siksni nepiedal\u012b\u0161oties.<\/p>\n<p>K\u0101 nor\u0101d\u012bja &#8220;Stabilit\u0101tei&#8221; Saeimas frakcijas priek\u0161s\u0113d\u0113t\u0101ja Svetlana \u010culkova, esot \u013coti daudz jaut\u0101jumu saist\u012bb\u0101 ar Siksni. T\u0101pat frakcija neesot sa\u0146\u0113musi atbildi uz jaut\u0101jumu par to, vai sabiedriskaj\u0101 medij\u0101 tiks saglab\u0101ta krievu valoda.<\/p>\n<p>Atbalstu Siksnim pa\u0161laik paudu\u0161i vien &#8220;Progres\u012bvie&#8221;, savuk\u0101rt &#8220;Jaun\u0101s vienot\u012bbas&#8221; (JV) Saeimas frakcijas vad\u012bt\u0101js Edmunds Jur\u0113vics sac\u012bja, ka JV Saeimas frakcija respekt\u0113 Nevalstisko organiz\u0101ciju (NVO) un Ministru kabineta (MK) sadarb\u012bbas memoranda padomi, ta\u010du, \u0146emot v\u0113r\u0101 p\u0113d\u0113jo divu dienu notikumus, tostarp Klapkalnes publiski pausto un faktu, ka Saeimas vair\u0101kums Siksni neatbalsta, frakcija savu gala l\u0113mumu pie\u0146ems ceturtdien, pirms balsojuma.<\/p>\n<p>JV Saeim\u0101 ir 25 deput\u0101ti, ZZS frakcij\u0101 \u2013 16 deput\u0101ti, bet &#8220;Progres\u012bvo&#8221; rind\u0101s \u2013 asto\u0146i Saeimas deput\u0101ti. AS ir 13 deput\u0101ti, Nacion\u0101lajai apvien\u012bbai \u2013 12 deput\u0101ti, LPV un &#8220;Stabilit\u0101tei&#8221; \u2013 katr\u0101 pa asto\u0146iem deput\u0101tiem. V\u0113l Saeim\u0101 ir desmit pie frakcij\u0101m nepiedero\u0161i deput\u0101ti, da\u017ei no kuriem atbalsta valdo\u0161o koal\u012bciju.<\/p>\n<p>Tikm\u0113r Siksnis nepl\u0101no atsaukt savu kandidat\u016bru amatam, neskatoties uz to, ka balsis vi\u0146a apstiprin\u0101\u0161anai Saeim\u0101 \u0161obr\u012bd nepietiek. To Siksnis dienu pirms balsojuma par vi\u0146a kandidat\u016bru apliecin\u0101ja a\u0123ent\u016brai LETA.<\/p>\n<p>Jau v\u0113st\u012bts, ka SEPLP locekle Klapkalne ir nos\u016bt\u012bjusi v\u0113stuli Saeim\u0101 p\u0101rst\u0101v\u0113to koal\u012bcijas frakciju vad\u012bt\u0101jiem, kur\u0101 aicina tre\u0161\u0101 padomes locek\u013ca amat\u0101 neapstiprin\u0101t tam izvirz\u012bto kandid\u0101tu Siksni, pret\u0113j\u0101 gad\u012bjum\u0101 solot atk\u0101pties pati, liecina a\u0123ent\u016bras LETA r\u012bc\u012bb\u0101 eso\u0161\u0101 v\u0113stule. Vi\u0146ai k\u0101 Latvijas Radio valdes priek\u0161s\u0113d\u0113t\u0101jai bijusi iesp\u0113ja str\u0101d\u0101t ar iepriek\u0161\u0113jo SEPLP, kuru tolaik vad\u012bja Siksnis, un v\u0113rot t\u0101s darb\u012bbu. Klapkalnes ieskat\u0101, l\u0113mumu pie\u0146em\u0161ana un sabiedrisko mediju p\u0101rvald\u012bba Sik\u0161\u0146a vad\u012bt\u0101s padomes laik\u0101 bie\u017ei bijusi haotiska un nep\u0101rdom\u0101ta.<\/p>\n<p>Lasiet ar\u012b<\/p>\n<p><a href=\"https:\/\/www.delfi.lv\/898102\/versijas\/120094883\/janis-siksnis-par-latvijas-sabiedriska-medija-padomes-loceklu-ievelesanu\" class=\"headline__image-link\" itemprop=\"url\" rel=\"nofollow noopener\" target=\"_blank\"><img decoding=\"async\" loading=\"lazy\" itemprop=\"image\" src=\"https:\/\/www.europesays.com\/lv\/wp-content\/uploads\/2025\/11\/5e43e0eb-1079-4230-a6ce-7242b85980d3.jpg\" alt=\"J\u0101nis Siksnis: Par Latvijas Sabiedrisk\u0101 medija padomes locek\u013cu iev\u0113l\u0113\u0161anu\" title=\"J\u0101nis Siksnis: Par Latvijas Sabiedrisk\u0101 medija padomes locek\u013cu iev\u0113l\u0113\u0161anu\" class=\"headline__image img-fluid w-100\"\/><\/a><a href=\"https:\/\/www.delfi.lv\/193\/politics\/120094834\/klapkalne-aicina-neapstiprinat-siksni-seplp-locekla-amata-sola-atkapties-pati\" class=\"headline__image-link\" itemprop=\"url\" rel=\"nofollow noopener\" target=\"_blank\"><img decoding=\"async\" loading=\"lazy\" itemprop=\"image\" src=\"https:\/\/www.europesays.com\/lv\/wp-content\/uploads\/2025\/11\/b3c52f9b-b949-4314-955a-73b84dfe67d7.jpg\" alt=\"Klapkalne aicina neapstiprin\u0101t Siksni SEPLP locek\u013ca amat\u0101; sola atk\u0101pties pati\" title=\"Klapkalne aicina neapstiprin\u0101t Siksni SEPLP locek\u013ca amat\u0101; sola atk\u0101pties pati\" class=\"headline__image img-fluid w-100\"\/><\/a><\/p>\n<p>Iepriek\u0161 Sik\u0161\u0146a apstiprin\u0101\u0161anu par SEPLP locekli neatbalst\u012bja vairums Saeimas Cilv\u0113kties\u012bbu un sabiedrisko lietu komisijas deput\u0101tu.<\/p>\n<p>Siksnis tika atz\u012bts par lab\u0101ko kandid\u0101tu Memoranda padomes atk\u0101rtoti r\u012bkotaj\u0101 konkurs\u0101 uz \u0161o vakanci. \u0160oreiz, at\u0161\u0137ir\u012bb\u0101 no iepriek\u0161\u0113j\u0101 konkursa, Memoranda padomes locek\u013ciem bija j\u0101balso atkl\u0101ti, un balsojum\u0101 nebija iesp\u0113jams attur\u0113ties. A\u0123ent\u016brai LETA zin\u0101ms, ka Siksnis bija sa\u0146\u0113mis augst\u0101ko punktu skaitu ar\u012b iepriek\u0161\u0113j\u0101 konkurs\u0101, tom\u0113r Memoranda padome balsojum\u0101 atbalst\u012bja Ivara Beltes, nevis Sik\u0161\u0146a kandidat\u016bru.<\/p>\n<p>Skaidrojot motiv\u0101ciju pieteikties SEPLP locek\u013ca amatam, Siksnis nor\u0101d\u012bja, ka mediji ir vi\u0146a nozare, kur\u0101 pavad\u012bjis gandr\u012bz visu savu profesion\u0101lo m\u016b\u017eu. Vi\u0146u \u0161\u012b nozare interes\u0113jot un vi\u0146\u0161 saredzot, k\u0101 ar savu pieredzi var ieguld\u012bt notieko\u0161ajos procesos.<\/p>\n<p>Run\u0101jot par pa\u0161as padomes darbu, Siksnis atzina, ka saredz lielas at\u0161\u0137ir\u012bbas taj\u0101, k\u0101 tai vajadz\u0113tu str\u0101d\u0101t \u0161obr\u012bd no t\u0101, k\u0101 padome str\u0101d\u0101ja iepriek\u0161\u0113jos \u010detrus gadus. Vi\u0146apr\u0101t, SEPLP b\u016btu vair\u0101k j\u0101p\u0101riet tie\u0161i uz Latvijas sabiedrisk\u0101 medija (LSM) uzraudz\u012bbu, l\u012bdz ar to padomes locek\u013ciem darbs SEPLP vairs neb\u016btu veicams ar\u012b pilnu slodzi. Tas noz\u012bm\u0113tu ar\u012b SEPLP locek\u013cu algas samazin\u0101jumu. Vienlaikus, p\u0113c Sik\u0161\u0146a dom\u0101m, b\u016btu nepiecie\u0161ama SEPLP locek\u013cu skaita palielin\u0101\u0161ana, papla\u0161inot padomes kompetences.<\/p>\n<p>Siksnis bija SEPLP priek\u0161s\u0113d\u0113t\u0101js l\u012bdz 2025. gada 3. augustam.<\/p>\n<p>Saeimas deput\u0101ti 19. j\u016bnij\u0101 SEPLP locek\u013cu amatos iec\u0113la Unu Klapkalni un Sanitu Upleju-Jegermani. L\u012bdz\u0161in\u0113jo SEPLP locekli Upleju-Jegermani darbam padom\u0113 izvirz\u012bja Valsts prezidents, bet biju\u0161o Latvijas Radio valdes priek\u0161s\u0113d\u0113t\u0101ju Klapkalni \u2013 Saeimas deput\u0101ti. L\u012bdz ar \u0161\u012bm p\u0101rmai\u0146\u0101m amatus SEPLP zaud\u0113ja Siksnis, kuru pirms vair\u0101kiem gadiem darbam padom\u0113 bija virz\u012bjusi Memoranda padome, un J\u0101nis Egl\u012btis, kur\u0161 savulaik bija Saeimas virz\u012bts SEPLP loceklis.<\/p>\n<p>SEPLP locek\u013ca m\u0113ne\u0161alga ir 5196 eiro pirms nodok\u013cu nomaksas.<\/p>\n<p>SEPLP sast\u0101v\u0101 ir tr\u012bs locek\u013ci, kurus apstiprina Saeima. Vienu locekli apstiprin\u0101\u0161anai izvirza Valsts prezidents, vienu \u2013 NVO un MK sadarb\u012bbas memoranda \u012bsteno\u0161anas padome, bet v\u0113l vienu \u2013 Saeima. SEPLP locekli var apstiprin\u0101t amat\u0101 ne vair\u0101k k\u0101 divas reizes p\u0113c k\u0101rtas.<\/p>\n<p>SEPLP ir neatkar\u012bga, pilnties\u012bga, autonoma instit\u016bcija, kas atbilsto\u0161i savai kompetencei p\u0101rst\u0101v sabiedr\u012bbas intereses sabiedrisko mediju jom\u0101.<\/p>\n<p class=\"m-0\">Seko &#8220;Delfi&#8221; ar\u012b  <a target=\"_blank\" href=\"https:\/\/www.instagram.com\/delfi.lv\/\" rel=\"nofollow noopener\">Instagram<\/a>  un <a target=\"_blank\" href=\"https:\/\/www.youtube.com\/channel\/UCw5foWtcJvAbUm64rv7jwUQ\" rel=\"nofollow noopener\">YouTube<\/a>  profil\u0101 \u2013 pievienojies, lai uzzin\u0101tu svar\u012bg\u0101ko un interesant\u0101ko pirmais!<\/p>\n<p>Publik\u0101cijas saturs vai t\u0101s jebk\u0101da apjoma da\u013ca ir aizsarg\u0101ts autorties\u012bbu objekts Autorties\u012bbu likuma izpratn\u0113, un t\u0101 izmanto\u0161ana bez izdev\u0113ja at\u013caujas ir aizliegta. Vair\u0101k lasi  <a target=\"_blank\" href=\"https:\/\/www.delfi.lv\/noteikumi#autortiesibas\" rel=\"nofollow noopener\">\u0161eit<\/a><script async src=\"\/\/www.instagram.com\/embed.js\"><\/script><\/p>\n","protected":false},"excerpt":{"rendered":"Vairums parlament\u0101 p\u0101rst\u0101v\u0113to politisko sp\u0113ku frakciju pazi\u0146oju\u0161as, ka Saeimas balsojum\u0101 ceturtdien, 13. novembr\u012b, neatbalst\u012bs J\u0101\u0146a Sik\u0161\u0146a kandidat\u016bru Sabiedrisko&hellip;\n","protected":false},"author":2,"featured_media":47871,"comment_status":"","ping_status":"","sticky":false,"template":"","format":"standard","meta":{"footnotes":""},"categories":[5],"tags":[23,9194,28,29,32,33,22,11331,30,31,35,39,38,36,37,34,40,20,26,27,141,6891,24,25,2223,21],"class_list":{"0":"post-47870","1":"post","2":"type-post","3":"status-publish","4":"format-standard","5":"has-post-thumbnail","7":"category-aktualitates","8":"tag-aktualitates","9":"tag-apvienotais-saraksts","10":"tag-breaking-news","11":"tag-breakingnews","12":"tag-featured-news","13":"tag-featurednews","14":"tag-headlines","15":"tag-janis-siksnis","16":"tag-latest-news","17":"tag-latestnews","18":"tag-latvia","19":"tag-latvian","20":"tag-latviesu","21":"tag-latviesu-valoda","22":"tag-latviesuvaloda","23":"tag-latvija","24":"tag-lv","25":"tag-news","26":"tag-popularakas-zinas","27":"tag-popularakaszinas","28":"tag-saeima","29":"tag-seplp","30":"tag-top-stories","31":"tag-topstories","32":"tag-zalo-un-zemnieku-savieniba","33":"tag-zinas"},"share_on_mastodon":{"url":"https:\/\/pubeurope.com\/@lv\/115541583248627066","error":""},"_links":{"self":[{"href":"https:\/\/www.europesays.com\/lv\/wp-json\/wp\/v2\/posts\/47870","targetHints":{"allow":["GET"]}}],"collection":[{"href":"https:\/\/www.europesays.com\/lv\/wp-json\/wp\/v2\/posts"}],"about":[{"href":"https:\/\/www.europesays.com\/lv\/wp-json\/wp\/v2\/types\/post"}],"author":[{"embeddable":true,"href":"https:\/\/www.europesays.com\/lv\/wp-json\/wp\/v2\/users\/2"}],"replies":[{"embeddable":true,"href":"https:\/\/www.europesays.com\/lv\/wp-json\/wp\/v2\/comments?post=47870"}],"version-history":[{"count":0,"href":"https:\/\/www.europesays.com\/lv\/wp-json\/wp\/v2\/posts\/47870\/revisions"}],"wp:featuredmedia":[{"embeddable":true,"href":"https:\/\/www.europesays.com\/lv\/wp-json\/wp\/v2\/media\/47871"}],"wp:attachment":[{"href":"https:\/\/www.europesays.com\/lv\/wp-json\/wp\/v2\/media?parent=47870"}],"wp:term":[{"taxonomy":"category","embeddable":true,"href":"https:\/\/www.europesays.com\/lv\/wp-json\/wp\/v2\/categories?post=47870"},{"taxonomy":"post_tag","embeddable":true,"href":"https:\/\/www.europesays.com\/lv\/wp-json\/wp\/v2\/tags?post=47870"}],"curies":[{"name":"wp","href":"https:\/\/api.w.org\/{rel}","templated":true}]}}