{"id":47878,"date":"2025-11-13T09:08:13","date_gmt":"2025-11-13T09:08:13","guid":{"rendered":"https:\/\/www.europesays.com\/lv\/47878\/"},"modified":"2025-11-13T09:08:13","modified_gmt":"2025-11-13T09:08:13","slug":"diskusija-par-stambulas-konvenciju-izgaja-no-ramjiem-secina-prezidents","status":"publish","type":"post","link":"https:\/\/www.europesays.com\/lv\/47878\/","title":{"rendered":"Diskusija par Stambulas konvenciju izg\u0101ja no r\u0101mjiem, secina prezidents"},"content":{"rendered":"<p>Nesen\u0101 diskusija par Stambulas konvenciju izg\u0101ja no r\u0101mjiem \u2013 diem\u017e\u0113l no ab\u0101m pus\u0113m, t\u0101du secin\u0101jumu LTV raid\u012bjum\u0101 &#8220;R\u012bta panor\u0101m\u0101&#8221; pauda prezidents Edgars Rink\u0113vi\u010ds.<\/p>\n<p>Vi\u0146\u0161 nor\u0101d\u012bja, ka nedr\u012bkst visus oponentus saukt par Krem\u013ca a\u0123entiem un apstulbotajiem tikai t\u0101p\u0113c, ka tas ir cits viedoklis. Vi\u0146\u0161 uzsv\u0113ra, ka ar\u012b p\u0101rmetumi no otras nometnes bija skarbi un neveidoja labu diskusiju.<\/p>\n<p>&#8220;Es ceru, ka tas, kas notika ap konvenciju, liks politi\u0137iem un viedok\u013cu l\u012bderiem apst\u0101ties, jo tur skan\u0113ja lietas, kas, manupr\u0101t, nav pie\u0146emamas,&#8221; pauda Rink\u0113vi\u010ds.<\/p>\n<p>Rink\u0113vi\u010ds ar\u012b atg\u0101din\u0101ja, ka visa dz\u012bve nenotiek soci\u0101lajos t\u012bklos. Vi\u0146\u0161 aicin\u0101ja politi\u0137us vair\u0101k doties pie cilv\u0113kiem un pam\u0101c\u012bties sarunu kult\u016bru, k\u0101 ar\u012b skubin\u0101ja to dar\u012bt &#8220;vienam otram karst\u0101kam viedok\u013cu l\u012bderim&#8221;.<\/p>\n<p>&#8220;Daudzas lietas pirms 20 gadiem \u0161\u0137ita neiesp\u0113jamas. Da\u017es labs politi\u0137is par saviem izteikumiem b\u016btu izbalsots vai devies citos darba laukos \u2013 \u0161obr\u012bd t\u0101 ir norma. Kaut kas ir main\u012bjies uztver\u0113 par pie\u013caujam\u0101m norm\u0101m, diem\u017e\u0113l, tas ka mums \u0161obr\u012bd ir pieejamas tehnolo\u0123ijas, rakst\u0101m koment\u0101rus, neredzam cilv\u0113ku, kuru m\u0113s aizskaram, mums liekas, ka tas ir bezperson\u012bgi. Kad s\u0113\u017eam studij\u0101, diez vai pateiksim daudzas rupj\u012bbas, ko velt\u0101m [soci\u0101lajos t\u012bklos \u2013 red],&#8221; pauda Rink\u0113vi\u010ds.<\/p>\n<p>Koment\u0113jot vald\u012bbas darbu, prezidents atz\u012bm\u0113ja, ka pirmais p\u0101rbaud\u012bjums tai b\u016bs n\u0101kam\u0101 gada bud\u017eets. Taj\u0101 esot labas lietas, piem\u0113ram, finans\u0113jums aizsardz\u012bbai, demogr\u0101fijai, tom\u0113r k\u0101 probl\u0113mu vi\u0146\u0161 redz valsts par\u0101da pieaugumu. Vi\u0146apr\u0101t, ne birokr\u0101tijas, ne izdevumu mazin\u0101\u0161ana nav nesusi rezult\u0101tu.<\/p>\n<p>Savuk\u0101rt p\u0113c bud\u017eeta pie\u0146em\u0161anas vald\u012bbas partij\u0101m b\u016btu j\u0101izrun\u0101jas \u2013 var vai nevar turpin\u0101t str\u0101d\u0101t. &#8220;Vismu\u013c\u0137\u012bg\u0101k b\u016btu izlikties 10 m\u0113ne\u0161us str\u0101d\u0101jot, jo tas atsauksies uz visiem, m\u016bsu att\u012bst\u012bbu, un v\u0113l\u0113t\u0101js to nov\u0113rt\u0113s v\u0113l\u0113\u0161an\u0101s. Saruna b\u016bs iesp\u0113jama p\u0113c bud\u017eeta, gribu mudin\u0101t to pie\u0146emt un tad pa\u0161iem saprast \u2013 str\u0101d\u0101t vai nestr\u0101d\u0101t. Cit\u0101di b\u016bs gr\u016bti,&#8221; pauda Rink\u0113vi\u010ds.<\/p>\n<p>Vienlaikus vi\u0146\u0161 grib\u0113tu, lai Saeima bud\u017eet\u0101 piestr\u0101d\u0101 pie vesel\u012bbas jaut\u0101jumiem, jo pa\u0161laik finans\u0113jums ir problem\u0101tisks, k\u0101 ar\u012b j\u0101skat\u0101s, vai v\u0113l nevar p\u0101rskat\u012bt k\u0101dus izdevumus. &#8220;Tas vairs nav vald\u012bbas rokas, tas ir Saeimas rok\u0101s, un tur ir iesp\u0113ja bud\u017eetu piekori\u0123\u0113t, sl\u0113gts tas jaut\u0101jums nav,&#8221; nor\u0101d\u012bja Rink\u0113vi\u010ds.<\/p>\n<p>Jau zi\u0146ots, ka <a rel=\"noopener nofollow\" target=\"_blank\" href=\"https:\/\/www.delfi.lv\/temas\/38952207\/saeima\" data-rel-date-range=\"[]\">Saeima<\/a> ceturtdien, 6. novembr\u012b, \u0101rk\u0101rtas s\u0113d\u0113 pirmaj\u0101 las\u012bjum\u0101 atbalst\u012bja 2026. gada bud\u017eeta projektu, kas paredz ie\u0146\u0113mumu pieaugumu 944,6 miljonu eiro apm\u0113r\u0101, bet izdevumu pieaugums paredz\u0113ts 804,3 miljonu eiro apm\u0113r\u0101. <\/p>\n<p class=\"western\">2026. gada bud\u017eetu pirmaj\u0101 las\u012bjum\u0101 atbalst\u012bja 51 deput\u0101ts, bet &#8220;pret&#8221; balsoja 45 parlament\u0101rie\u0161i. <\/p>\n<p class=\"western\">Balsojums par n\u0101kam\u0101 gada bud\u017eetu gal\u012bgaj\u0101 las\u012bjum\u0101 pl\u0101nos 3. decembr\u012b.<\/p>\n<p class=\"m-0\">Seko &#8220;Delfi&#8221; ar\u012b  <a target=\"_blank\" href=\"https:\/\/www.instagram.com\/delfi.lv\/\" rel=\"nofollow noopener\">Instagram<\/a>  un <a target=\"_blank\" href=\"https:\/\/www.youtube.com\/channel\/UCw5foWtcJvAbUm64rv7jwUQ\" rel=\"nofollow noopener\">YouTube<\/a>  profil\u0101 \u2013 pievienojies, lai uzzin\u0101tu svar\u012bg\u0101ko un interesant\u0101ko pirmais!<\/p>\n<p>Publik\u0101cijas saturs vai t\u0101s jebk\u0101da apjoma da\u013ca ir aizsarg\u0101ts autorties\u012bbu objekts Autorties\u012bbu likuma izpratn\u0113, un t\u0101 izmanto\u0161ana bez izdev\u0113ja at\u013caujas ir aizliegta. Vair\u0101k lasi  <a target=\"_blank\" href=\"https:\/\/www.delfi.lv\/noteikumi#autortiesibas\" rel=\"nofollow noopener\">\u0161eit<\/a><script async src=\"\/\/www.instagram.com\/embed.js\"><\/script><\/p>\n","protected":false},"excerpt":{"rendered":"Nesen\u0101 diskusija par Stambulas konvenciju izg\u0101ja no r\u0101mjiem \u2013 diem\u017e\u0113l no ab\u0101m pus\u0113m, t\u0101du secin\u0101jumu LTV raid\u012bjum\u0101 &#8220;R\u012bta&hellip;\n","protected":false},"author":2,"featured_media":47879,"comment_status":"","ping_status":"","sticky":false,"template":"","format":"standard","meta":{"footnotes":""},"categories":[5],"tags":[23,28,29,1040,816,32,33,22,30,31,35,39,38,36,37,34,40,20,26,27,2023,24,25,331,9191,21],"class_list":{"0":"post-47878","1":"post","2":"type-post","3":"status-publish","4":"format-standard","5":"has-post-thumbnail","7":"category-aktualitates","8":"tag-aktualitates","9":"tag-breaking-news","10":"tag-breakingnews","11":"tag-budzets-2026","12":"tag-edgars-rinkevics","13":"tag-featured-news","14":"tag-featurednews","15":"tag-headlines","16":"tag-latest-news","17":"tag-latestnews","18":"tag-latvia","19":"tag-latvian","20":"tag-latviesu","21":"tag-latviesu-valoda","22":"tag-latviesuvaloda","23":"tag-latvija","24":"tag-lv","25":"tag-news","26":"tag-popularakas-zinas","27":"tag-popularakaszinas","28":"tag-stambulas-konvencija","29":"tag-top-stories","30":"tag-topstories","31":"tag-valsts-budzets","32":"tag-valsts-prezidents","33":"tag-zinas"},"share_on_mastodon":{"url":"https:\/\/pubeurope.com\/@lv\/115541606682582924","error":""},"_links":{"self":[{"href":"https:\/\/www.europesays.com\/lv\/wp-json\/wp\/v2\/posts\/47878","targetHints":{"allow":["GET"]}}],"collection":[{"href":"https:\/\/www.europesays.com\/lv\/wp-json\/wp\/v2\/posts"}],"about":[{"href":"https:\/\/www.europesays.com\/lv\/wp-json\/wp\/v2\/types\/post"}],"author":[{"embeddable":true,"href":"https:\/\/www.europesays.com\/lv\/wp-json\/wp\/v2\/users\/2"}],"replies":[{"embeddable":true,"href":"https:\/\/www.europesays.com\/lv\/wp-json\/wp\/v2\/comments?post=47878"}],"version-history":[{"count":0,"href":"https:\/\/www.europesays.com\/lv\/wp-json\/wp\/v2\/posts\/47878\/revisions"}],"wp:featuredmedia":[{"embeddable":true,"href":"https:\/\/www.europesays.com\/lv\/wp-json\/wp\/v2\/media\/47879"}],"wp:attachment":[{"href":"https:\/\/www.europesays.com\/lv\/wp-json\/wp\/v2\/media?parent=47878"}],"wp:term":[{"taxonomy":"category","embeddable":true,"href":"https:\/\/www.europesays.com\/lv\/wp-json\/wp\/v2\/categories?post=47878"},{"taxonomy":"post_tag","embeddable":true,"href":"https:\/\/www.europesays.com\/lv\/wp-json\/wp\/v2\/tags?post=47878"}],"curies":[{"name":"wp","href":"https:\/\/api.w.org\/{rel}","templated":true}]}}