{"id":47885,"date":"2025-11-13T09:15:07","date_gmt":"2025-11-13T09:15:07","guid":{"rendered":"https:\/\/www.europesays.com\/lv\/47885\/"},"modified":"2025-11-13T09:15:07","modified_gmt":"2025-11-13T09:15:07","slug":"runa-ir-par-musu-identitates-aizsardzibu-kanada-velas-piedalities-eirovizija","status":"publish","type":"post","link":"https:\/\/www.europesays.com\/lv\/47885\/","title":{"rendered":"&#8220;Runa ir par m\u016bsu identit\u0101tes aizsardz\u012bbu.&#8221; Kan\u0101da v\u0113las piedal\u012bties Eirov\u012bzij\u0101"},"content":{"rendered":"<p>Jaut\u0101ts par \u0161o ideju, valsts finan\u0161u ministrs Fransu\u0101-Filips \u0160ampa\u0146s skaidroja, ka priek\u0161likums pievienoties \u0161im spo\u017eajam TV notikumam esot n\u0101cis no &#8220;tiem, kas taj\u0101 piedal\u0101s&#8221;.<\/p>\n<p>Ministrs gan nepreciz\u0113ja, vai runa ir par konkr\u0113t\u0101m valst\u012bm vai par Eiropas Raidorganiz\u0101ciju apvien\u012bbu, kas organiz\u0113 konkursu. &#8220;CBC\/Radio-Canada&#8221; ir \u0161\u012bs apvien\u012bbas asoci\u0113t\u0101 dal\u012bbniece; tie\u0161i t\u0101ds pats statuss ir Austr\u0101lijai, kuru 2015. gad\u0101 konkursa valde uzaicin\u0101ja pievienoties Eirov\u012bzijai.<\/p>\n<p>\u0160ampa\u0146s tom\u0113r \u0161\u0137ita atbalst\u0101m Kan\u0101das amb\u012bcijas, nor\u0101dot, ka ideja iederas vald\u012bbas strat\u0113\u0123ij\u0101 pak\u0101peniski att\u0101lin\u0101ties no ASV un cie\u0161\u0101k saist\u012bties ar Eiropu.<\/p>\n<p>&#8220;Es dom\u0101ju, ka t\u0101 b\u016btu platforma, kur Kan\u0101dai sp\u012bd\u0113t,&#8221; ministrs sac\u012bja intervij\u0101 &#8220;Global News&#8221;. &#8220;Runa ir par m\u016bsu identit\u0101tes aizsardz\u012bbu &#8211; j\u0101, m\u0113s gribam aizsarg\u0101t suverenit\u0101ti, bet m\u0113s gribam ar\u012b pal\u012bdz\u0113t m\u0101kslas un filmu industrijai, lai m\u016bs\u0113jie var\u0113tu sevi par\u0101d\u012bt pasaul\u0113. Un kan\u0101die\u0161iem ir, ko pied\u0101v\u0101t.&#8221;<\/p>\n<blockquote class=\"quote ck-widget\" contenteditable=\"false\">\n<p>P\u0113d\u0113jos m\u0113ne\u0161os, kam\u0113r Donalds Tramps publiski ap\u0161auba Kan\u0101das suverenit\u0101ti un ievie\u0161 jaunus tarifus, Otava saspringti cen\u0161as stiprin\u0101t attiec\u012bbas ar sabiedrotajiem vis\u0101 pasaul\u0113.<\/p>\n<\/blockquote>\n<p>Mart\u0101 premjerministrs Marks K\u0101rnijs sav\u0101 pirmaj\u0101 \u0101rvalstu viz\u012bt\u0113 apmekl\u0113ja Franciju un Lielbrit\u0101niju, kur pazi\u0146oja, ka Kan\u0101da esot &#8220;viseiropeisk\u0101k\u0101 no neeiropie\u0161u valst\u012bm&#8221;.<\/p>\n","protected":false},"excerpt":{"rendered":"Jaut\u0101ts par \u0161o ideju, valsts finan\u0161u ministrs Fransu\u0101-Filips \u0160ampa\u0146s skaidroja, ka priek\u0161likums pievienoties \u0161im spo\u017eajam TV notikumam esot&hellip;\n","protected":false},"author":2,"featured_media":47886,"comment_status":"","ping_status":"","sticky":false,"template":"","format":"standard","meta":{"footnotes":""},"categories":[19],"tags":[492,89,90,35,39,38,36,37,34,40,103,13229],"class_list":{"0":"post-47885","1":"post","2":"type-post","3":"status-publish","4":"format-standard","5":"has-post-thumbnail","7":"category-izklaide","8":"tag-eirovizija","9":"tag-entertainment","10":"tag-izklaide","11":"tag-latvia","12":"tag-latvian","13":"tag-latviesu","14":"tag-latviesu-valoda","15":"tag-latviesuvaloda","16":"tag-latvija","17":"tag-lv","18":"tag-muzika","19":"tag-muzikas-bizness"},"share_on_mastodon":{"url":"https:\/\/pubeurope.com\/@lv\/115541634133957315","error":""},"_links":{"self":[{"href":"https:\/\/www.europesays.com\/lv\/wp-json\/wp\/v2\/posts\/47885","targetHints":{"allow":["GET"]}}],"collection":[{"href":"https:\/\/www.europesays.com\/lv\/wp-json\/wp\/v2\/posts"}],"about":[{"href":"https:\/\/www.europesays.com\/lv\/wp-json\/wp\/v2\/types\/post"}],"author":[{"embeddable":true,"href":"https:\/\/www.europesays.com\/lv\/wp-json\/wp\/v2\/users\/2"}],"replies":[{"embeddable":true,"href":"https:\/\/www.europesays.com\/lv\/wp-json\/wp\/v2\/comments?post=47885"}],"version-history":[{"count":0,"href":"https:\/\/www.europesays.com\/lv\/wp-json\/wp\/v2\/posts\/47885\/revisions"}],"wp:featuredmedia":[{"embeddable":true,"href":"https:\/\/www.europesays.com\/lv\/wp-json\/wp\/v2\/media\/47886"}],"wp:attachment":[{"href":"https:\/\/www.europesays.com\/lv\/wp-json\/wp\/v2\/media?parent=47885"}],"wp:term":[{"taxonomy":"category","embeddable":true,"href":"https:\/\/www.europesays.com\/lv\/wp-json\/wp\/v2\/categories?post=47885"},{"taxonomy":"post_tag","embeddable":true,"href":"https:\/\/www.europesays.com\/lv\/wp-json\/wp\/v2\/tags?post=47885"}],"curies":[{"name":"wp","href":"https:\/\/api.w.org\/{rel}","templated":true}]}}