{"id":47901,"date":"2025-11-13T09:34:11","date_gmt":"2025-11-13T09:34:11","guid":{"rendered":"https:\/\/www.europesays.com\/lv\/47901\/"},"modified":"2025-11-13T09:34:11","modified_gmt":"2025-11-13T09:34:11","slug":"audi-prezente-savu-pirmo-f-1-formulu-ambicioza-vizija-pirms-debijas-sezonas","status":"publish","type":"post","link":"https:\/\/www.europesays.com\/lv\/47901\/","title":{"rendered":"&#8220;Audi&#8221; prezent\u0113 savu pirmo F-1 formulu \u2013 ambicioza v\u012bzija pirms debijas sezonas"},"content":{"rendered":"<p>V\u0101cu autora\u017eot\u0101js &#8220;<a rel=\"noopener nofollow\" target=\"_blank\" href=\"https:\/\/www.delfi.lv\/temas\/36123910\/audi\" tag-id=\"36123910\">Audi<\/a>&#8221; tre\u0161dien Minhen\u0113 grandioz\u0101 pas\u0101kum\u0101 prezent\u0113ja, k\u0101 var\u0113tu izskat\u012bties pirm\u0101 <a rel=\"noopener nofollow\" target=\"_blank\" href=\"https:\/\/www.delfi.lv\/temas\/42619984\/f-1\" tag-id=\"42619984\">F-1<\/a> sac\u012bk\u0161u ma\u0161\u012bna, kas debit\u0113s 2026. gada sezon\u0101. Ar konceptu\u0101lo dizainu uz\u0146\u0113mums iez\u012bm\u0113jis savu ien\u0101k\u0161anu F-1 pasaul\u0113, kur tas start\u0113s ar pa\u0161u b\u016bv\u0113tu \u0161asiju un dzin\u0113ju, p\u0101r\u0146emot l\u012bdz\u0161in\u0113jo &#8220;<a rel=\"noopener nofollow\" target=\"_blank\" href=\"https:\/\/www.delfi.lv\/temas\/40978091\/sauber\" tag-id=\"40978091\">Sauber<\/a>&#8221; komandas licenci.<\/p>\n<p>Prezent\u0101cij\u0101 piedal\u012bj\u0101s &#8220;Audi&#8221; vad\u012bt\u0101js Gernots D\u0113lners, projekta vad\u012bt\u0101js Matio Binoto, k\u0101 ar\u012b komandas jaunais vad\u012bt\u0101js D\u017eonatans V\u012btlijs, kur\u0161 F-1 aprind\u0101s labi zin\u0101ms p\u0113c 18 gadu darba ar &#8220;Red Bull&#8221;. Uz skatuves k\u0101pa ar\u012b n\u0101kamie &#8220;Audi&#8221; piloti <a rel=\"noopener nofollow\" target=\"_blank\" href=\"https:\/\/www.delfi.lv\/temas\/40413611\/niko-hilkenbergs\" tag-id=\"40413611\">Niko Hilkenbergs<\/a> un Gabriels Bortoleto, kuri komandu p\u0101rst\u0101v ar\u012b \u0161aj\u0101 sezon\u0101 ar veco nosaukumu. <\/p>\n<p>Konceptu\u0101l\u0101 kr\u0101sojuma pamat\u0101 ir tit\u0101na, oglek\u013ca meln\u0101 un &#8220;Audi&#8221; sarkan\u0101 to\u0146u kombin\u0101cija, kas izce\u013c \u010detrus uz\u0146\u0113muma gredzenus \u2013 ikonisko simbolu, kas b\u016bs redzams ar\u012b uz F-1 bol\u012bda. &#8220;Audi&#8221; m\u0113r\u0137is esot rad\u012bt &#8220;vispaman\u0101m\u0101ko ma\u0161\u012bnu uz starta l\u012bnijas&#8221;, kad 2026. gad\u0101 t\u0101 pirmo reizi par\u0101d\u012bsies F-1 \u010dempion\u0101t\u0101.<\/p>\n<blockquote class=\"twitter-tweet\" data-media-max-width=\"560\">\n<p lang=\"en\" dir=\"ltr\">Unveiling Audi&#8217;s R26 Concept design in Munich! \u270d\ufe0f\u2728<a href=\"https:\/\/twitter.com\/hashtag\/F1?src=hash&amp;ref_src=twsrc%5Etfw\" rel=\"nofollow noopener\" target=\"_blank\">#F1<\/a> <a href=\"https:\/\/t.co\/Md6RWzfT7C\" rel=\"nofollow\">pic.twitter.com\/Md6RWzfT7C<\/a><\/p>\n<p>\u2014 Formula 1 (@F1) <a href=\"https:\/\/twitter.com\/F1\/status\/1988713416190751202?ref_src=twsrc%5Etfw\" rel=\"nofollow noopener\" target=\"_blank\">November 12, 2025<\/a><\/p><\/blockquote>\n<p>&#8220;Motorsports ir da\u013ca no m\u016bsu DNS, tas vienm\u0113r bijis inov\u0101ciju dzin\u0113jsp\u0113ks,&#8221; sac\u012bja D\u0113lners. &#8220;Ien\u0101kot F-1, m\u0113s izsak\u0101m skaidru un ambiciozu pazi\u0146ojumu. Tas ir n\u0101kamais solis &#8220;Audi&#8221; att\u012bst\u012bb\u0101 \u2013 ce\u013c\u0161 uz \u0101tr\u0101ku, drosm\u012bg\u0101ku un inovat\u012bv\u0101ku n\u0101kotni. M\u0113s neejam uz F-1 tikai piedal\u012bties. M\u0113s gribam uzvar\u0113t.&#8221;<\/p>\n<p>Vi\u0146\u0161 piebilda, ka l\u012bdz 2030. gadam uz\u0146\u0113muma m\u0113r\u0137is ir c\u012bn\u012bties par pasaules \u010dempiontitulu.<\/p>\n<blockquote class=\"twitter-tweet\">\n<p lang=\"en\" dir=\"ltr\">Audi reveal the R26 Concept \ud83e\udd29<\/p>\n<p>The concept features a preview of the colour scheme and design of the brand&#8217;s 2026 F1 car, which will be unveiled in January \ud83d\udc40<a href=\"https:\/\/twitter.com\/hashtag\/F1?src=hash&amp;ref_src=twsrc%5Etfw\" rel=\"nofollow noopener\" target=\"_blank\">#F1<\/a> <a href=\"https:\/\/t.co\/mV1atw5iG8\" rel=\"nofollow\">pic.twitter.com\/mV1atw5iG8<\/a><\/p>\n<p>\u2014 Formula 1 (@F1) <a href=\"https:\/\/twitter.com\/F1\/status\/1988699155934638524?ref_src=twsrc%5Etfw\" rel=\"nofollow noopener\" target=\"_blank\">November 12, 2025<\/a><\/p><\/blockquote>\n<p>Biju\u0161ais &#8220;Ferrari&#8221; galvenais in\u017eenieris un komandas vad\u012bt\u0101js Binoto tagad p\u0101r\u0146\u0113mis &#8220;Audi&#8221; projektu, un vi\u0146\u0161 uzsver, ka ir vajadz\u012bgs laiks, lai c\u012bn\u012btos par \u010dempionu titulu, t\u0101p\u0113c komanda piesaist\u012bjusi pareizos cilv\u0113kus, kuri gatavi m\u0101c\u012bties un pilnveidoties, lai sasniegtu izvirz\u012btos m\u0113r\u0137us. <\/p>\n<p>21 gadus vecais Gabriels Bortoleto, kur\u0161 \u0161osezon debit\u0113 F-1 ar &#8220;Sauber&#8221;, atzina, ka iesp\u0113ja b\u016bt da\u013cai no &#8220;Audi&#8221; projekta vi\u0146am ir sap\u0146a piepild\u012bjums. &#8220;Mans elks bija <a rel=\"noopener nofollow\" target=\"_blank\" href=\"https:\/\/www.delfi.lv\/temas\/43608647\/airtons-senna\" tag-id=\"43608647\">Airtons Senna<\/a>, kur\u0161 &#8220;Audi&#8221; z\u012bmolu atveda uz Braz\u012bliju. Tagad es pats p\u0101rst\u0101vu &#8220;Audi&#8221;, t\u0101p\u0113c tas ir k\u0101 dz\u012bvot sapn\u012b.&#8221;<\/p>\n<p>Tikm\u0113r pieredz\u0113ju\u0161ais Niko Hilkenbergs, kur\u0161 \u0161ovasar Silverston\u0101 izc\u012bn\u012bja savu pirmo F-1 pjedest\u0101lu karjer\u0101, sac\u012bja, ka varot just, ka te notiek kaut kas liels. &#8220;Komandas ener\u0123ija un amb\u012bcijas ir iespaid\u012bgas. \u0160is ir s\u0101kums \u013coti garam, bet aizraujo\u0161am ce\u013cam,&#8221; nor\u0101d\u012bja pieredz\u0113ju\u0161ais pilots. <\/p>\n<p class=\"m-0\">Seko &#8220;Delfi&#8221; ar\u012b  <a target=\"_blank\" href=\"https:\/\/www.instagram.com\/delfi.lv\/\" rel=\"nofollow noopener\">Instagram<\/a>  un <a target=\"_blank\" href=\"https:\/\/www.youtube.com\/channel\/UCw5foWtcJvAbUm64rv7jwUQ\" rel=\"nofollow noopener\">YouTube<\/a>  profil\u0101 \u2013 pievienojies, lai uzzin\u0101tu svar\u012bg\u0101ko un interesant\u0101ko pirmais!<\/p>\n<p>Publik\u0101cijas saturs vai t\u0101s jebk\u0101da apjoma da\u013ca ir aizsarg\u0101ts autorties\u012bbu objekts Autorties\u012bbu likuma izpratn\u0113, un t\u0101 izmanto\u0161ana bez izdev\u0113ja at\u013caujas ir aizliegta. Vair\u0101k lasi  <a target=\"_blank\" href=\"https:\/\/www.delfi.lv\/noteikumi#autortiesibas\" rel=\"nofollow noopener\">\u0161eit<\/a><script async src=\"https:\/\/platform.twitter.com\/widgets.js\" charset=\"utf-8\"><\/script><script async src=\"\/\/www.instagram.com\/embed.js\"><\/script><\/p>\n","protected":false},"excerpt":{"rendered":"V\u0101cu autora\u017eot\u0101js &#8220;Audi&#8221; tre\u0161dien Minhen\u0113 grandioz\u0101 pas\u0101kum\u0101 prezent\u0113ja, k\u0101 var\u0113tu izskat\u012bties pirm\u0101 F-1 sac\u012bk\u0161u ma\u0161\u012bna, kas debit\u0113s 2026.&hellip;\n","protected":false},"author":2,"featured_media":47902,"comment_status":"","ping_status":"","sticky":false,"template":"","format":"standard","meta":{"footnotes":""},"categories":[17],"tags":[13233,1527,4182,35,39,38,36,37,34,40,13231,13232,67],"class_list":{"0":"post-47901","1":"post","2":"type-post","3":"status-publish","4":"format-standard","5":"has-post-thumbnail","7":"category-sports","8":"tag-airtons-senna","9":"tag-audi","10":"tag-f-1","11":"tag-latvia","12":"tag-latvian","13":"tag-latviesu","14":"tag-latviesu-valoda","15":"tag-latviesuvaloda","16":"tag-latvija","17":"tag-lv","18":"tag-niko-hilkenbergs","19":"tag-sauber","20":"tag-sports"},"share_on_mastodon":{"url":"https:\/\/pubeurope.com\/@lv\/115541708883602887","error":""},"_links":{"self":[{"href":"https:\/\/www.europesays.com\/lv\/wp-json\/wp\/v2\/posts\/47901","targetHints":{"allow":["GET"]}}],"collection":[{"href":"https:\/\/www.europesays.com\/lv\/wp-json\/wp\/v2\/posts"}],"about":[{"href":"https:\/\/www.europesays.com\/lv\/wp-json\/wp\/v2\/types\/post"}],"author":[{"embeddable":true,"href":"https:\/\/www.europesays.com\/lv\/wp-json\/wp\/v2\/users\/2"}],"replies":[{"embeddable":true,"href":"https:\/\/www.europesays.com\/lv\/wp-json\/wp\/v2\/comments?post=47901"}],"version-history":[{"count":0,"href":"https:\/\/www.europesays.com\/lv\/wp-json\/wp\/v2\/posts\/47901\/revisions"}],"wp:featuredmedia":[{"embeddable":true,"href":"https:\/\/www.europesays.com\/lv\/wp-json\/wp\/v2\/media\/47902"}],"wp:attachment":[{"href":"https:\/\/www.europesays.com\/lv\/wp-json\/wp\/v2\/media?parent=47901"}],"wp:term":[{"taxonomy":"category","embeddable":true,"href":"https:\/\/www.europesays.com\/lv\/wp-json\/wp\/v2\/categories?post=47901"},{"taxonomy":"post_tag","embeddable":true,"href":"https:\/\/www.europesays.com\/lv\/wp-json\/wp\/v2\/tags?post=47901"}],"curies":[{"name":"wp","href":"https:\/\/api.w.org\/{rel}","templated":true}]}}