{"id":47929,"date":"2025-11-13T09:58:14","date_gmt":"2025-11-13T09:58:14","guid":{"rendered":"https:\/\/www.europesays.com\/lv\/47929\/"},"modified":"2025-11-13T09:58:14","modified_gmt":"2025-11-13T09:58:14","slug":"pec-neskaidribam-ar-bilesu-tirdzniecibu-limp-bizkit-koncerts-tallina-ir-atcelts","status":"publish","type":"post","link":"https:\/\/www.europesays.com\/lv\/47929\/","title":{"rendered":"P\u0113c neskaidr\u012bb\u0101m ar bi\u013ce\u0161u tirdzniec\u012bbu &#8220;Limp Bizkit&#8221; koncerts Tallin\u0101 ir atcelts"},"content":{"rendered":"<p>Amerik\u0101\u0146u metal grupas &#8220;<a rel=\"noopener nofollow\" target=\"_blank\" href=\"https:\/\/www.delfi.lv\/temas\/40363037\/limp-bizkit\" data-rel-date-range=\"[]\">Limp Bizkit<\/a>&#8221; koncerts Tallin\u0101 n\u0101kam\u0101 gada 31. maij\u0101 ir atcelts, liecina pas\u0101kuma organizatora &#8220;Baltic Live Agency&#8221; nos\u016bt\u012bt\u0101s zi\u0146as grupas faniem, kas bija pieteiku\u0161ies bi\u013ce\u0161u iepriek\u0161p\u0101rdo\u0161anai. <\/p>\n<p>Organizatori pau\u017e, ka pas\u0101kums atcelts iemeslu d\u0113\u013c, kas ir \u0101rpus vi\u0146u kontroles.<\/p>\n<p>Jau zi\u0146ots, ka iepriek\u0161 izzi\u0146otaj\u0101 datum\u0101 \u2013 10. novembr\u012b \u2013 bi\u013ce\u0161u tirdzniec\u012bba uz koncertu netika uzs\u0101kta. Izzi\u0146otais grupas koncerts &#8220;Unibet Arena&#8221; kvart\u0101l\u0101 Igaunij\u0101 rais\u012bja sabiedr\u012bbas sa\u0161utumu, jo &#8220;Limp Bizkit&#8221; l\u012bderis Freds D\u0113rsts savulaik bija paudis simp\u0101tijas Krievijai un atbalstu Krimas aneksijai.<\/p>\n<p>Lasiet ar\u012b<\/p>\n<p><a href=\"https:\/\/www.delfi.lv\/kultura\/174\/music\/120094733\/limp-bizkit-koncerta-norise-tallina-neskaidra-bilesu-tirdznieciba-pagaidam-atlikta\" class=\"headline__image-link\" itemprop=\"url\" rel=\"nofollow noopener\" target=\"_blank\"><img decoding=\"async\" loading=\"lazy\" itemprop=\"image\" src=\"https:\/\/www.europesays.com\/lv\/wp-content\/uploads\/2025\/11\/6d867ab0-6cdf-11ed-8bfe-89787f5f21b3.jpg\" alt=\"&quot;Limp Bizkit&quot; koncerta norise Tallin\u0101 neskaidra; bi\u013ce\u0161u tirdzniec\u012bba pagaid\u0101m atlikta\" title=\"&quot;Limp Bizkit&quot; koncerta norise Tallin\u0101 neskaidra; bi\u013ce\u0161u tirdzniec\u012bba pagaid\u0101m atlikta\" class=\"headline__image img-fluid w-100\"\/><\/a><a href=\"https:\/\/www.delfi.lv\/kultura\/174\/music\/120094381\/krievijas-agresijas-atbalstitaji-igaunija-nav-gaiditi-limp-bizkit-koncerts-raisa-sasutumu\" class=\"headline__image-link\" itemprop=\"url\" rel=\"nofollow noopener\" target=\"_blank\"><img decoding=\"async\" loading=\"lazy\" itemprop=\"image\" src=\"https:\/\/www.europesays.com\/lv\/wp-content\/uploads\/2025\/11\/6b471200-6cdf-11ed-8bfe-89787f5f21b3.jpg\" alt=\"&quot;Krievijas agresijas atbalst\u012bt\u0101ji Igaunij\u0101 nav gaid\u012bti.&quot; &quot;Limp Bizkit&quot; koncerts raisa sa\u0161utumu\" title=\"&quot;Krievijas agresijas atbalst\u012bt\u0101ji Igaunij\u0101 nav gaid\u012bti.&quot; &quot;Limp Bizkit&quot; koncerts raisa sa\u0161utumu\" class=\"headline__image img-fluid w-100\"\/><\/a><\/p>\n<p>K\u0101 raksta &#8220;Delfi.ee&#8221;, cilv\u0113ki, kuri re\u0123istr\u0113j\u0101s &#8220;Baltic Live Agency&#8221; bi\u013ce\u0161u iepriek\u0161p\u0101rdo\u0161anai, sa\u0146\u0113ma pazi\u0146ojumu, ka tirdzniec\u012bba 10. novembr\u012b nes\u0101ksies. T\u0101da pati inform\u0101cija tika public\u0113ta ar\u012b &#8220;Piletilevi&#8221; un koncerta organizatoru t\u012bmek\u013ca vietn\u0113. Ar\u012b Latvijas bi\u013ce\u0161u tirgot\u0101ja &#8220;Bi\u013ce\u0161u serviss&#8221; vietn\u0113 pie &#8220;Limp Bizkit&#8221; koncerta rakst\u012bts, ka &#8220;bi\u013ce\u0161u iepriek\u0161p\u0101rdo\u0161ana ir atlikta no organizatora neatkar\u012bgu iemeslu d\u0113\u013c.&#8221;<\/p>\n<p>Grupas &#8220;Limp Bizkit&#8221; l\u012bderis Freds Dursts ir paz\u012bstams ar saviem prokrieviskajiem un Vladimiram Putinam labv\u0113l\u012bgajiem izteikumiem. Lai gan tie dat\u0113jami ar 10 gadu senu pag\u0101tni, kad &#8220;Limp Bizkit&#8221; uz pieciem gadiem tika aizliegts uzst\u0101ties Ukrain\u0101, v\u0113l tikai pag\u0101ju\u0161aj\u0101 gad\u0101 vi\u0146\u0161 s\u0101ka akt\u012bvi darboties krievvalod\u012bgaj\u0101 soci\u0101lo mediju platform\u0101 &#8220;VKontakte&#8221;. <\/p>\n<p>2023. gada febru\u0101r\u012b &#8220;Limp Bizkit&#8221; public\u0113ja jaunas dziesmas &#8220;Out Of Style&#8221; videoklipu, kur\u0101 grupas dal\u012bbnieki ar deepfake tehnolo\u0123iju bija p\u0101rtapu\u0161i par da\u017e\u0101du valstu vad\u012bt\u0101jiem. Pats D\u0113rsts par Putinu, bet DJ Lethal par Ukrainas prezidentu Volodimiru Zelenski. Lai gan dom\u0101ts k\u0101 ironisks, tas rais\u012bja pretrun\u012bgus viedok\u013cus, da\u013ca klaus\u012bt\u0101ju to sauca par trivi\u0101lu un nor\u0101d\u012bja, ka tiek jaukts agresors un upuris.<\/p>\n<p>Koncerta norisi nosod\u012bja gan Igaunijas \u0100rlietu ministrija, gan Kult\u016bras ministrija.<\/p>\n<p>Kult\u016bras ministrijas padomniece komunik\u0101cijas jaut\u0101jumos L\u012bsi Rohtunga pauda, ka: &#8220;Kult\u016bras ministrijas nost\u0101ja ir, ka nav pie\u013caujams, ka Igaunij\u0101 uzst\u0101jas cilv\u0113ki, kuri atbalsta valsti, kuras prezidentam ir izdots starptautisks aresta orderis.&#8221;<\/p>\n<p>Tikm\u0113r Igaunijas \u0101rlietu ministrs Marguss Tsahkna pauda, ka Igaunij\u0101 nav gaid\u012bti tie, kuri attaisno Krievijas agresiju un kaimi\u0146valsts okup\u0101ciju. &#8220;Mana nost\u0101ja ir nemain\u012bga, un es to atk\u0101rtoju: Krievija ir agresors, un Krima ir Krievijas okup\u0113ta. Tiem, kas atbalsta Krieviju, nav vietas uz Igaunijas skatuv\u0113m, un vi\u0146iem nevajadz\u0113tu \u0161eit peln\u012bt naudu. T\u0101 ir Igaunijas skaidra nost\u0101ja, un \u0161o principu m\u0113s iev\u0113rojam jau vair\u0101kus gadus. Es ceru, ka koncertu r\u012bkot\u0101ji tagad iev\u0113ros \u0161o principu,&#8221; vi\u0146\u0161 teica. <\/p>\n<p>Uz publikas un amatpersonu sa\u0161utumu ir rea\u0123\u0113jis ar\u012b koncerta organizators &#8220;Baltic Live Agency&#8221;, kas publik\u0101 v\u0113stul\u0113 izkl\u0101st\u012bja, k\u0101p\u0113c pie\u0146emts l\u0113mums, ka &#8220;Limp Bizkit&#8221; dr\u012bkst\u0113tu uzst\u0101ties Igaunij\u0101. Vi\u0146i biju\u0161i inform\u0113ti par Freda D\u0113rsta izteikumiem saist\u012bb\u0101 ar Krimu un Krieviju, ta\u010du nor\u0101da, ka kop\u0161 Krievijas pilna m\u0113roga iebrukuma m\u016bzi\u0137is nav paudis atbalstu agresoram. Vi\u0146i ar\u012b atg\u0101dina, ka l\u012bdz 2019. gadam D\u0113rsts bija prec\u0113jies ar stilisti un grima m\u0101kslinieci Kseniju Berjazinu no Krimas un &#8220;visticam\u0101k, dz\u012bvoja sagroz\u012bt\u0101 informat\u012bvaj\u0101 telp\u0101.&#8221;<\/p>\n<p>Organizatori ar\u012b uzsver, ka atbalsta Ukrainu. &#8220;Kar\u0161, kas Ukrain\u0101 s\u0101k\u0101s 2022. gada febru\u0101r\u012b, ir nep\u0101rprotama Krievijas agresija pret suver\u0113nu valsti \u2014 m\u0113s to stingri nosod\u0101m. K\u0101 koncerta organizatori m\u0113s esam atteiku\u0161ies sadarboties ar jebkuriem m\u0101ksliniekiem, kuri p\u0113c kara s\u0101kuma ir uzst\u0101ju\u0161ies Krievij\u0101 vai Baltkrievij\u0101, vai ar\u012b mums ir zin\u0101ms, ka vi\u0146iem tur pl\u0101noti koncerti,&#8221; apliecina organizatori.<\/p>\n<p class=\"m-0\">Seko &#8220;Delfi&#8221; ar\u012b  <a target=\"_blank\" href=\"https:\/\/www.instagram.com\/delfi.lv\/\" rel=\"nofollow noopener\">Instagram<\/a>  un <a target=\"_blank\" href=\"https:\/\/www.youtube.com\/channel\/UCw5foWtcJvAbUm64rv7jwUQ\" rel=\"nofollow noopener\">YouTube<\/a>  profil\u0101 \u2013 pievienojies, lai uzzin\u0101tu svar\u012bg\u0101ko un interesant\u0101ko pirmais!<\/p>\n<p>Publik\u0101cijas saturs vai t\u0101s jebk\u0101da apjoma da\u013ca ir aizsarg\u0101ts autorties\u012bbu objekts Autorties\u012bbu likuma izpratn\u0113, un t\u0101 izmanto\u0161ana bez izdev\u0113ja at\u013caujas ir aizliegta. Vair\u0101k lasi  <a target=\"_blank\" href=\"https:\/\/www.delfi.lv\/noteikumi#autortiesibas\" rel=\"nofollow noopener\">\u0161eit<\/a><script async src=\"\/\/www.instagram.com\/embed.js\"><\/script><\/p>\n","protected":false},"excerpt":{"rendered":"Amerik\u0101\u0146u metal grupas &#8220;Limp Bizkit&#8221; koncerts Tallin\u0101 n\u0101kam\u0101 gada 31. maij\u0101 ir atcelts, liecina pas\u0101kuma organizatora &#8220;Baltic Live&hellip;\n","protected":false},"author":2,"featured_media":47930,"comment_status":"","ping_status":"","sticky":false,"template":"","format":"standard","meta":{"footnotes":""},"categories":[19],"tags":[89,90,234,35,39,38,36,37,34,12406,40,2794],"class_list":{"0":"post-47929","1":"post","2":"type-post","3":"status-publish","4":"format-standard","5":"has-post-thumbnail","7":"category-izklaide","8":"tag-entertainment","9":"tag-izklaide","10":"tag-krievija","11":"tag-latvia","12":"tag-latvian","13":"tag-latviesu","14":"tag-latviesu-valoda","15":"tag-latviesuvaloda","16":"tag-latvija","17":"tag-limp-bizkit","18":"tag-lv","19":"tag-tallina"},"share_on_mastodon":{"url":"https:\/\/pubeurope.com\/@lv\/115541803484647801","error":""},"_links":{"self":[{"href":"https:\/\/www.europesays.com\/lv\/wp-json\/wp\/v2\/posts\/47929","targetHints":{"allow":["GET"]}}],"collection":[{"href":"https:\/\/www.europesays.com\/lv\/wp-json\/wp\/v2\/posts"}],"about":[{"href":"https:\/\/www.europesays.com\/lv\/wp-json\/wp\/v2\/types\/post"}],"author":[{"embeddable":true,"href":"https:\/\/www.europesays.com\/lv\/wp-json\/wp\/v2\/users\/2"}],"replies":[{"embeddable":true,"href":"https:\/\/www.europesays.com\/lv\/wp-json\/wp\/v2\/comments?post=47929"}],"version-history":[{"count":0,"href":"https:\/\/www.europesays.com\/lv\/wp-json\/wp\/v2\/posts\/47929\/revisions"}],"wp:featuredmedia":[{"embeddable":true,"href":"https:\/\/www.europesays.com\/lv\/wp-json\/wp\/v2\/media\/47930"}],"wp:attachment":[{"href":"https:\/\/www.europesays.com\/lv\/wp-json\/wp\/v2\/media?parent=47929"}],"wp:term":[{"taxonomy":"category","embeddable":true,"href":"https:\/\/www.europesays.com\/lv\/wp-json\/wp\/v2\/categories?post=47929"},{"taxonomy":"post_tag","embeddable":true,"href":"https:\/\/www.europesays.com\/lv\/wp-json\/wp\/v2\/tags?post=47929"}],"curies":[{"name":"wp","href":"https:\/\/api.w.org\/{rel}","templated":true}]}}