{"id":47947,"date":"2025-11-13T10:10:08","date_gmt":"2025-11-13T10:10:08","guid":{"rendered":"https:\/\/www.europesays.com\/lv\/47947\/"},"modified":"2025-11-13T10:10:08","modified_gmt":"2025-11-13T10:10:08","slug":"kinoteatros-nonak-kannas-godalgota-filma-sentimentala-vertiba","status":"publish","type":"post","link":"https:\/\/www.europesays.com\/lv\/47947\/","title":{"rendered":"Kinote\u0101tros non\u0101k Kann\u0101s godalgot\u0101 filma &#8220;Sentiment\u0101la v\u0113rt\u012bba&#8221;"},"content":{"rendered":"<p>Ar\u012b re\u017eisora ceturt\u0101 filma &#8211; zin\u0101tnisk\u0101s fantastikas trilleris &#8220;Telma&#8221; (2017) &#8211; bija izvirz\u012bta Oskara nomin\u0101cijai, bet p\u0113c t\u0101s vi\u0146\u0161 pats piev\u0113rs\u0101s Edvarda Munka dai\u013cradei un nofilm\u0113ja dokument\u0101lo filmu &#8220;Cits Munks&#8221; (2018).<\/p>\n<p>Filmas &#8220;Pasaul\u0113 slikt\u0101kais cilv\u0113ks&#8221; pirmizr\u0101de notika Kann\u0101s, un galven\u0101s lomas atveidot\u0101ja Ren\u0101te Reinsve sa\u0146\u0113ma balvu k\u0101 lab\u0101k\u0101 aktrise.<\/p>\n<blockquote class=\"quote ck-widget\" contenteditable=\"false\">\n<p>Ar Reinsvi Tr\u012brs atkal sastr\u0101d\u0101j\u0101s dr\u0101m\u0101 &#8220;Sentiment\u0101la v\u0113rt\u012bba&#8221; (Affeksjonsverdi), ko ar\u012bdzan izr\u0101d\u012bja Kannu kino festiv\u0101la konkurs\u0101, kur filma sa\u0146\u0113ma festiv\u0101la otru svar\u012bg\u0101ko balvu &#8220;Grand Prix&#8221;.<\/p>\n<\/blockquote>\n<p>Taj\u0101 sp\u0113l\u0113 ar\u012b Holivudas piejauc\u0113tais Sk\u0101\u0161godu aktierklana galva Stellans Sk\u0101\u0161gods, Inga Ibsdotera Lille\u0101sa un Holivudas zvaigzne Elle Faninga.<\/p>\n<p>Norv\u0113\u0123ija \u0161o filmu, kas tapusi k\u0101 kopra\u017eojums ar Franciju, V\u0101ciju, D\u0101niju, Zviedriju un Lielbrit\u0101niju, izvirz\u012bjusi Oskaram kategorij\u0101 &#8220;Lab\u0101k\u0101 starptautisk\u0101 filma&#8221;, kas iepriek\u0161 bija zin\u0101ma k\u0101 &#8220;Lab\u0101k\u0101 \u0101rzemju filma&#8221;.<\/p>\n<p>Anot\u0101cija:<\/p>\n<p>M\u0101sas Nora un Agnese atkal satiek atsve\u0161in\u0101to t\u0113vu &#8211; harizm\u0101tisko Gustavu, reiz iev\u0113rojamu re\u017eisoru, kur\u0161 te\u0101tra aktrisei Norai pied\u0101v\u0101 lomu sav\u0101 jaunaj\u0101 film\u0101, ar kuru vi\u0146\u0161 cer atg\u016bt slavu.<\/p>\n<p>Kad Nora atsak\u0101s, vi\u0146a dr\u012bz vien uzzina, ka loma ir pie\u0161\u0137irta aizraut\u012bgai jaunai Holivudas aktrisei. M\u0101s\u0101m n\u0101kas ne tikai risin\u0101t komplic\u0113t\u0101s attiec\u012bbas ar t\u0113vu, bet ar\u012b tikt gal\u0101 ar amerik\u0101\u0146u zvaigzni, kas non\u0101kusi sare\u017e\u0123\u012bto \u0123imenes attiec\u012bbu vid\u016b.<\/p>\n<p>Video: Filmas treileris &#8220;Sentiment\u0101la v\u0113rt\u012bba&#8221;<\/p>\n<p>Jau p\u0113c aplausu pavad\u012bt\u0101s pirmizr\u0101des &#8220;Sentiment\u0101la v\u0113rt\u012bba&#8221; izpeln\u012bj\u0101s komplimentu lav\u012bnu, un t\u0101s kvalit\u0101tes uzsver ar\u012b l\u012bdz \u0161im jau sa\u0146emt\u0101s balvas, k\u0101 ar\u012b nomin\u0101cijas, tostarp Eiropas Kino balvai.<\/p>\n<blockquote class=\"quote ck-widget\" contenteditable=\"false\">\n<p>Daudzi kinokriti\u0137i nor\u0101d\u012bju\u0161i, ka \u0161\u012b ir viena no gada lab\u0101kaj\u0101m film\u0101m, t\u0101d\u0113j\u0101di Joahims Tr\u012brs k\u013cuvis par vienu no slaven\u0101kajiem m\u016bsdienu norv\u0113\u0123u re\u017eisoriem.<\/p>\n<\/blockquote>\n<p>Filmu &#8220;Sentiment\u0101la v\u0113rt\u012bba&#8221; demonstr\u0113s kinote\u0101tros &#8220;Forum Cinemas&#8221;, &#8220;Cinamon&#8221; un &#8220;Apollo&#8221;, &#8220;Splendid Palace&#8221;, &#8220;Kino Bize&#8221;, &#8220;K. Suns&#8221;, &#8220;Rio&#8221; Ventspil\u012b un C\u0113su koncertz\u0101l\u0113.<\/p>\n<p>Kino izplat\u012b\u0161anas komp\u0101nija &#8220;Kino Pavasaris Distribution&#8221; dibin\u0101ta 2013. gad\u0101 Lietuv\u0101 un str\u0101d\u0101 vis\u0101s Baltijas valst\u012bs. N\u0101kam\u0101s filmas, ko Latvij\u0101 izr\u0101d\u012bs &#8220;Kino Pavasaris&#8221;, ir Kristenas Stjuartes Latvij\u0101 film\u0113t\u0101 &#8220;\u016adens hronolo\u0123ija&#8221; (&#8220;The Chronology of Water&#8221;, no 9. janv\u0101ra) un Ven\u0113cijas kino festiv\u0101la konkursa programm\u0101 izr\u0101d\u012bt\u0101 Paolo Sorrent\u012bno jaun\u0101k\u0101 filma &#8220;\u017d\u0113last\u012bba&#8221; (&#8220;La Grazia&#8221;, no 23. janv\u0101ra).<\/p>\n","protected":false},"excerpt":{"rendered":"Ar\u012b re\u017eisora ceturt\u0101 filma &#8211; zin\u0101tnisk\u0101s fantastikas trilleris &#8220;Telma&#8221; (2017) &#8211; bija izvirz\u012bta Oskara nomin\u0101cijai, bet p\u0113c t\u0101s&hellip;\n","protected":false},"author":2,"featured_media":47948,"comment_status":"","ping_status":"","sticky":false,"template":"","format":"standard","meta":{"footnotes":""},"categories":[19],"tags":[89,2934,90,1226,35,39,38,36,37,34,40],"class_list":{"0":"post-47947","1":"post","2":"type-post","3":"status-publish","4":"format-standard","5":"has-post-thumbnail","7":"category-izklaide","8":"tag-entertainment","9":"tag-filma","10":"tag-izklaide","11":"tag-kino","12":"tag-latvia","13":"tag-latvian","14":"tag-latviesu","15":"tag-latviesu-valoda","16":"tag-latviesuvaloda","17":"tag-latvija","18":"tag-lv"},"share_on_mastodon":{"url":"https:\/\/pubeurope.com\/@lv\/115541850456290667","error":""},"_links":{"self":[{"href":"https:\/\/www.europesays.com\/lv\/wp-json\/wp\/v2\/posts\/47947","targetHints":{"allow":["GET"]}}],"collection":[{"href":"https:\/\/www.europesays.com\/lv\/wp-json\/wp\/v2\/posts"}],"about":[{"href":"https:\/\/www.europesays.com\/lv\/wp-json\/wp\/v2\/types\/post"}],"author":[{"embeddable":true,"href":"https:\/\/www.europesays.com\/lv\/wp-json\/wp\/v2\/users\/2"}],"replies":[{"embeddable":true,"href":"https:\/\/www.europesays.com\/lv\/wp-json\/wp\/v2\/comments?post=47947"}],"version-history":[{"count":0,"href":"https:\/\/www.europesays.com\/lv\/wp-json\/wp\/v2\/posts\/47947\/revisions"}],"wp:featuredmedia":[{"embeddable":true,"href":"https:\/\/www.europesays.com\/lv\/wp-json\/wp\/v2\/media\/47948"}],"wp:attachment":[{"href":"https:\/\/www.europesays.com\/lv\/wp-json\/wp\/v2\/media?parent=47947"}],"wp:term":[{"taxonomy":"category","embeddable":true,"href":"https:\/\/www.europesays.com\/lv\/wp-json\/wp\/v2\/categories?post=47947"},{"taxonomy":"post_tag","embeddable":true,"href":"https:\/\/www.europesays.com\/lv\/wp-json\/wp\/v2\/tags?post=47947"}],"curies":[{"name":"wp","href":"https:\/\/api.w.org\/{rel}","templated":true}]}}