{"id":47959,"date":"2025-11-13T10:20:10","date_gmt":"2025-11-13T10:20:10","guid":{"rendered":"https:\/\/www.europesays.com\/lv\/47959\/"},"modified":"2025-11-13T10:20:10","modified_gmt":"2025-11-13T10:20:10","slug":"video-%e2%9f%a9-no-nakts-pastaigas-atgriezas-velkot-pakalkajas-saldu-sasauta-kakene","status":"publish","type":"post","link":"https:\/\/www.europesays.com\/lv\/47959\/","title":{"rendered":"VIDEO \u27e9 No nakts pastaigas atgriez\u0101s, velkot paka\u013ck\u0101jas. Sald\u016b sa\u0161auta ka\u0137ene"},"content":{"rendered":"<p>Notikumi risin\u0101ju\u0161ies Sald\u016b, Blauma\u0146a ielas apkaim\u0113. No ierast\u0101 nakts izg\u0101jiena pa rajonu Jurciku \u0123imenes m\u012blule \u2013 \u010detrus gadus vec\u0101 ka\u0137ene Beyonce \u2013 m\u0101j\u0101s atgriez\u0101s, velkot paka\u013ck\u0101jas. Ka\u0137enes saimnieces Montas vec\u0101ki uzreiz ka\u0137i veda pie veterin\u0101r\u0101rsta, kur veikt\u0101 rentgenuz\u0146\u0113mum\u0101 var\u0113ja redz\u0113t skroti dz\u012bvnieka mugurkaul\u0101.<\/p>\n<p>No <a href=\"https:\/\/www.apollo.lv\/term\/555773\/saldus\" class=\"topicLink\" target=\"_blank\" rel=\"nofollow noopener\">Saldus<\/a> ka\u0137ene aizvesta pie veterin\u0101r\u0101rsta Kuld\u012bg\u0101, kur ieteikts dz\u012bvnieku vest uz oper\u0101ciju R\u012bg\u0101. \u0160obr\u012bd v\u0113l ir cer\u012bbas, ka ka\u0137en\u012bte reiz var\u0113s staig\u0101t, ta\u010du vi\u0146ai priek\u0161\u0101 ir gar\u0161 atlab\u0161anas process. \u0122imene ieguld\u012bjusi vair\u0101k nek\u0101 1500 eiro, lai m\u012blule v\u0113l k\u0101dreiz var\u0113tu staig\u0101t.<\/p>\n<p>Par notiku\u0161o zi\u0146ots likumsargiem, kas s\u0101ku\u0161i izmekl\u0113\u0161anu.<\/p>\n<p>Vair\u0101k skaties &#8220;Degpunkt\u0101&#8221; si\u017eet\u0101:<\/p>\n","protected":false},"excerpt":{"rendered":"Notikumi risin\u0101ju\u0161ies Sald\u016b, Blauma\u0146a ielas apkaim\u0113. No ierast\u0101 nakts izg\u0101jiena pa rajonu Jurciku \u0123imenes m\u012blule \u2013 \u010detrus gadus&hellip;\n","protected":false},"author":2,"featured_media":47960,"comment_status":"","ping_status":"","sticky":false,"template":"","format":"standard","meta":{"footnotes":""},"categories":[12],"tags":[23,28,29,5807,32,33,22,30,31,35,39,38,36,37,34,40,20,26,27,13239,24,25,5944,21],"class_list":{"0":"post-47959","1":"post","2":"type-post","3":"status-publish","4":"format-standard","5":"has-post-thumbnail","7":"category-latvija","8":"tag-aktualitates","9":"tag-breaking-news","10":"tag-breakingnews","11":"tag-dzivnieki","12":"tag-featured-news","13":"tag-featurednews","14":"tag-headlines","15":"tag-latest-news","16":"tag-latestnews","17":"tag-latvia","18":"tag-latvian","19":"tag-latviesu","20":"tag-latviesu-valoda","21":"tag-latviesuvaloda","22":"tag-latvija","23":"tag-lv","24":"tag-news","25":"tag-popularakas-zinas","26":"tag-popularakaszinas","27":"tag-saldus","28":"tag-top-stories","29":"tag-topstories","30":"tag-vardarbiba-pret-dzivniekiem","31":"tag-zinas"},"share_on_mastodon":{"url":"https:\/\/pubeurope.com\/@lv\/115541889780414298","error":""},"_links":{"self":[{"href":"https:\/\/www.europesays.com\/lv\/wp-json\/wp\/v2\/posts\/47959","targetHints":{"allow":["GET"]}}],"collection":[{"href":"https:\/\/www.europesays.com\/lv\/wp-json\/wp\/v2\/posts"}],"about":[{"href":"https:\/\/www.europesays.com\/lv\/wp-json\/wp\/v2\/types\/post"}],"author":[{"embeddable":true,"href":"https:\/\/www.europesays.com\/lv\/wp-json\/wp\/v2\/users\/2"}],"replies":[{"embeddable":true,"href":"https:\/\/www.europesays.com\/lv\/wp-json\/wp\/v2\/comments?post=47959"}],"version-history":[{"count":0,"href":"https:\/\/www.europesays.com\/lv\/wp-json\/wp\/v2\/posts\/47959\/revisions"}],"wp:featuredmedia":[{"embeddable":true,"href":"https:\/\/www.europesays.com\/lv\/wp-json\/wp\/v2\/media\/47960"}],"wp:attachment":[{"href":"https:\/\/www.europesays.com\/lv\/wp-json\/wp\/v2\/media?parent=47959"}],"wp:term":[{"taxonomy":"category","embeddable":true,"href":"https:\/\/www.europesays.com\/lv\/wp-json\/wp\/v2\/categories?post=47959"},{"taxonomy":"post_tag","embeddable":true,"href":"https:\/\/www.europesays.com\/lv\/wp-json\/wp\/v2\/tags?post=47959"}],"curies":[{"name":"wp","href":"https:\/\/api.w.org\/{rel}","templated":true}]}}