{"id":47977,"date":"2025-11-13T10:30:07","date_gmt":"2025-11-13T10:30:07","guid":{"rendered":"https:\/\/www.europesays.com\/lv\/47977\/"},"modified":"2025-11-13T10:30:07","modified_gmt":"2025-11-13T10:30:07","slug":"igaunijas-valdiba-uzsak-prieksdarbus-omniva-privatizacijai-dienas-bizness","status":"publish","type":"post","link":"https:\/\/www.europesays.com\/lv\/47977\/","title":{"rendered":"Igaunijas vald\u012bba uzs\u0101k priek\u0161darbus Omniva privatiz\u0101cijai :: Dienas Bizness"},"content":{"rendered":"<p class=\"text-font font-size--text-xlarge margin-3--bottom font-weight--bold padding-1--top\">Igaunijas Republikas vald\u012bba \u0161odien devusi at\u013cauju s\u0101kt sagatavo\u0161an\u0101s darbus AS Eesti Post (Omniva) privatiz\u0101cijai.<\/p>\n<p class=\"text-font font-size--text-xlarge margin-3--bottom\">L\u0113muma m\u0113r\u0137is ir nodro\u0161in\u0101t uz\u0146\u0113muma pakalpojumu kvalit\u0101ti un konkur\u0113tsp\u0113ju, palielinot uz\u0146\u0113muma iesp\u0113jas piesaist\u012bt invest\u012bcijas un samazinot valsts uz\u0146\u0113m\u0113jdarb\u012bbas risku, k\u0101 ar\u012b nodro\u0161in\u0101t pasta pakalpojumu pieejam\u012bbu Igaunij\u0101.<\/p>\n<p class=\"text-font font-size--text-xlarge margin-3--bottom\">\u0160odien pie\u0146emtais vald\u012bbas l\u0113mums ietver anal\u012bzes un sagatavo\u0161an\u0101s posma uzs\u0101k\u0161anu, kura laik\u0101 tiks piesaist\u012bti finan\u0161u un juridiskie konsultanti. Balstoties uz \u0161\u012bs izp\u0113tes rezult\u0101tiem, vald\u012bba 2026. gad\u0101 lems, vai un k\u0101d\u0101 form\u0101 turpin\u0101t privatiz\u0101ciju. Omniva Grupas vad\u012bt\u0101js Marti Kuldma (Martti Kuldma) uzsv\u0113ra, ka papildus kapit\u0101la piesaiste rad\u012btu uz\u0146\u0113mumam jaunas iesp\u0113jas. \u201cPasta tirgus strauji main\u0101s \u2013 v\u0113stu\u013cu apjoms samazin\u0101s, bet s\u016bt\u012bjumu bizness aug. Priv\u0101t\u0101 kapit\u0101la piesaiste \u013cautu mums invest\u0113t jaun\u0101s tehnolo\u0123ij\u0101s un uzlabot pakalpojumu kvalit\u0101ti gan viet\u0113j\u0101, gan starptautiskaj\u0101 tirg\u016b.\u201d<\/p>\n<p class=\"text-font font-size--text-xlarge margin-3--bottom\">Vald\u012bbas l\u0113mum\u0101 uzsv\u0113rts, ka valsts ar\u012b turpm\u0101k garant\u0113s univers\u0101lo pasta pakalpojumu pieejam\u012bbu, k\u0101 to paredz likums, ta\u010du t\u0101s uzdevums ir nodro\u0161in\u0101t god\u012bgu un caursp\u012bd\u012bgu konkurenci, nevis pa\u0161ai piedal\u012bties s\u016bt\u012bjumu pieg\u0101des tirg\u016b. Priv\u0101taj\u0101 sektor\u0101 str\u0101d\u0101jo\u0161ajiem uz\u0146\u0113mumiem ir daudz fleksibl\u0101kas iesp\u0113jas gan piesaist\u012bt kapit\u0101lu att\u012bst\u012bbai, gan piel\u0101goties main\u012bgiem tirgus apst\u0101k\u013ciem.<\/p>\n<p class=\"text-font font-size--text-xlarge margin-3--bottom\">\u201cPrivatiz\u0101cija ir daudz vair\u0101k nek\u0101 valsts \u012bpa\u0161uma p\u0101rdo\u0161ana &#8211; t\u0101 sniedz uz\u0146\u0113mumam iesp\u0113ju un br\u012bv\u012bbu augt, konkur\u0113t glob\u0101l\u0101 m\u0113rog\u0101, veikt nepiecie\u0161am\u0101s invest\u012bcijas un drosm\u012bgi inov\u0113t. \u0160\u012b procesa rezult\u0101t\u0101 Omniva var k\u013c\u016bt par sp\u0113c\u012bg\u0101ku, starptautiski konkur\u0113tsp\u0113j\u012bg\u0101ku lo\u0123istikas uz\u0146\u0113mumu &#8211; t\u0101du, kas klientiem nodro\u0161ina v\u0113l lab\u0101kus, \u0101tr\u0101kus un gudr\u0101kus pakalpojumus, vienlaikus veicinot invest\u012bcijas, inov\u0101cijas, eksportu un kop\u0113jo ekonomisko izaugsmi re\u0123ion\u0101,\u201d uzsv\u0113ra Marti Kuldma.<\/p>\n<p class=\"text-font font-size--text-xlarge margin-3--bottom\">Omniva apkalpo klientus vis\u0101s trij\u0101s Baltijas valst\u012bs un darbojas k\u0101 starptautisks lo\u0123istikas t\u012bkls vair\u0101k nek\u0101 desmit valst\u012bs. Uz\u0146\u0113muma apgroz\u012bjums 2024. gad\u0101 bija 141 miljons eiro, no kuriem univers\u0101lais pasta pakalpojums veidoja aptuveni 7 procentus.<\/p>\n","protected":false},"excerpt":{"rendered":"Igaunijas Republikas vald\u012bba \u0161odien devusi at\u013cauju s\u0101kt sagatavo\u0161an\u0101s darbus AS Eesti Post (Omniva) privatiz\u0101cijai. L\u0113muma m\u0113r\u0137is ir nodro\u0161in\u0101t&hellip;\n","protected":false},"author":2,"featured_media":47978,"comment_status":"","ping_status":"","sticky":false,"template":"","format":"standard","meta":{"footnotes":""},"categories":[16],"tags":[869,77,870,76,867,35,39,38,36,37,34,871,868,40,21],"class_list":{"0":"post-47977","1":"post","2":"type-post","3":"status-publish","4":"format-standard","5":"has-post-thumbnail","7":"category-bizness","8":"tag-biznesa-zinas","9":"tag-bizness","10":"tag-bizness-latvija","11":"tag-business","12":"tag-dienas-zinas","13":"tag-latvia","14":"tag-latvian","15":"tag-latviesu","16":"tag-latviesu-valoda","17":"tag-latviesuvaloda","18":"tag-latvija","19":"tag-latvijas-biznesa-zinas","20":"tag-latvijas-zinas","21":"tag-lv","22":"tag-zinas"},"share_on_mastodon":{"url":"https:\/\/pubeurope.com\/@lv\/115541929206386070","error":""},"_links":{"self":[{"href":"https:\/\/www.europesays.com\/lv\/wp-json\/wp\/v2\/posts\/47977","targetHints":{"allow":["GET"]}}],"collection":[{"href":"https:\/\/www.europesays.com\/lv\/wp-json\/wp\/v2\/posts"}],"about":[{"href":"https:\/\/www.europesays.com\/lv\/wp-json\/wp\/v2\/types\/post"}],"author":[{"embeddable":true,"href":"https:\/\/www.europesays.com\/lv\/wp-json\/wp\/v2\/users\/2"}],"replies":[{"embeddable":true,"href":"https:\/\/www.europesays.com\/lv\/wp-json\/wp\/v2\/comments?post=47977"}],"version-history":[{"count":0,"href":"https:\/\/www.europesays.com\/lv\/wp-json\/wp\/v2\/posts\/47977\/revisions"}],"wp:featuredmedia":[{"embeddable":true,"href":"https:\/\/www.europesays.com\/lv\/wp-json\/wp\/v2\/media\/47978"}],"wp:attachment":[{"href":"https:\/\/www.europesays.com\/lv\/wp-json\/wp\/v2\/media?parent=47977"}],"wp:term":[{"taxonomy":"category","embeddable":true,"href":"https:\/\/www.europesays.com\/lv\/wp-json\/wp\/v2\/categories?post=47977"},{"taxonomy":"post_tag","embeddable":true,"href":"https:\/\/www.europesays.com\/lv\/wp-json\/wp\/v2\/tags?post=47977"}],"curies":[{"name":"wp","href":"https:\/\/api.w.org\/{rel}","templated":true}]}}