{"id":47984,"date":"2025-11-13T10:34:15","date_gmt":"2025-11-13T10:34:15","guid":{"rendered":"https:\/\/www.europesays.com\/lv\/47984\/"},"modified":"2025-11-13T10:34:15","modified_gmt":"2025-11-13T10:34:15","slug":"22-xi-muzikali-dzejiska-dueta-grabulis-koncerts-sigulda","status":"publish","type":"post","link":"https:\/\/www.europesays.com\/lv\/47984\/","title":{"rendered":"22.XI Muzik\u0101li dzejisk\u0101 dueta &#8220;GraBulis&#8221; koncerts Siguld\u0101"},"content":{"rendered":"<p>22.novembr\u012b plkst.19.00 kult\u016brviet\u0101\u00a0&#8220;Blaumanis&#8221; Siguld\u0101 uzst\u0101sies muzik\u0101li dzejiskais duets &#8220;GraBulis&#8221;, svinot Latvijas dzim\u0161anas dienu ar dziesmu un dzeju! &#8220;GraBulis&#8221; ir Dailes te\u0101tra aktieru\u00a0Ginta Gr\u0101ve\u013ca un Andra Bu\u013ca duets, kas nejau\u0161\u012bbas k\u0101rt\u0101 izveidojies un vi\u0146iem pa\u0161iem nesaprotam\u0101 veid\u0101 v\u0113l turpina iet pa p\u0113d\u0113jo romanti\u0137u p\u0113d\u0101m.<\/p>\n","protected":false},"excerpt":{"rendered":"22.novembr\u012b plkst.19.00 kult\u016brviet\u0101\u00a0&#8220;Blaumanis&#8221; Siguld\u0101 uzst\u0101sies muzik\u0101li dzejiskais duets &#8220;GraBulis&#8221;, svinot Latvijas dzim\u0161anas dienu ar dziesmu un dzeju! &#8220;GraBulis&#8221;&hellip;\n","protected":false},"author":2,"featured_media":47985,"comment_status":"","ping_status":"","sticky":false,"template":"","format":"standard","meta":{"footnotes":""},"categories":[19],"tags":[47,89,90,381,64,35,39,38,36,37,34,40,385,172,382,384,383,21],"class_list":{"0":"post-47984","1":"post","2":"type-post","3":"status-publish","4":"format-standard","5":"has-post-thumbnail","7":"category-izklaide","8":"tag-ekonomika","9":"tag-entertainment","10":"tag-izklaide","11":"tag-jaunumi","12":"tag-kultura","13":"tag-latvia","14":"tag-latvian","15":"tag-latviesu","16":"tag-latviesu-valoda","17":"tag-latviesuvaloda","18":"tag-latvija","19":"tag-lv","20":"tag-pieriga","21":"tag-riga","22":"tag-sabiedriba","23":"tag-sludinajumi","24":"tag-sports-afisa","25":"tag-zinas"},"share_on_mastodon":{"url":"https:\/\/pubeurope.com\/@lv\/115541944898587612","error":""},"_links":{"self":[{"href":"https:\/\/www.europesays.com\/lv\/wp-json\/wp\/v2\/posts\/47984","targetHints":{"allow":["GET"]}}],"collection":[{"href":"https:\/\/www.europesays.com\/lv\/wp-json\/wp\/v2\/posts"}],"about":[{"href":"https:\/\/www.europesays.com\/lv\/wp-json\/wp\/v2\/types\/post"}],"author":[{"embeddable":true,"href":"https:\/\/www.europesays.com\/lv\/wp-json\/wp\/v2\/users\/2"}],"replies":[{"embeddable":true,"href":"https:\/\/www.europesays.com\/lv\/wp-json\/wp\/v2\/comments?post=47984"}],"version-history":[{"count":0,"href":"https:\/\/www.europesays.com\/lv\/wp-json\/wp\/v2\/posts\/47984\/revisions"}],"wp:featuredmedia":[{"embeddable":true,"href":"https:\/\/www.europesays.com\/lv\/wp-json\/wp\/v2\/media\/47985"}],"wp:attachment":[{"href":"https:\/\/www.europesays.com\/lv\/wp-json\/wp\/v2\/media?parent=47984"}],"wp:term":[{"taxonomy":"category","embeddable":true,"href":"https:\/\/www.europesays.com\/lv\/wp-json\/wp\/v2\/categories?post=47984"},{"taxonomy":"post_tag","embeddable":true,"href":"https:\/\/www.europesays.com\/lv\/wp-json\/wp\/v2\/tags?post=47984"}],"curies":[{"name":"wp","href":"https:\/\/api.w.org\/{rel}","templated":true}]}}