{"id":48012,"date":"2025-11-13T11:08:08","date_gmt":"2025-11-13T11:08:08","guid":{"rendered":"https:\/\/www.europesays.com\/lv\/48012\/"},"modified":"2025-11-13T11:08:08","modified_gmt":"2025-11-13T11:08:08","slug":"deputats-andris-kulbergs-skarbi-kritize-2026-gada-budzetu-latvijas-bankrota-budzets-lente-lv","status":"publish","type":"post","link":"https:\/\/www.europesays.com\/lv\/48012\/","title":{"rendered":"Deput\u0101ts Andris Kulbergs skarbi kritiz\u0113 2026. gada bud\u017eetu: &#8220;Latvijas bankrota bud\u017eets&#8221;\u00a0\u2014\u00a0Lente.lv"},"content":{"rendered":"<p>Bud\u017eeta kritika un ekonomisk\u0101s perspekt\u012bvas<\/p>\n<p>Saeimas deput\u0101ts Andris Kulbergs (AS) publiski paudis sa\u0161utumu par 2026. gada valsts bud\u017eetu, d\u0113v\u0113jot to par &#8220;Latvijas bankrota bud\u017eetu&#8221;. Vi\u0146a skarbie v\u0101rdi izskan\u0113ju\u0161i, rea\u0123\u0113jot uz vald\u012bbas pie\u0146emto bud\u017eetu, kas, p\u0113c Kulberga dom\u0101m, virzot valsti &#8220;bankrota purv\u0101&#8221;. Deput\u0101ts kritiz\u0113 bud\u017eeta politiku, uzsverot, ka tas nav v\u0113rsts uz att\u012bst\u012bbu, bet gan dr\u012bz\u0101k uz eso\u0161o t\u0113ri\u0146u seg\u0161anu uz par\u0101da r\u0113\u0137ina. \u0160\u0101da nost\u0101ja ir pretrun\u0101 ar vald\u012bbas pausto, ka bud\u017eets ir &#8220;dro\u0161\u0101kai n\u0101kotnei&#8221;, ieguldot taj\u0101 valsts dro\u0161\u012bb\u0101, atbalst\u0101 \u0123imen\u0113m un izgl\u012bt\u012bb\u0101 .<\/p>\n<p>Kulbergs nor\u0101da, ka valsts aiz\u0146emas ik gadu aptuveni divus miljardus eiro, ta\u010du \u0161\u012b nauda netiek novirz\u012bta att\u012bst\u012bb\u0101, netiek piesaist\u012bti investori un netiek veidota pievilc\u012bga nodok\u013cu vide . Vi\u0146\u0161 sal\u012bdzina Latvijas bud\u017eetu ar &#8220;tipisk\u0101ko pat\u0113ri\u0146a kred\u012btu&#8221;, kas tiek \u0146emts, lai vienk\u0101r\u0161i &#8220;ap\u0113stu&#8221;, nevis ieguld\u012btu ilgtermi\u0146a izaugsm\u0113 . \u0160\u012b kritika pastiprin\u0101s, \u0146emot v\u0113r\u0101 Finan\u0161u ministrijas samazin\u0101t\u0101s Latvijas ekonomikas izaugsmes prognozes gan \u0161im gadam, gan n\u0101kamajam . Savuk\u0101rt Latvijas Banka prognoz\u0113 m\u0113ren\u0101ku infl\u0101ciju un nelielu ekonomikas izaugsmi tuv\u0101kajos gados, ko veicin\u0101s ieguld\u012bjumi aizsardz\u012bbas sp\u0113ju stiprin\u0101\u0161an\u0101 .<\/p>\n<p>Valsts par\u0101da nastas un n\u0101kotnes riski<\/p>\n<p>Viena no galvenaj\u0101m ba\u017e\u0101m, ko pau\u017e gan Andris Kulbergs, gan citi opoz\u012bcijas deput\u0101ti, ir valsts par\u0101da strauj\u0101 palielin\u0101\u0161an\u0101s . Kulbergs br\u012bdina, ka par\u0101ds var\u0113tu sasniegt 73% no iek\u0161zemes kopprodukta (IKP) finan\u0161u kr\u012bzes gad\u012bjum\u0101, kas rad\u012btu &#8220;t\u016bl\u012bt\u0113ju ekonomisko apdraud\u0113jumu&#8221; . Vi\u0146\u0161 uzsver, ka katrai Latvijas m\u0101jsaimniec\u012bbai pa\u0161reiz\u0113j\u0101 aiz\u0146em\u0161an\u0101s politika jau ir izmaks\u0101jusi aptuveni 30 000 eiro . \u0160\u0101di apgalvojumi rada spriedzi, jo vald\u012bba ir apstiprin\u0101jusi 2026. gada bud\u017eetu ar paredz\u0113to IKP attiec\u012bbu 3,3% un valsts par\u0101du, kas nep\u0101rsniegs 55% no IKP .<\/p>\n<p>Opoz\u012bcijas deput\u0101ti, tostarp Aiva V\u012bksna, kritiz\u0113 premjerministri Eviku Sili\u0146u par &#8220;par\u0101da nastas uzlik\u0161anu uz iedz\u012bvot\u0101ju pleciem&#8221; . Vi\u0146i uzsver, ka par\u0101ds b\u016bs j\u0101atmaks\u0101 visiem, pat v\u0113l nedzimu\u0161ajiem b\u0113rniem . \u0160\u012b kritika par\u0101d\u0101s ar\u012b citu politisko sp\u0113ku izteikumos, piem\u0113ram, Edgars Tavars (AS) sal\u012bdzina valsts par\u0101du ar &#8220;milzu sienu&#8221;, aiz kuras &#8220;nevar\u0113s redz\u0113t sauli&#8221; .<\/p>\n<p>Run\u0101jot par n\u0101kotnes riskiem, Kulbergs nor\u0101da, ka pieaugo\u0161ais valsts par\u0101ds var\u0113tu ierobe\u017eot sp\u0113ju ieg\u0101d\u0101ties nepiecie\u0161amo aizsardz\u012bbas apr\u012bkojumu, piem\u0113ram, &#8220;no sapirktaj\u0101m haubic\u0113m neb\u016bs j\u0113gas, jo nevar\u0113s ieg\u0101d\u0101ties mun\u012bciju&#8221; .<\/p>\n<p>Vald\u012bbas stabilit\u0101te un bud\u017eeta pie\u0146em\u0161anas izaicin\u0101jumi<\/p>\n<p>Diskusijas par 2026. gada bud\u017eetu aktualiz\u0113ju\u0161as ar\u012b jaut\u0101jumus par pa\u0161reiz\u0113j\u0101s koal\u012bcijas stabilit\u0101ti . Premjere Evika Sili\u0146a atzinusi, ka koal\u012bcija ir &#8220;\u013coti pret\u0113ju v\u0113rt\u012bbu&#8221; savien\u012bba, un ka sarunas nav vieglas . Neskatoties uz spriedzi, koal\u012bcija ir ap\u0146\u0113musies pan\u0101kt bud\u017eeta pie\u0146em\u0161anu, uzskatot to par priorit\u0101ti . Sili\u0146a ir nor\u0101d\u012bjusi, ka koal\u012bciju var main\u012bt jebkur\u0101 br\u012bd\u012b, ta\u010du pa\u0161laik galvenais uzdevums ir bud\u017eeta akcept\u0113\u0161ana .<\/p>\n<p>Bud\u017eeta apsprie\u0161anas gait\u0101 izskan\u0113jusi ar\u012b kritika no opoz\u012bcijas par koal\u012bcijas partneru savstarp\u0113jo r\u012bv\u0113\u0161anos un &#8220;kritiku kritikas p\u0113c&#8221; . Tom\u0113r kopum\u0101 bud\u017eets ir guvis konceptu\u0101lu atbalstu pirmaj\u0101 las\u012bjum\u0101 Saeim\u0101, lai gan opoz\u012bcija liel\u0101koties balsojusi pret .<\/p>\n<p>Andris Kulbergs ir izteicies, ka vald\u012bbai ir zaud\u0113ta sp\u0113ja funkcion\u0113t un ka valstij draud bud\u017eeta sabrukums, ja netiks veikti kardin\u0101li pas\u0101kumi, tai skait\u0101 jauna vald\u012bbas veido\u0161ana . Vi\u0146\u0161 ar\u012b uzsver, ka svar\u012bgi ir ne tikai politiskie l\u0113mumi, bet ar\u012b cilv\u0113ku sp\u0113ja un v\u0113lme darboties, nor\u0101dot uz nepiecie\u0161am\u012bbu piesaist\u012bt jaunus, uz\u0146\u0113m\u0113jdarb\u012bb\u0101 dom\u0101jo\u0161us cilv\u0113kus politikas veido\u0161an\u0101 .<\/p>\n<p>Latvijas ekonomikas perspekt\u012bvas un inov\u0101cijas<\/p>\n<p>Lai gan Finan\u0161u ministrija ir samazin\u0101jusi ekonomikas izaugsmes prognozes, Latvijas Banka prognoz\u0113 m\u0113renu izaugsmi tuv\u0101kajos gados, ko veicin\u0101s ieguld\u012bjumi aizsardz\u012bbas sp\u0113ju stiprin\u0101\u0161an\u0101 . Andris Kulbergs ir uzsv\u0113ris nepiecie\u0161am\u012bbu p\u0113c jaunas v\u012bzijas un inov\u0101cij\u0101m, aicinot Latviju k\u013c\u016bt par &#8220;inovatoru&#8221; un digitaliz\u0113t sabiedr\u012bbu un ekonomiku . Vi\u0146\u0161 uzskata, ka Latvijai vairs nevar pa\u013cauties uz tranz\u012btvalsts statusu un ka ra\u017eo\u0161anas nozare ir &#8220;nokav\u0113ta&#8221;, t\u0101p\u0113c j\u0101fokus\u0113jas uz eksportsp\u0113j\u012bgo IT nozari .<\/p>\n<p>Run\u0101jot par cit\u0101m nozar\u0113m, Kulbergs kritiski izteicies par &#8220;Rail Baltica&#8221; projektu, nor\u0101dot, ka tas rada iev\u0113rojamu finansi\u0101lu slogu katram Latvijas iedz\u012bvot\u0101jam . Vi\u0146\u0161 ar\u012b piev\u0113rsies \u0113nu ekonomikas probl\u0113mai, \u012bpa\u0161i auto industrij\u0101, nor\u0101dot, ka t\u0101s apkaro\u0161anai nepiecie\u0161ama &#8220;vesela armija&#8221; .<\/p>\n","protected":false},"excerpt":{"rendered":"Bud\u017eeta kritika un ekonomisk\u0101s perspekt\u012bvas Saeimas deput\u0101ts Andris Kulbergs (AS) publiski paudis sa\u0161utumu par 2026. gada valsts bud\u017eetu,&hellip;\n","protected":false},"author":2,"featured_media":48013,"comment_status":"","ping_status":"","sticky":false,"template":"","format":"standard","meta":{"footnotes":""},"categories":[5],"tags":[12126,23,13248,28,29,1249,32,33,22,30,31,35,39,38,36,37,34,1045,40,20,26,27,24,25,2826,21],"class_list":{"0":"post-48012","1":"post","2":"type-post","3":"status-publish","4":"format-standard","5":"has-post-thumbnail","7":"category-aktualitates","8":"tag-2026-gada-budzets","9":"tag-aktualitates","10":"tag-andris-kulbergs","11":"tag-breaking-news","12":"tag-breakingnews","13":"tag-evika-silina","14":"tag-featured-news","15":"tag-featurednews","16":"tag-headlines","17":"tag-latest-news","18":"tag-latestnews","19":"tag-latvia","20":"tag-latvian","21":"tag-latviesu","22":"tag-latviesu-valoda","23":"tag-latviesuvaloda","24":"tag-latvija","25":"tag-latvijas-ekonomika","26":"tag-lv","27":"tag-news","28":"tag-popularakas-zinas","29":"tag-popularakaszinas","30":"tag-top-stories","31":"tag-topstories","32":"tag-valsts-parads","33":"tag-zinas"},"share_on_mastodon":{"url":"https:\/\/pubeurope.com\/@lv\/115542078488245378","error":""},"_links":{"self":[{"href":"https:\/\/www.europesays.com\/lv\/wp-json\/wp\/v2\/posts\/48012","targetHints":{"allow":["GET"]}}],"collection":[{"href":"https:\/\/www.europesays.com\/lv\/wp-json\/wp\/v2\/posts"}],"about":[{"href":"https:\/\/www.europesays.com\/lv\/wp-json\/wp\/v2\/types\/post"}],"author":[{"embeddable":true,"href":"https:\/\/www.europesays.com\/lv\/wp-json\/wp\/v2\/users\/2"}],"replies":[{"embeddable":true,"href":"https:\/\/www.europesays.com\/lv\/wp-json\/wp\/v2\/comments?post=48012"}],"version-history":[{"count":0,"href":"https:\/\/www.europesays.com\/lv\/wp-json\/wp\/v2\/posts\/48012\/revisions"}],"wp:featuredmedia":[{"embeddable":true,"href":"https:\/\/www.europesays.com\/lv\/wp-json\/wp\/v2\/media\/48013"}],"wp:attachment":[{"href":"https:\/\/www.europesays.com\/lv\/wp-json\/wp\/v2\/media?parent=48012"}],"wp:term":[{"taxonomy":"category","embeddable":true,"href":"https:\/\/www.europesays.com\/lv\/wp-json\/wp\/v2\/categories?post=48012"},{"taxonomy":"post_tag","embeddable":true,"href":"https:\/\/www.europesays.com\/lv\/wp-json\/wp\/v2\/tags?post=48012"}],"curies":[{"name":"wp","href":"https:\/\/api.w.org\/{rel}","templated":true}]}}