{"id":48025,"date":"2025-11-13T11:22:18","date_gmt":"2025-11-13T11:22:18","guid":{"rendered":"https:\/\/www.europesays.com\/lv\/48025\/"},"modified":"2025-11-13T11:22:18","modified_gmt":"2025-11-13T11:22:18","slug":"lando-noriss-triumfe-sanpaulu-un-nostiprina-vadibu-f-1-kopvertejuma-lente-lv","status":"publish","type":"post","link":"https:\/\/www.europesays.com\/lv\/48025\/","title":{"rendered":"Lando Noriss triumf\u0113 Sanpaulu un nostiprina vad\u012bbu F-1 kopv\u0113rt\u0113jum\u0101\u00a0\u2014\u00a0Lente.lv"},"content":{"rendered":"<p>Lando Noriss triumf\u0113 Sanpaulu un nostiprina vad\u012bbu F-1 kopv\u0113rt\u0113jum\u0101<\/p>\n<p>L McLaren&#8221; pilots Lando Noriss ir izc\u012bn\u012bjis iespaid\u012bgu uzvaru Formula 1 (F-1) pasaules \u010dempion\u0101ta 21. posm\u0101 \u2013 Sanpaulu Grand Prix. \u0160is pan\u0101kums \u013c\u0101vis vi\u0146am ne tikai svin\u0113t jau sept\u012bto uzvaru sezon\u0101, bet ar\u012b v\u0113l vair\u0101k nostiprin\u0101t savu p\u0101rliecino\u0161o vad\u012bbu \u010dempion\u0101ta kopv\u0113rt\u0113jum\u0101.<\/p>\n<p>Domin\u0113jo\u0161s sniegums Interlagos\u0101<\/p>\n<p>Sacens\u012bbas Interlagosas tras\u0113 Lando Noriss aizvad\u012bjis teju perfekti. Vi\u0146\u0161 start\u0113ja no pirm\u0101s poz\u012bcijas un kontrol\u0113ja sac\u012bkstes gaitu no s\u0101kuma l\u012bdz pat beig\u0101m, fini\u0161\u0113jot vair\u0101k nek\u0101 desmit sekundes pirms tuv\u0101k\u0101 sekot\u0101ja, &#8220;Mercedes&#8221; debitanta Kimi Antonelli. \u0160\u012b uzvara ir \u012bpa\u0161i noz\u012bm\u012bga, jo t\u0101 sekoja p\u0113c Norisa pan\u0101kuma F-1 sprinta sac\u012bkst\u0113s iepriek\u0161\u0113j\u0101 dien\u0101, apliecinot &#8220;McLaren&#8221; komandas sp\u0113c\u012bgo sniegumu ned\u0113\u013cas nogal\u0113.<\/p>\n<p>Noriss izc\u012bn\u012bjis sept\u012bto uzvaru sezon\u0101, t\u0101d\u0113j\u0101di pan\u0101kot komandas biedru Oskaru Piastri uzvaru skaita zi\u0146\u0101. Vi\u0146a sniegums ir bijis \u012bpa\u0161i domin\u0113jo\u0161s p\u0113d\u0113j\u0101s septi\u0146\u0101s sac\u012bkst\u0113s kop\u0161 meh\u0101nisk\u0101s probl\u0113mas N\u012bderland\u0113 augusta beig\u0101s, Noriss uzvar\u0113jis katr\u0101 posm\u0101, kur\u0101 piedal\u012bjies. Tiek atz\u012bm\u0113ts, ka \u0161\u012b bija &#8220;McLaren&#8221; pirm\u0101 uzvara Interlagos\u0101 kop\u0161 2012. gada, kad uzvar\u0113ja Jensons Batons.<\/p>\n<p>\u010cempion\u0101ta c\u012b\u0146a kars\u0113jas<\/p>\n<p>Ar \u0161o uzvaru Lando Noriss ir palielin\u0101jis savu p\u0101rsvaru kopv\u0113rt\u0113jum\u0101 l\u012bdz 24 punktiem p\u0101r savu komandas biedru Oskaru Piastri, kur\u0161 \u0161aj\u0101s sac\u012bkst\u0113s fini\u0161\u0113ja piektais p\u0113c 10 sekun\u017eu soda par sadursmi ar Kimi Antonelli. Tikm\u0113r &#8220;Red Bull&#8221; pilots Makss Verstapens demonstr\u0113ja iespaid\u012bgu atgrie\u0161anos, p\u0113c starta no boksiem pak\u0101pjoties uz tre\u0161o vietu, lai gan vi\u0146\u0161 atpaliek 49 punktus no Norisa.<\/p>\n<p>Norisa sniegums ir rad\u012bjis sp\u0113c\u012bgu uzbrukumu kriti\u0137iem, kuri iepriek\u0161 \u0161aub\u012bju\u0161ies par vi\u0146a sp\u0113j\u0101m uzvar\u0113t \u010dempion\u0101t\u0101. \u0160\u012b uzvara ir bijusi apliecin\u0101jums vi\u0146a meistar\u012bbai un sp\u0113jai uzst\u0101ties zem spiediena.<\/p>\n<blockquote>\n<p>\u201eVienk\u0101r\u0161i koncentr\u0113jies uz sevi un komandu,\u201d sac\u012bjis Noriss, koment\u0113jot savu dom\u0101\u0161anas veidu, palielinot p\u0101rsvaru. \u201eMcLaren&#8221; komanda dara lielisku darbu, nodro\u0161inot man lielisku auto. M\u0113s cen\u0161amies katru ned\u0113\u013cu un es cen\u0161os ar\u012b \u0101rpus trases. Tas ir \u013coti atalgojo\u0161i.\u201d<\/p>\n<\/blockquote>\n<p>Svar\u012bg\u0101kie notikumi un statistika<\/p>\n<p>\u0160is &#8220;Grand Prix&#8221; bija bag\u0101ts ar interesantiem notikumiem un statistikas datiem. Lando Noriss atz\u012bm\u0113jis savu sept\u012bto uzvaru sezon\u0101, un vi\u0146\u0161 velt\u012bjis uzvaru savam aizg\u0101ju\u0161ajam mentoram Gilam de Feranam. Vi\u0146a uzvara bija ar\u012b McLaren komandai noz\u012bm\u012bga, jo t\u0101 bija pirm\u0101 uzvara Interlagosas tras\u0113 kop\u0161 2012. gada.<\/p>\n<p>Apsveicams sniegums ar\u012b no &#8220;Mercedes&#8221; jaunpien\u0101c\u0113ja Kimi Antonelli, kur\u0161 izc\u012bn\u012bjis savu karjeras lab\u0101ko rezult\u0101tu \u2013 otro vietu. Lai gan &#8220;Ferrari&#8221; komandai sac\u012bkstes izv\u0113rt\u0101s neveiksm\u012bgas ar diviem izst\u0101\u0161an\u0101s gad\u012bjumiem, &#8220;Red Bull&#8221; un &#8220;Mercedes&#8221; komandas nostiprin\u0101ju\u0161as savas poz\u012bcijas Konstruktoru kausa kopv\u0113rt\u0113jum\u0101.<\/p>\n<p>Ar trim posmiem l\u012bdz sezonas beig\u0101m, c\u012b\u0146a par pasaules \u010dempiona titulu ir k\u013cuvusi v\u0113l aizraujo\u0161\u0101ka, ta\u010du Lando Noriss ar savu domin\u0113jo\u0161o sniegumu Sanpaulu ir pav\u0113ris sev ce\u013cu uz pirmo titulu.<\/p>\n","protected":false},"excerpt":{"rendered":"Lando Noriss triumf\u0113 Sanpaulu un nostiprina vad\u012bbu F-1 kopv\u0113rt\u0113jum\u0101 L McLaren&#8221; pilots Lando Noriss ir izc\u012bn\u012bjis iespaid\u012bgu uzvaru&hellip;\n","protected":false},"author":2,"featured_media":48026,"comment_status":"","ping_status":"","sticky":false,"template":"","format":"standard","meta":{"footnotes":""},"categories":[17],"tags":[13253,2467,7283,35,39,38,36,37,34,40,4420,13252,67],"class_list":{"0":"post-48025","1":"post","2":"type-post","3":"status-publish","4":"format-standard","5":"has-post-thumbnail","7":"category-sports","8":"tag-f-1-kopvertejums","9":"tag-formula-1","10":"tag-lando-noriss","11":"tag-latvia","12":"tag-latvian","13":"tag-latviesu","14":"tag-latviesu-valoda","15":"tag-latviesuvaloda","16":"tag-latvija","17":"tag-lv","18":"tag-mclaren","19":"tag-sanpaulu-grand-prix","20":"tag-sports"},"share_on_mastodon":{"url":"https:\/\/pubeurope.com\/@lv\/115542133543731989","error":""},"_links":{"self":[{"href":"https:\/\/www.europesays.com\/lv\/wp-json\/wp\/v2\/posts\/48025","targetHints":{"allow":["GET"]}}],"collection":[{"href":"https:\/\/www.europesays.com\/lv\/wp-json\/wp\/v2\/posts"}],"about":[{"href":"https:\/\/www.europesays.com\/lv\/wp-json\/wp\/v2\/types\/post"}],"author":[{"embeddable":true,"href":"https:\/\/www.europesays.com\/lv\/wp-json\/wp\/v2\/users\/2"}],"replies":[{"embeddable":true,"href":"https:\/\/www.europesays.com\/lv\/wp-json\/wp\/v2\/comments?post=48025"}],"version-history":[{"count":0,"href":"https:\/\/www.europesays.com\/lv\/wp-json\/wp\/v2\/posts\/48025\/revisions"}],"wp:featuredmedia":[{"embeddable":true,"href":"https:\/\/www.europesays.com\/lv\/wp-json\/wp\/v2\/media\/48026"}],"wp:attachment":[{"href":"https:\/\/www.europesays.com\/lv\/wp-json\/wp\/v2\/media?parent=48025"}],"wp:term":[{"taxonomy":"category","embeddable":true,"href":"https:\/\/www.europesays.com\/lv\/wp-json\/wp\/v2\/categories?post=48025"},{"taxonomy":"post_tag","embeddable":true,"href":"https:\/\/www.europesays.com\/lv\/wp-json\/wp\/v2\/tags?post=48025"}],"curies":[{"name":"wp","href":"https:\/\/api.w.org\/{rel}","templated":true}]}}