{"id":48027,"date":"2025-11-13T11:24:15","date_gmt":"2025-11-13T11:24:15","guid":{"rendered":"https:\/\/www.europesays.com\/lv\/48027\/"},"modified":"2025-11-13T11:24:15","modified_gmt":"2025-11-13T11:24:15","slug":"ilgtspejiga-dzesesana-nepieciesama-lai-samazinatu-emisijas-un-glabtu-dzivibas-lente-lv","status":"publish","type":"post","link":"https:\/\/www.europesays.com\/lv\/48027\/","title":{"rendered":"Ilgtsp\u0113j\u012bga dzes\u0113\u0161ana nepiecie\u0161ama, lai samazin\u0101tu emisijas un gl\u0101btu dz\u012bv\u012bbas\u00a0\u2014\u00a0Lente.lv"},"content":{"rendered":"<p>COP30 zi\u0146ojums uzsver: Ilgtsp\u0113j\u012bga dzes\u0113\u0161ana ir gl\u0101bi\u0146\u0161 klimatam un cilv\u0113kiem<\/p>\n<p>Apvienoto N\u0101ciju Organiz\u0101cija (ANO) ir izdevusi satrauco\u0161u atskaiti COP30 klimata sarunu laik\u0101 Braz\u012blij\u0101, nor\u0101dot, ka ilgtsp\u0113j\u012bgas dzes\u0113\u0161anas risin\u0101jumu tr\u016bkums draud dubultot emisijas l\u012bdz 2050. gadam. \u0160\u012b probl\u0113ma, kas tika uzsv\u0113rta Bel\u0113mas pils\u0113t\u0101, pie Amazones lietusme\u017eu robe\u017eas, kur pulc\u0113jas gandr\u012bz 200 valstu deleg\u0101ti, ir k\u013cuvusi par kritisku jaut\u0101jumu glob\u0101laj\u0101 klimata kr\u012bz\u0113.<\/p>\n<p>ANO Vides programmas (UNEP) izpilddirektore Ingera Andersena uzsv\u0113ra, ka dzes\u0113\u0161ana ir dz\u012bv\u012bbas gl\u0101b\u0113js. T\u0101 ir vit\u0101li svar\u012bga infrastrukt\u016bras sast\u0101vda\u013ca, l\u012bdzv\u0113rt\u012bga \u016bdensapg\u0101dei, ener\u0123ijai un sanit\u0101rijai. Dzes\u0113\u0161ana nodro\u0161ina ne tikai cilv\u0113ku labkl\u0101j\u012bbu, bet ar\u012b pal\u012bdz uztur\u0113t ekonomiku, skolas un slimn\u012bcas funkcion\u0113jo\u0161as, \u012bpa\u0161i pieaugo\u0161o glob\u0101lo temperat\u016bru apst\u0101k\u013cos.<\/p>\n<p>Ta\u010du Andersena br\u012bdin\u0101ja par briesm\u0101m, kas sl\u0113pjas p\u0101rm\u0113r\u012bg\u0101 pa\u013cau\u0161an\u0101s uz tradicion\u0101laj\u0101m gaisa kondicion\u0113\u0161anas sist\u0113m\u0101m. \u0160\u0101da pieeja tikai pasliktin\u0101s karstuma kr\u012bzi. &#8220;Ja m\u0113s to dar\u012bsim, m\u0113s tikai palielin\u0101sim siltumn\u012bcefekta g\u0101zu izme\u0161us, rad\u012bsim liel\u0101kus izdevumus, izrais\u012bsim t\u012bklu p\u0101rslodzi un faktiski sasniegsim maksim\u0101lo piepras\u012bjumu,&#8221; vi\u0146a nor\u0101d\u012bja.<\/p>\n<p>Ce\u013c\u0161 uz ilgtsp\u0113j\u012bgu dzes\u0113\u0161anu<\/p>\n<p>ANO amatpersona aicin\u0101ja ieviest energoefekt\u012bvus risin\u0101jumus. \u0160ie pas\u0101kumi ietver viedo \u0113ku att\u012bst\u012bbu, pieejamu dzes\u0113\u0161anas tehnolo\u0123iju izstr\u0101di un pils\u0113tu pl\u0101no\u0161anu, kas samazina dzes\u0113\u0161anas rad\u012bto oglek\u013ca p\u0113du. \u0160\u0101das strat\u0113\u0123ijas ir b\u016btiskas, lai nov\u0113rstu negat\u012bv\u0101s sekas.<\/p>\n<p>Zi\u0146ojuma public\u0113\u0161ana sakrita ar iniciat\u012bvas \u201cMutir\u00e3o Contra o Calor Extremo\u201d jeb \u201cP\u0101rsp\u0113t karstumu\u201d izsludin\u0101\u0161anu. \u0160o programmu, ko vada Braz\u012blijas COP30 prezident\u016bra un UNEP, m\u0113r\u0137is ir palielin\u0101t notur\u012bbu pret \u0101rk\u0101rt\u0113ju karstumu. Braz\u012blijas prezidents Luiss Inacio Lula da Silva bija kl\u0101t \u0161aj\u0101 noz\u012bm\u012bgaj\u0101 br\u012bd\u012b.<\/p>\n<p>ANO Vides a\u0123ent\u016bras direktora vietniece klimata p\u0101rmai\u0146u jaut\u0101jumos Ruta Do Kutuja br\u012bdin\u0101ja, ka dzes\u0113\u0161anas rad\u012btie izme\u0161i strauji pieaug un var dubultoties l\u012bdz 2050. gadam, ja netiks ieviesti ilgtsp\u0113j\u012bgi risin\u0101jumi. &#8220;Diem\u017e\u0113l, k\u0101 redzat, jo vair\u0101k m\u0113s dzes\u0113jam, jo vair\u0101k m\u0113s emit\u0113jam. T\u0101tad dzes\u0113\u0161anas emisijas pieaug un dubultosies l\u012bdz 2050. gadam, ja m\u0113s nepie\u0146emsim ilgtsp\u0113j\u012bg\u0101kas dzes\u0113\u0161anas prakses,&#8221; vi\u0146a teica.<\/p>\n<blockquote>\n<p>&#8220;Tom\u0113r, k\u0101 par\u0101d\u012bjis zi\u0146ojums, past\u0101v ce\u013c\u0161, ko sauc par ilgtsp\u0113j\u012bgas dzes\u0113\u0161anas ce\u013cu, kas par\u0101da, ka m\u0113s varam apmierin\u0101t \u0161o dzes\u0113\u0161anas piepras\u012bjumu, kas mums visiem ir nepiecie\u0161ams, vienlaikus samazinot emisijas, ja m\u0113s \u012bstenojam pas\u0101kumus kop\u0101,&#8221; vi\u0146a piebilda.<\/p>\n<\/blockquote>\n<p>Citi COP30 notikumi un izaicin\u0101jumi<\/p>\n<p>Papildus ilgtsp\u0113j\u012bgas dzes\u0113\u0161anas diskusij\u0101m, COP30 notikumu ietvaros tika nov\u0113roti ar\u012b cit\u0101di notikumi. K\u0101ds akt\u012bvistu grup\u0113jums nakts laik\u0101 sad\u016br\u0101s ar dro\u0161\u012bbas sp\u0113kiem, m\u0113\u0123inot iek\u013c\u016bt ANO klimata sarunu galvenaj\u0101 norises viet\u0101. Negad\u012bjum\u0101 cietu\u0161o skaits nav zin\u0101ms, ta\u010du p\u0113c incidenta pie norises vietas bija redzamas vismaz \u010detras neatliekam\u0101s pal\u012bdz\u012bbas automa\u0161\u012bnas.<\/p>\n<p>\u0160ie notikumi uzsver gan klimata p\u0101rmai\u0146u steidzam\u012bbu, gan sabiedr\u012bbas sp\u0113c\u012bg\u0101s emocijas un v\u0113lmi p\u0113c izmai\u0146\u0101m, pat ja tas rada spriedzi un sadursmes.<\/p>\n","protected":false},"excerpt":{"rendered":"COP30 zi\u0146ojums uzsver: Ilgtsp\u0113j\u012bga dzes\u0113\u0161ana ir gl\u0101bi\u0146\u0161 klimatam un cilv\u0113kiem Apvienoto N\u0101ciju Organiz\u0101cija (ANO) ir izdevusi satrauco\u0161u atskaiti&hellip;\n","protected":false},"author":2,"featured_media":48028,"comment_status":"","ping_status":"","sticky":false,"template":"","format":"standard","meta":{"footnotes":""},"categories":[14],"tags":[23,13255,57,28,29,12889,32,33,22,13254,3761,30,31,35,39,38,36,37,34,40,20,26,27,7203,24,25,54,55,56,21,58],"class_list":{"0":"post-48027","1":"post","2":"type-post","3":"status-publish","4":"format-standard","5":"has-post-thumbnail","7":"category-zinas-no-arvalstim","8":"tag-aktualitates","9":"tag-ano-vides-programma","10":"tag-arvalstim","11":"tag-breaking-news","12":"tag-breakingnews","13":"tag-cop30","14":"tag-featured-news","15":"tag-featurednews","16":"tag-headlines","17":"tag-ilgtspejiga-dzesesana","18":"tag-klimata-parmainas","19":"tag-latest-news","20":"tag-latestnews","21":"tag-latvia","22":"tag-latvian","23":"tag-latviesu","24":"tag-latviesu-valoda","25":"tag-latviesuvaloda","26":"tag-latvija","27":"tag-lv","28":"tag-news","29":"tag-popularakas-zinas","30":"tag-popularakaszinas","31":"tag-siltumnicefekta-gazes","32":"tag-top-stories","33":"tag-topstories","34":"tag-world","35":"tag-world-news","36":"tag-worldnews","37":"tag-zinas","38":"tag-zinas-no-arvalstim"},"share_on_mastodon":{"url":"","error":"Validation failed: Text character limit of 500 exceeded"},"_links":{"self":[{"href":"https:\/\/www.europesays.com\/lv\/wp-json\/wp\/v2\/posts\/48027","targetHints":{"allow":["GET"]}}],"collection":[{"href":"https:\/\/www.europesays.com\/lv\/wp-json\/wp\/v2\/posts"}],"about":[{"href":"https:\/\/www.europesays.com\/lv\/wp-json\/wp\/v2\/types\/post"}],"author":[{"embeddable":true,"href":"https:\/\/www.europesays.com\/lv\/wp-json\/wp\/v2\/users\/2"}],"replies":[{"embeddable":true,"href":"https:\/\/www.europesays.com\/lv\/wp-json\/wp\/v2\/comments?post=48027"}],"version-history":[{"count":0,"href":"https:\/\/www.europesays.com\/lv\/wp-json\/wp\/v2\/posts\/48027\/revisions"}],"wp:featuredmedia":[{"embeddable":true,"href":"https:\/\/www.europesays.com\/lv\/wp-json\/wp\/v2\/media\/48028"}],"wp:attachment":[{"href":"https:\/\/www.europesays.com\/lv\/wp-json\/wp\/v2\/media?parent=48027"}],"wp:term":[{"taxonomy":"category","embeddable":true,"href":"https:\/\/www.europesays.com\/lv\/wp-json\/wp\/v2\/categories?post=48027"},{"taxonomy":"post_tag","embeddable":true,"href":"https:\/\/www.europesays.com\/lv\/wp-json\/wp\/v2\/tags?post=48027"}],"curies":[{"name":"wp","href":"https:\/\/api.w.org\/{rel}","templated":true}]}}