{"id":48031,"date":"2025-11-13T11:28:08","date_gmt":"2025-11-13T11:28:08","guid":{"rendered":"https:\/\/www.europesays.com\/lv\/48031\/"},"modified":"2025-11-13T11:28:08","modified_gmt":"2025-11-13T11:28:08","slug":"video-%e2%9f%a9-loti-nelaimiga-atgriesanas-pec-530-dienu-ilgas-pauzes-eiorliga","status":"publish","type":"post","link":"https:\/\/www.europesays.com\/lv\/48031\/","title":{"rendered":"VIDEO \u27e9 \u013boti nelaim\u012bga atgrie\u0161an\u0101s p\u0113c 530 dienu ilgas pauzes Eiorl\u012bg\u0101"},"content":{"rendered":"<p>Evanss sav\u0101 pirmaj\u0101 ULEB Eirol\u012bgas sp\u0113l\u0113 p\u0113c vair\u0101k nek\u0101 pusotra gada p\u0101rtraukuma laukum\u0101 pavad\u012bja tikai 2 min\u016btes un 1 sekundi un guva kreis\u0101s k\u0101jas Ahilleja c\u012bpslas pl\u012bsumu.<\/p>\n<p>&#8220;Olympiacos&#8221; teicami ies\u0101ka ma\u010du pret turn\u012bra l\u012bdervien\u012bbu Kau\u0146as &#8220;\u017dalgiris&#8221; &#8211; p\u0113c Tomasa Volkapa soda metieniem rezult\u0101ts k\u013cuva 23:9, un galvenais treneris Georgs Bartsokas laukum\u0101 s\u016bt\u012bja Evansu.<br \/>Ta\u010du vi\u0146a atra\u0161an\u0101s laukum\u0101 izv\u0113rs\u0101s pavisam nel\u0101gi. Kad &#8220;Olympiacos&#8221; atrad\u0101s vad\u012bb\u0101 ar 28:11, Evanss bezkontakta situ\u0101cij\u0101 p\u0113k\u0161\u0146i nokrita uz parketa un satv\u0113ra kreis\u0101s k\u0101jas Ahilleja c\u012bpslu un nesp\u0113ja turpin\u0101t sp\u0113li.<\/p>\n<p>Klubs v\u0113l\u0101k apstiprin\u0101ja, ka sezona vi\u0146am ir beigusies.<\/p>\n<p>29 gadus vecais Evanss p\u0113d\u0113jos gados piedz\u012bvojis vair\u0101kas smagas traumas. 2023. gada janv\u0101r\u012b, p\u0101rst\u0101vot &#8220;\u017dalgiri&#8221;, vi\u0146\u0161 p\u0101rr\u0101va lab\u0101s k\u0101jas Ahilleja c\u012bpslu. Atgriez\u0101s oktobr\u012b, ta\u010du sezonas izska\u0146\u0101 sar\u0101va ce\u013cgala krustenisk\u0101s saites.<\/p>\n<p>2024. gada vasar\u0101 ar vi\u0146u tr\u012bs gadu l\u012bgumu nosl\u0113dza &#8220;Olympiacos&#8221;, apzinoties, ka pirm\u0101 sezona b\u016bs j\u0101velta rehabilit\u0101cijai.<\/p>\n<p>\u0160oruden vi\u0146\u0161 beidzot atgriez\u0101s Grie\u0137ijas \u010dempion\u0101t\u0101, ta\u010du atgrie\u0161an\u0101s Eirol\u012bg\u0101 p\u0113c 530 dienu ilgas pauzes beidz\u0101s \u013coti nelaim\u012bgi.<\/p>\n<p>&#8220;Olympiacos&#8221; svin\u0113ja uzvaru ar 95:78, bet \u0161o pan\u0101kumu, protams, aiz\u0113noja Evansa savainojums.<\/p>\n","protected":false},"excerpt":{"rendered":"Evanss sav\u0101 pirmaj\u0101 ULEB Eirol\u012bgas sp\u0113l\u0113 p\u0113c vair\u0101k nek\u0101 pusotra gada p\u0101rtraukuma laukum\u0101 pavad\u012bja tikai 2 min\u016btes un&hellip;\n","protected":false},"author":2,"featured_media":48032,"comment_status":"","ping_status":"","sticky":false,"template":"","format":"standard","meta":{"footnotes":""},"categories":[17],"tags":[4147,13257,35,39,38,36,37,34,40,67,2120],"class_list":{"0":"post-48031","1":"post","2":"type-post","3":"status-publish","4":"format-standard","5":"has-post-thumbnail","7":"category-sports","8":"tag-kaunas-zalgiris","9":"tag-kinans-evanss","10":"tag-latvia","11":"tag-latvian","12":"tag-latviesu","13":"tag-latviesu-valoda","14":"tag-latviesuvaloda","15":"tag-latvija","16":"tag-lv","17":"tag-sports","18":"tag-uleb-eiroliga"},"share_on_mastodon":{"url":"https:\/\/pubeurope.com\/@lv\/115542157086449119","error":""},"_links":{"self":[{"href":"https:\/\/www.europesays.com\/lv\/wp-json\/wp\/v2\/posts\/48031","targetHints":{"allow":["GET"]}}],"collection":[{"href":"https:\/\/www.europesays.com\/lv\/wp-json\/wp\/v2\/posts"}],"about":[{"href":"https:\/\/www.europesays.com\/lv\/wp-json\/wp\/v2\/types\/post"}],"author":[{"embeddable":true,"href":"https:\/\/www.europesays.com\/lv\/wp-json\/wp\/v2\/users\/2"}],"replies":[{"embeddable":true,"href":"https:\/\/www.europesays.com\/lv\/wp-json\/wp\/v2\/comments?post=48031"}],"version-history":[{"count":0,"href":"https:\/\/www.europesays.com\/lv\/wp-json\/wp\/v2\/posts\/48031\/revisions"}],"wp:featuredmedia":[{"embeddable":true,"href":"https:\/\/www.europesays.com\/lv\/wp-json\/wp\/v2\/media\/48032"}],"wp:attachment":[{"href":"https:\/\/www.europesays.com\/lv\/wp-json\/wp\/v2\/media?parent=48031"}],"wp:term":[{"taxonomy":"category","embeddable":true,"href":"https:\/\/www.europesays.com\/lv\/wp-json\/wp\/v2\/categories?post=48031"},{"taxonomy":"post_tag","embeddable":true,"href":"https:\/\/www.europesays.com\/lv\/wp-json\/wp\/v2\/tags?post=48031"}],"curies":[{"name":"wp","href":"https:\/\/api.w.org\/{rel}","templated":true}]}}