{"id":48039,"date":"2025-11-13T11:38:17","date_gmt":"2025-11-13T11:38:17","guid":{"rendered":"https:\/\/www.europesays.com\/lv\/48039\/"},"modified":"2025-11-13T11:38:17","modified_gmt":"2025-11-13T11:38:17","slug":"sepl-locekle-aicina-siksni-neapstiprinat-amata-opozicija-un-zzs-to-nedaris","status":"publish","type":"post","link":"https:\/\/www.europesays.com\/lv\/48039\/","title":{"rendered":"SEPL locekle aicina Siksni neapstiprin\u0101t amat\u0101; opoz\u012bcija un ZZS to nedar\u012bs"},"content":{"rendered":"<p>Nosl\u0113gum\u0101 Klapkalne pau\u017e, ka Latvijas Sabiedrisk\u0101 Medija veido\u0161an\u0101s s\u0101kumposm\u0101 ir nepiecie\u0161ams izveidot salied\u0113tu, produkt\u012bvu un profesion\u0101lu sabiedrisk\u0101 medija padomi. &#8220;Es aicinu koal\u012bcijas deput\u0101tus sabiedrisk\u0101 medija darb\u012bbas nodro\u0161in\u0101\u0161anu st\u0101d\u012bt augst\u0101k par politisk\u0101m peripetij\u0101m un sabiedr\u012bbas neizpratni par procesiem, kuri nav publiski redzami un zin\u0101mi,&#8221; aicina Klapkalne.<\/p>\n<p>K\u0101 a\u0123ent\u016brai LETA pav\u0113st\u012bja ZZS Saeimas frakcijas vad\u012bt\u0101js Harijs Rokpelnis, ZZS ar Siksni nepl\u0101no tikties un jau esot skaidrs, ka ZZS Siksni amat\u0101 neatbalst\u012bs.<\/p>\n<p>Ar\u012b AS Saeimas frakcijas vad\u012bt\u0101js Edgars Tavars a\u0123ent\u016brai LETA sac\u012bja, ka AS deput\u0101ti balsos pret Sik\u0161\u0146a apstiprin\u0101\u0161anu amat\u0101. T\u0101pat Siksni amat\u0101 neatbalst\u012bs ar\u012b Nacion\u0101l\u0101s apvien\u012bbas deput\u0101ti un deput\u0101ti no LPV.<\/p>\n<p>Partija &#8220;Stabilit\u0101tei&#8221; par to, vai Siksnis b\u016btu atbalst\u0101ms amat\u0101 lems tre\u0161dien, 12. novembr\u012b.<\/p>\n<p>Atbalstu Siksnim pa\u0161laik paudu\u0161i vien &#8220;Progres\u012bvie&#8221;, bet &#8220;Jaun\u0101 vienot\u012bba&#8221; (JV) v\u0113l par \u0161o jaut\u0101jumu lems.<\/p>\n<p>JV Saeim\u0101 ir 25 deput\u0101ti, ZZS frakcij\u0101 &#8211; 16 deput\u0101ti, bet &#8220;Progres\u012bvo&#8221; rind\u0101s &#8211; asto\u0146i Saeimas deput\u0101ti. AS ir 13 deput\u0101ti, Nacion\u0101lajai apvien\u012bbai &#8211; 12 deput\u0101ti, LPV un &#8220;Stabilit\u0101tei&#8221; &#8211; katr\u0101 pa asto\u0146iem deput\u0101tiem. V\u0113l Saeim\u0101 ir 10 pie frakcij\u0101m nepiedero\u0161i deput\u0101ti, da\u017ei no kuriem atbalsta valdo\u0161o koal\u012bciju.<\/p>\n<p>Jau zi\u0146ots, ka Sik\u0161\u0146a apstiprin\u0101\u0161anu par SEPLP lecekli neatbalst\u012bja vairums Saeimas Cilv\u0113kties\u012bbu un sabiedrisko lietu komisijas deput\u0101tu.<\/p>\n<p>Iepriek\u0161\u0113jo padomes vad\u012bt\u0101ju Siksni amatam izvirz\u012bjusi Nevalstisko organiz\u0101ciju (NVO) un Ministru kabineta (MK) sadarb\u012bbas memoranda padome.<\/p>\n<p>Siksnis tika atz\u012bts par lab\u0101ko kandid\u0101tu Memoranda padomes atk\u0101rtoti r\u012bkotaj\u0101 konkurs\u0101 uz \u0161o vakanci. \u0160oreiz, at\u0161\u0137ir\u012bb\u0101 no iepriek\u0161\u0113j\u0101 konkursa, Memoranda padomes locek\u013ciem bija j\u0101balso atkl\u0101ti, un balsojum\u0101 nebija iesp\u0113jams attur\u0113ties. A\u0123ent\u016brai LETA zin\u0101ms, ka Siksnis bija sa\u0146\u0113mis augst\u0101ko punktu skaitu ar\u012b iepriek\u0161\u0113j\u0101 konkurs\u0101, tom\u0113r Memoranda padome balsojum\u0101 atbalst\u012bja Ivara Beltes, nevis Sik\u0161\u0146a kandidat\u016bru.<\/p>\n","protected":false},"excerpt":{"rendered":"Nosl\u0113gum\u0101 Klapkalne pau\u017e, ka Latvijas Sabiedrisk\u0101 Medija veido\u0161an\u0101s s\u0101kumposm\u0101 ir nepiecie\u0161ams izveidot salied\u0113tu, produkt\u012bvu un profesion\u0101lu sabiedrisk\u0101 medija&hellip;\n","protected":false},"author":2,"featured_media":48040,"comment_status":"","ping_status":"","sticky":false,"template":"","format":"standard","meta":{"footnotes":""},"categories":[5],"tags":[23,28,29,32,33,22,11331,30,31,35,39,38,36,37,34,40,20,13258,26,27,24,25,11332,21],"class_list":{"0":"post-48039","1":"post","2":"type-post","3":"status-publish","4":"format-standard","5":"has-post-thumbnail","7":"category-aktualitates","8":"tag-aktualitates","9":"tag-breaking-news","10":"tag-breakingnews","11":"tag-featured-news","12":"tag-featurednews","13":"tag-headlines","14":"tag-janis-siksnis","15":"tag-latest-news","16":"tag-latestnews","17":"tag-latvia","18":"tag-latvian","19":"tag-latviesu","20":"tag-latviesu-valoda","21":"tag-latviesuvaloda","22":"tag-latvija","23":"tag-lv","24":"tag-news","25":"tag-plassazinas-lidzekli","26":"tag-popularakas-zinas","27":"tag-popularakaszinas","28":"tag-top-stories","29":"tag-topstories","30":"tag-una-klapkalne","31":"tag-zinas"},"share_on_mastodon":{"url":"https:\/\/pubeurope.com\/@lv\/115542196617773854","error":""},"_links":{"self":[{"href":"https:\/\/www.europesays.com\/lv\/wp-json\/wp\/v2\/posts\/48039","targetHints":{"allow":["GET"]}}],"collection":[{"href":"https:\/\/www.europesays.com\/lv\/wp-json\/wp\/v2\/posts"}],"about":[{"href":"https:\/\/www.europesays.com\/lv\/wp-json\/wp\/v2\/types\/post"}],"author":[{"embeddable":true,"href":"https:\/\/www.europesays.com\/lv\/wp-json\/wp\/v2\/users\/2"}],"replies":[{"embeddable":true,"href":"https:\/\/www.europesays.com\/lv\/wp-json\/wp\/v2\/comments?post=48039"}],"version-history":[{"count":0,"href":"https:\/\/www.europesays.com\/lv\/wp-json\/wp\/v2\/posts\/48039\/revisions"}],"wp:featuredmedia":[{"embeddable":true,"href":"https:\/\/www.europesays.com\/lv\/wp-json\/wp\/v2\/media\/48040"}],"wp:attachment":[{"href":"https:\/\/www.europesays.com\/lv\/wp-json\/wp\/v2\/media?parent=48039"}],"wp:term":[{"taxonomy":"category","embeddable":true,"href":"https:\/\/www.europesays.com\/lv\/wp-json\/wp\/v2\/categories?post=48039"},{"taxonomy":"post_tag","embeddable":true,"href":"https:\/\/www.europesays.com\/lv\/wp-json\/wp\/v2\/tags?post=48039"}],"curies":[{"name":"wp","href":"https:\/\/api.w.org\/{rel}","templated":true}]}}