{"id":48062,"date":"2025-11-13T12:08:23","date_gmt":"2025-11-13T12:08:23","guid":{"rendered":"https:\/\/www.europesays.com\/lv\/48062\/"},"modified":"2025-11-13T12:08:23","modified_gmt":"2025-11-13T12:08:23","slug":"par-latvijas-sabiedriska-medija-padomes-loceklu-ievelesanu","status":"publish","type":"post","link":"https:\/\/www.europesays.com\/lv\/48062\/","title":{"rendered":"Par Latvijas Sabiedrisk\u0101 medija padomes locek\u013cu iev\u0113l\u0113\u0161anu"},"content":{"rendered":"<p>Tre\u0161dien, 12. novembr\u012b, kad ir atlikusi viena diena l\u012bdz pl\u0101notajam Saeimas balsojumam par manu apstiprin\u0101\u0161anu Sabiedrisko elektronisko pla\u0161sazi\u0146as l\u012bdzek\u013cu padomes (SEPLP) locek\u013ca amat\u0101, v\u0113los publiski izteikt da\u017eas domas par \u0161o procesu, kas ieg\u016bst arvien neticam\u0101kas izpausmes.<\/p>\n<p>Vispirms gribu izteikt pateic\u012bbu visiem, kuri p\u0113d\u0113j\u0101s dien\u0101s ir paudu\u0161i man atbalstu, gan ar publiskiem pazi\u0146ojumiem, gan priv\u0101tiem telefona zvaniem vai \u012bszi\u0146\u0101m. Ir prieks un gandar\u012bjums par augsto nov\u0113rt\u0113jumu no nozares profesion\u0101\u013cu un mediju ekspertu puses; esmu patiesi lepns, ka mani iev\u0113l\u0113t padom\u0113 aicina Latvijas \u017durn\u0101listu asoci\u0101cija, Baltijas Mediju izcil\u012bbas centrs, Latvijas Mediju \u0113tikas padome un citi. Paldies par manas kandidat\u016bras izvirz\u012b\u0161anu Nevalstisko organiz\u0101ciju un Ministru kabineta sadarb\u012bbas memoranda \u012bsteno\u0161anas padomei, kur\u0101 p\u0101rst\u0101v\u0113ti gan nevald\u012bbas organiz\u0101ciju, gan valsts p\u0101rvaldes speci\u0101listi.<\/p>\n<p>Bet vienlaikus ir skumji un ar\u012b nedaudz bied\u0113jo\u0161i apzin\u0101ties, ka, lai k\u013c\u016btu par neatkar\u012bg\u0101s Latvijas sabiedrisk\u0101 medija uzraudz\u012bbas padomes locekli, neb\u016bt nepietiek ar uzvaru atkl\u0101t\u0101 konkurs\u0101 atbilsto\u0161i kompetentu ekspertu v\u0113rt\u0113jumam. Daudz svar\u012bg\u0101k, ac\u012bmredzot, ir censties izdab\u0101t da\u017e\u0101du politisko sp\u0113ku strauji main\u012bgajiem pl\u0101niem un atsevi\u0161\u0137u personu individu\u0101laj\u0101m viedok\u013ciem.<\/p>\n<p>Visliel\u0101kais p\u0101rsteigums, lai neteiktu \u2013 \u0161oks, man \u0161aj\u0101 proces\u0101 bija sastapties ar sabiedrisk\u0101 medija darbiniekam necien\u012bgu r\u012bc\u012bbu un aizmuguriski sa\u0146emt smagus apvainojumus no biju\u0161\u0101s kol\u0113\u0123es, k\u0101dreiz\u0113j\u0101s <a rel=\"noopener nofollow\" target=\"_blank\" href=\"https:\/\/www.delfi.lv\/temas\/40409933\/latvijas-radio\" tag-id=\"40409933\">Latvijas Radio<\/a> valdes priek\u0161s\u0113d\u0113t\u0101jas Unas Klapkalnes, kuru vienm\u0113r esmu uzskat\u012bjis par labu Radio vad\u012bt\u0101ju, un ar kuru, k\u0101 man \u0161\u0137ita, b\u016btu bijusi lieliska sadarb\u012bba SEPLP sast\u0101v\u0101. Varu argument\u0113ti atsp\u0113kot visus faktos nebalst\u012btos p\u0101rmetumus, ko vi\u0146a iek\u013c\u0101vusi sav\u0101 v\u0113stul\u0113 valdo\u0161\u0101s koal\u012bcijas partiju politi\u0137iem, k\u0101 tas min\u0113ts pla\u0161sazi\u0146as l\u012bdzek\u013cos. \u0160oreiz tikai izteik\u0161u no\u017e\u0113lu par to, ka Klapkalnes kundze nav piemin\u0113jusi t\u0101s daudz\u0101s reizes, kad SEPLP man\u0101 vad\u012bb\u0101 un liel\u0101 m\u0113r\u0101 pateicoties tie\u0161i man stingri aizst\u0101v\u0113ja gan vi\u0146u person\u012bgi, gan visu Latvijas Radio kopum\u0101 \u2013 vai t\u0101 bija, piem\u0113ram, vi\u0146as atk\u0101rtota virz\u012b\u0161ana Latvijas Radio vad\u012bt\u0101jas amat\u0101 2022. gad\u0101, neraugoties uz pirms tam notiku\u0161ajiem konfliktiem ar p\u0101r\u0113jo valdi, vai Latvijas Telev\u012bzijas darbinieku p\u0101rmetumu atvair\u012b\u0161ana par, vi\u0146upr\u0101t, p\u0101r\u0101k lielu Latvijas Radio intere\u0161u lob\u0113\u0161anu vienot\u0101 medija veido\u0161anas proces\u0101, vai aizst\u0101v\u012bba pret aso sabiedr\u012bbas kritiku par nesp\u0113ju laikus nodro\u0161in\u0101t operat\u012bvo inform\u0101ciju Latvijas Radio \u0113ter\u0101 b\u0113d\u012bgi slaven\u0101 &#8220;matra\u010da sad\u016bmojuma&#8221; gad\u012bjum\u0101 2024. gada s\u0101kum\u0101.<\/p>\n<p>Lasiet ar\u012b<\/p>\n<p><a href=\"https:\/\/www.delfi.lv\/193\/politics\/120094834\/klapkalne-aicina-neapstiprinat-siksni-seplp-locekla-amata-sola-atkapties-pati\" class=\"headline__image-link\" itemprop=\"url\" rel=\"nofollow noopener\" target=\"_blank\"><img decoding=\"async\" loading=\"lazy\" itemprop=\"image\" src=\"https:\/\/www.europesays.com\/lv\/wp-content\/uploads\/2025\/11\/b3c52f9b-b949-4314-955a-73b84dfe67d7.jpg\" alt=\"Klapkalne aicina neapstiprin\u0101t Siksni SEPLP locek\u013ca amat\u0101; sola atk\u0101pties pati\" title=\"Klapkalne aicina neapstiprin\u0101t Siksni SEPLP locek\u013ca amat\u0101; sola atk\u0101pties pati\" class=\"headline__image img-fluid w-100\"\/><\/a><\/p>\n<p>J\u0101piekr\u012bt, ka SEPLP br\u012b\u017eiem diem\u017e\u0113l tie\u0161\u0101m vald\u012bja, maigi izsakoties, \u013coti saspringta gaisotne, kam par iemeslu galvenok\u0101rt bija tas, ka pirmaj\u0101 padomes sast\u0101v\u0101 bija iev\u0113l\u0113ti tr\u012bs profesion\u0101l\u0101s pieredzes, zin\u0101\u0161anu un nozares izpratnes zi\u0146\u0101 \u013coti at\u0161\u0137ir\u012bgi, savos uzskatos br\u012b\u017eiem piln\u012bgi pret\u0113ji, bet sav\u0101 status\u0101 teju l\u012bdzv\u0113rt\u012bgi cilv\u0113ki, un person\u012bgo amb\u012bciju l\u012bmenis nereti p\u0101rsniedza pie\u013caujamo. Ar\u012b visa veida \u0101r\u0113jais, tostarp politiskais, spiediens bija neatsl\u0101bsto\u0161s. Daudzi mediju darbinieki negrib\u0113ja ar apvieno\u0161anu saist\u012bt\u0101s p\u0101rmai\u0146as, politi\u0137i un l\u0113mumu pie\u0146\u0113m\u0113ji liel\u0101koties bija aizkaitin\u0101ti par m\u016bsu uzst\u0101j\u012bbu c\u012b\u0146\u0101 par liel\u0101ku finans\u0113jumu. Tam visam p\u0101ri kl\u0101j\u0101s nep\u0101rejo\u0161i centieni ietekm\u0113t mediju redakcion\u0101lo neatkar\u012bbu.<\/p>\n<p>Esot \u0161\u0101d\u0101 situ\u0101cij\u0101 pirmo reizi, noteikti ne vienm\u0113r izv\u0113l\u0113jos pareiz\u0101ko r\u012bc\u012bbu, un ir lietas, ko ar \u0161odienas pieredzi dar\u012btu cit\u0101di. Tom\u0113r ar pilnu p\u0101rliec\u012bbu varu apgalvot, ka tika izdar\u012bts viss iesp\u0113jamais, lai aizsarg\u0101tu un stiprin\u0101tu m\u016bsu atbild\u012bb\u0101 eso\u0161os sabiedriskos medijus, un taj\u0101 ir \u013coti liels mans person\u012bgais ieguld\u012bjums. Ja SEPLP priek\u0161s\u0113d\u0113t\u0101ja amat\u0101 b\u016btu k\u0101ds cits ar liel\u0101ku v\u0113lmi &#8220;audzin\u0101t&#8221; savus padotos un izpild\u012bt publiskaj\u0101 telp\u0101 dzirdam\u0101s pras\u012bbas &#8220;beidzot ieviest k\u0101rt\u012bbu&#8221;, SEPLP ne reizi vien b\u016btu biju\u0161i pie\u0146emti t\u0101di l\u0113mumi, kas gan Latvijas Radio un Latvijas Telev\u012bziju, gan abu uz\u0146\u0113mumu vad\u012bt\u0101jus nost\u0101d\u012btu daudz apdraud\u0113t\u0101k\u0101s situ\u0101cij\u0101s.<\/p>\n<p>Par katra paveikto vislab\u0101k run\u0101 vi\u0146a darbi, nevis emocijas. Es varu lepoties ar to, ka pirmais SEPLP sasaukums izpild\u012bja tam uztic\u0113tos uzdevumus. Beidzot tika \u012bstenota ilgsto\u0161i apspriest\u0101 Latvijas Radio un Latvijas Telev\u012bzijas apvieno\u0161ana un tr\u012bs gadu laik\u0101 par 50 % palielin\u0101ts mediju bud\u017eets, kas, ja vien netiks pie\u0146emti k\u0101di nep\u0101rdom\u0101ti l\u0113mumi parlament\u0101, nodro\u0161in\u0101s Latvijas Sabiedriskajam medijam stabilu att\u012bst\u012bbu n\u0101kotn\u0113. Ja vienotais medijs b\u016btu bijis izveidots gadu \u0101tr\u0101k, 2024. gada janv\u0101r\u012b (kas s\u0101kotn\u0113ji piln\u012bgi pamatoti bija visu SEPLP locek\u013cu vienbals\u012bgs l\u0113mums, bet U. Klapkalne to nez k\u0101p\u0113c p\u0101rmet tikai man person\u012bgi), ne\u0161aubos, ka \u0161obr\u012bd Latvijas Sabiedriskais medijs jau b\u016btu ticis daudz t\u0101l\u0101k ce\u013c\u0101 uz m\u016bsdien\u012bgu, &#8220;digit\u0101li-vispirms&#8221; mediju uz\u0146\u0113mumu.<\/p>\n<p>Viss iepriek\u0161 min\u0113tais un v\u0113l daudz vair\u0101k tika izdar\u012bts, ne par mata tiesu nesamazinot SEPLP un mediju politisko neatkar\u012bbu. T\u0101d\u0113\u013c d\u012bvaini un satrauco\u0161i \u0161\u0137iet tas, ka SEPLP locek\u013cu p\u0101rv\u0113l\u0113\u0161anas gait\u0101 viens kandid\u0101ts, k\u0101 izskat\u0101s, var\u0113tu b\u016bt pan\u0101cis k\u0101du vieno\u0161anos ar politi\u0137iem, kas b\u016btiski samazin\u0101ja vai pat izsl\u0113dza citu pretendentu iesp\u0113jas atkl\u0101ta konkursa atlases proces\u0101.<\/p>\n<p>Patriotu m\u0113nes\u012b, kad m\u0113s visi v\u0113lam to lab\u0101ko m\u016bsu br\u012bni\u0161\u0137\u012bgajai Latvijai, gribu tic\u0113t, ka ar\u012b mums b\u016bs t\u0101ds sabiedriskais medijs, k\u0101du jau sen esam peln\u012bju\u0161i \u2013 ar daudzveid\u012bgu, uzticamu un aizraujo\u0161u saturu, ar modern\u0101m tehnolo\u0123ij\u0101m un infrastrukt\u016bru, ar talant\u012bgiem un uz\u0146\u0113m\u012bgiem cilv\u0113kiem. T\u0101ds sabiedriskais medijs, uz ko var pa\u013cauties ikviens iedz\u012bvot\u0101js, jo \u012bpa\u0161i kr\u012bzes br\u012b\u017eos. T\u0101ds, kas ir Latvijas neatkar\u012bbas un demokr\u0101tijas, akt\u012bvas sabiedrisk\u0101s l\u012bdzdal\u012bbas, kult\u016bras v\u0113rt\u012bbu, latvie\u0161u tautas un valodas turpm\u0101k\u0101s past\u0101v\u0113\u0161anas \u0137\u012bla.<\/p>\n<p>Daudz kas no t\u0101 jau veiksm\u012bgi darbojas. Atliek vien cer\u0113t, ka ar\u012b SEPLP locek\u013cu izraudz\u012b\u0161anas un apstiprin\u0101\u0161anas process p\u0113c iesp\u0113jas tuv\u0101k\u0101 n\u0101kotn\u0113 vairs nenon\u0101ks politisk\u0101 apr\u0113\u0137ina un \u0161auru person\u012bgo amb\u012bciju slazd\u0101.<\/p>\n<p class=\"m-0\">Seko &#8220;Delfi&#8221; ar\u012b  <a target=\"_blank\" href=\"https:\/\/www.instagram.com\/delfi.lv\/\" rel=\"nofollow noopener\">Instagram<\/a>  un <a target=\"_blank\" href=\"https:\/\/www.youtube.com\/channel\/UCw5foWtcJvAbUm64rv7jwUQ\" rel=\"nofollow noopener\">YouTube<\/a>  profil\u0101 \u2013 pievienojies, lai uzzin\u0101tu svar\u012bg\u0101ko un interesant\u0101ko pirmais!<\/p>\n<p>Publik\u0101cijas saturs vai t\u0101s jebk\u0101da apjoma da\u013ca ir aizsarg\u0101ts autorties\u012bbu objekts Autorties\u012bbu likuma izpratn\u0113, un t\u0101 izmanto\u0161ana bez izdev\u0113ja at\u013caujas ir aizliegta. Vair\u0101k lasi  <a target=\"_blank\" href=\"https:\/\/www.delfi.lv\/noteikumi#autortiesibas\" rel=\"nofollow noopener\">\u0161eit<\/a><script async src=\"\/\/www.instagram.com\/embed.js\"><\/script><\/p>\n","protected":false},"excerpt":{"rendered":"Tre\u0161dien, 12. novembr\u012b, kad ir atlikusi viena diena l\u012bdz pl\u0101notajam Saeimas balsojumam par manu apstiprin\u0101\u0161anu Sabiedrisko elektronisko pla\u0161sazi\u0146as&hellip;\n","protected":false},"author":2,"featured_media":48063,"comment_status":"","ping_status":"","sticky":false,"template":"","format":"standard","meta":{"footnotes":""},"categories":[5],"tags":[23,28,29,32,33,22,11331,30,31,35,39,38,36,37,34,8574,40,20,26,27,24,25,21],"class_list":{"0":"post-48062","1":"post","2":"type-post","3":"status-publish","4":"format-standard","5":"has-post-thumbnail","7":"category-aktualitates","8":"tag-aktualitates","9":"tag-breaking-news","10":"tag-breakingnews","11":"tag-featured-news","12":"tag-featurednews","13":"tag-headlines","14":"tag-janis-siksnis","15":"tag-latest-news","16":"tag-latestnews","17":"tag-latvia","18":"tag-latvian","19":"tag-latviesu","20":"tag-latviesu-valoda","21":"tag-latviesuvaloda","22":"tag-latvija","23":"tag-latvijas-radio","24":"tag-lv","25":"tag-news","26":"tag-popularakas-zinas","27":"tag-popularakaszinas","28":"tag-top-stories","29":"tag-topstories","30":"tag-zinas"},"share_on_mastodon":{"url":"https:\/\/pubeurope.com\/@lv\/115542314581692178","error":""},"_links":{"self":[{"href":"https:\/\/www.europesays.com\/lv\/wp-json\/wp\/v2\/posts\/48062","targetHints":{"allow":["GET"]}}],"collection":[{"href":"https:\/\/www.europesays.com\/lv\/wp-json\/wp\/v2\/posts"}],"about":[{"href":"https:\/\/www.europesays.com\/lv\/wp-json\/wp\/v2\/types\/post"}],"author":[{"embeddable":true,"href":"https:\/\/www.europesays.com\/lv\/wp-json\/wp\/v2\/users\/2"}],"replies":[{"embeddable":true,"href":"https:\/\/www.europesays.com\/lv\/wp-json\/wp\/v2\/comments?post=48062"}],"version-history":[{"count":0,"href":"https:\/\/www.europesays.com\/lv\/wp-json\/wp\/v2\/posts\/48062\/revisions"}],"wp:featuredmedia":[{"embeddable":true,"href":"https:\/\/www.europesays.com\/lv\/wp-json\/wp\/v2\/media\/48063"}],"wp:attachment":[{"href":"https:\/\/www.europesays.com\/lv\/wp-json\/wp\/v2\/media?parent=48062"}],"wp:term":[{"taxonomy":"category","embeddable":true,"href":"https:\/\/www.europesays.com\/lv\/wp-json\/wp\/v2\/categories?post=48062"},{"taxonomy":"post_tag","embeddable":true,"href":"https:\/\/www.europesays.com\/lv\/wp-json\/wp\/v2\/tags?post=48062"}],"curies":[{"name":"wp","href":"https:\/\/api.w.org\/{rel}","templated":true}]}}