{"id":48088,"date":"2025-11-13T12:30:10","date_gmt":"2025-11-13T12:30:10","guid":{"rendered":"https:\/\/www.europesays.com\/lv\/48088\/"},"modified":"2025-11-13T12:30:10","modified_gmt":"2025-11-13T12:30:10","slug":"krievi-nekontrole-pokrovsku-uzsver-sirskis","status":"publish","type":"post","link":"https:\/\/www.europesays.com\/lv\/48088\/","title":{"rendered":"Krievi nekontrol\u0113 Pokrovsku, uzsver Sirskis"},"content":{"rendered":"<p>&#8220;Situ\u0101cijas stabiliz\u0101cija Pokrovskas-Mirnohradas oper\u0101cijas rajon\u0101 ir atkar\u012bga no kaujas uzdevumu izpild\u0113 iesaist\u012bto milit\u0101r\u0101s vad\u012bbas strukt\u016bru, vien\u012bbu un apak\u0161vien\u012bbu mijiedarb\u012bbas un r\u012bc\u012bbas saska\u0146ot\u012bbas l\u012bme\u0146a,&#8221; platform\u0101 &#8220;Telegram&#8221; ceturtdien pauda virspav\u0113lnieks.<\/p>\n<p>&#8220;\u0160im nol\u016bkam es devos uz Pokrovskas virzienu. Kop\u0101 ar komandieriem m\u0113s koncentr\u0113j\u0101mies uz iepriek\u0161 noteikto uzdevumu izpildes rezult\u0101tiem un pl\u0101noj\u0101m turpm\u0101k\u0101s darb\u012bbas,&#8221; nor\u0101d\u012bja Sirskis.<\/p>\n<p>Armijas virspav\u0113lnieks nor\u0101d\u012bja, ka Pokrovskas virziens &#8220;ienaidnieka uzbrukuma kontekst\u0101 joproj\u0101m ir galvenais&#8221;.<\/p>\n<p>Proti, \u0161aj\u0101 virzien\u0101 ik dienu tiek re\u0123istr\u0113ts visliel\u0101kais ienaidnieka trieciena darb\u012bbu skaits.<\/p>\n<p>&#8220;\u012apa\u0161i ienaidnieks cen\u0161as izmantot sare\u017e\u0123\u012btos laika apst\u0101k\u013cus. M\u016bsu galvenie uzdevumi joproj\u0101m ir pak\u0101peniska atsevi\u0161\u0137u rajonu p\u0101r\u0146em\u0161ana kontrol\u0113, eso\u0161o lo\u0123istikas ce\u013cu atbalsts un aizsardz\u012bba, k\u0101 ar\u012b papildu mar\u0161rutu organiz\u0113\u0161ana &#8211; lai savlaic\u012bgi nodro\u0161in\u0101tu m\u016bsu aizst\u0101vjus ar visu nepiecie\u0161amo un nodro\u0161in\u0101tu netrauc\u0113tu ievainoto evaku\u0101ciju,&#8221; kl\u0101st\u012bja Sirskis.<\/p>\n<p>&#8220;Perif\u0113rij\u0101 un tie\u0161i pils\u0113tas teritorij\u0101 turpin\u0101s past\u0101v\u012bga c\u012b\u0146a pret neliel\u0101m ienaidnieka k\u0101jnieku uzbrukuma grup\u0101m un ret\u0101k &#8211; viegl\u0101s ienaidnieka tehnikas izn\u012bcin\u0101\u0161ana. Ukrainas Aizsardz\u012bbas sp\u0113ku karav\u012bri dara visu, lai padar\u012btu neiesp\u0113jamu ienaidnieka p\u0101rvieto\u0161anos un nostiprin\u0101\u0161anos,&#8221; situ\u0101ciju raksturoja Sirskis.<\/p>\n<p>Vi\u0146\u0161 ar\u012b nor\u0101d\u012bja, ka aizvad\u012btaj\u0101 ned\u0113\u013c\u0101 &#8220;mekl\u0113\u0161anas un trieciena darb\u012bbu rezult\u0101t\u0101 no ienaidnieka diversiju un izl\u016bko\u0161anas grup\u0101m att\u012br\u012bti 7,4 kvadr\u0101tkilometri Doneckas apgabala Pokrovskas rajona teritorijas&#8221;.<\/p>\n<p>&#8220;Par Pokrovskas pils\u0113tas atra\u0161anos krievu kontrol\u0113 vai Ukrainas Aizsardz\u012bbas sp\u0113ku grup\u0113juma operat\u012bvo aplenkumu nav runa,&#8221; uzsv\u0113ra Sirskis.<\/p>\n","protected":false},"excerpt":{"rendered":"&#8220;Situ\u0101cijas stabiliz\u0101cija Pokrovskas-Mirnohradas oper\u0101cijas rajon\u0101 ir atkar\u012bga no kaujas uzdevumu izpild\u0113 iesaist\u012bto milit\u0101r\u0101s vad\u012bbas strukt\u016bru, vien\u012bbu un apak\u0161vien\u012bbu&hellip;\n","protected":false},"author":2,"featured_media":48089,"comment_status":"","ping_status":"","sticky":false,"template":"","format":"standard","meta":{"footnotes":""},"categories":[14],"tags":[23,57,28,29,32,33,22,74,30,31,35,39,38,36,37,34,40,20,26,27,24,25,276,54,55,56,21,58],"class_list":{"0":"post-48088","1":"post","2":"type-post","3":"status-publish","4":"format-standard","5":"has-post-thumbnail","7":"category-zinas-no-arvalstim","8":"tag-aktualitates","9":"tag-arvalstim","10":"tag-breaking-news","11":"tag-breakingnews","12":"tag-featured-news","13":"tag-featurednews","14":"tag-headlines","15":"tag-krievijas-iebrukums-ukraina","16":"tag-latest-news","17":"tag-latestnews","18":"tag-latvia","19":"tag-latvian","20":"tag-latviesu","21":"tag-latviesu-valoda","22":"tag-latviesuvaloda","23":"tag-latvija","24":"tag-lv","25":"tag-news","26":"tag-popularakas-zinas","27":"tag-popularakaszinas","28":"tag-top-stories","29":"tag-topstories","30":"tag-ukraina","31":"tag-world","32":"tag-world-news","33":"tag-worldnews","34":"tag-zinas","35":"tag-zinas-no-arvalstim"},"share_on_mastodon":{"url":"https:\/\/pubeurope.com\/@lv\/115542401068256118","error":""},"_links":{"self":[{"href":"https:\/\/www.europesays.com\/lv\/wp-json\/wp\/v2\/posts\/48088","targetHints":{"allow":["GET"]}}],"collection":[{"href":"https:\/\/www.europesays.com\/lv\/wp-json\/wp\/v2\/posts"}],"about":[{"href":"https:\/\/www.europesays.com\/lv\/wp-json\/wp\/v2\/types\/post"}],"author":[{"embeddable":true,"href":"https:\/\/www.europesays.com\/lv\/wp-json\/wp\/v2\/users\/2"}],"replies":[{"embeddable":true,"href":"https:\/\/www.europesays.com\/lv\/wp-json\/wp\/v2\/comments?post=48088"}],"version-history":[{"count":0,"href":"https:\/\/www.europesays.com\/lv\/wp-json\/wp\/v2\/posts\/48088\/revisions"}],"wp:featuredmedia":[{"embeddable":true,"href":"https:\/\/www.europesays.com\/lv\/wp-json\/wp\/v2\/media\/48089"}],"wp:attachment":[{"href":"https:\/\/www.europesays.com\/lv\/wp-json\/wp\/v2\/media?parent=48088"}],"wp:term":[{"taxonomy":"category","embeddable":true,"href":"https:\/\/www.europesays.com\/lv\/wp-json\/wp\/v2\/categories?post=48088"},{"taxonomy":"post_tag","embeddable":true,"href":"https:\/\/www.europesays.com\/lv\/wp-json\/wp\/v2\/tags?post=48088"}],"curies":[{"name":"wp","href":"https:\/\/api.w.org\/{rel}","templated":true}]}}