{"id":48093,"date":"2025-11-13T12:36:22","date_gmt":"2025-11-13T12:36:22","guid":{"rendered":"https:\/\/www.europesays.com\/lv\/48093\/"},"modified":"2025-11-13T12:36:22","modified_gmt":"2025-11-13T12:36:22","slug":"venecuela-izzino-armijas-mobilizaciju-lai-statos-preti-asv-karaflotes-klatbutnei-piekraste-raksts","status":"publish","type":"post","link":"https:\/\/www.europesays.com\/lv\/48093\/","title":{"rendered":"Venecu\u0113la izzi\u0146o armijas mobiliz\u0101ciju, lai st\u0101tos pret\u012b ASV karaflotes kl\u0101tb\u016btnei piekrast\u0113 \/ Raksts"},"content":{"rendered":"<p>Venecu\u0113la otrdien pazi\u0146ojusi par armijas mobiliz\u0101ciju vis\u0101 valst\u012b, lai st\u0101tos pret\u012b ASV karaflotes kl\u0101tb\u016btnei t\u0101s piekrast\u0113.\u00a0<\/p>\n<p>ASV \u012bsteno milit\u0101ru kampa\u0146u Kar\u012bbu j\u016bras re\u0123ion\u0101 un Klus\u0101 oke\u0101na austrumu da\u013c\u0101, izvietojot j\u016bras un gaisa sp\u0113kus, kuru m\u0113r\u0137is, k\u0101 apgalvo Va\u0161ingtona, ir narkotiku kontrabandas ierobe\u017eo\u0161ana. Ta\u010du \u0161\u012b oper\u0101cija ir izrais\u012bjusi ba\u017eas Karakas\u0101, ka Va\u0161ingtonas patiesais m\u0113r\u0137is ir Venecu\u0113las prezidenta Nikolasa Maduro g\u0101\u0161ana.\u00a0<\/p>\n<blockquote>\n<p>Saska\u0146\u0101 ar Savienoto Valstu publiskotajiem datiem kop\u0161 septembra s\u0101kuma ASV sp\u0113ki ir uzbruku\u0161i vismaz 20 ku\u0123iem starptautiskajos \u016bde\u0146os, nogalinot vismaz 76 cilv\u0113kus.\u00a0<\/p>\n<\/blockquote>\n<p>Ta\u010du ASV v\u0113l nav publiskoju\u0161as pier\u0101d\u012bjumus, ka \u0161ie ku\u0123i tika izmantoti narkotiku kontrabandai vai ka tie apdraud\u0113ju\u0161i ASV.<\/p>\n<p>Venecu\u0113las Aizsardz\u012bbas ministrija \u0161odien pazi\u0146oja par sauszemes, j\u016bras, gaisa, upju un ra\u0137e\u0161u sp\u0113ku, k\u0101 ar\u012b civil\u0101s zemessardzes mobiliz\u0101ciju. Valsts telev\u012bzijas kan\u0101ls &#8220;VTV&#8221; p\u0101rraid\u012bja kadrus ar milit\u0101rpersonu uzrun\u0101m vair\u0101kos Venecu\u0113las \u0161tatos.\u00a0<\/p>\n<p>\u0160\u0101di ska\u013ci vald\u012bbas pazi\u0146ojumi Venecu\u0113l\u0101 ir ierasta par\u0101d\u012bba, ta\u010du tie ne vienm\u0113r noved pie ac\u012bmredzamas armijas mobiliz\u0113\u0161anas.\u00a0<\/p>\n<blockquote>\n<p>ASV prezidents Donalds Tramps pag\u0101ju\u0161aj\u0101 ned\u0113\u013c\u0101 mazin\u0101ja ba\u017eas par iesp\u0113jamu karu ar Venecu\u0113lu, bet izteic\u0101s, ka Maduro dienas ir saskait\u012btas.\u00a0<\/p>\n<\/blockquote>\n<p>Savienot\u0101s Valstis ir devu\u0161as r\u012bkojumu nos\u016bt\u012bt avi\u0101cijas b\u0101zes ku\u0123a &#8220;Gerald R. Ford&#8221; trieciengrupu uz Lat\u012b\u0146ameriku, izvietoju\u0161as izn\u012bcin\u0101t\u0101jus &#8220;F-35&#8221; Puertoriko, un pa\u0161laik Kar\u012bbu j\u016br\u0101 atrodas se\u0161i ASV J\u016bras karaflotes ku\u0123i, kas piedal\u0101s narkotiku kontrabandas apkaro\u0161anas oper\u0101cij\u0101.<\/p>\n<p>                    Valodas k\u013c\u016bda rakst\u0101?<\/p>\n<p class=\"d-none d-md-block\">Iez\u012bm\u0113jiet tekstu un spiediet Ctrl+Enter, lai nos\u016bt\u012btu labojamo teksta fragmentu redaktoram! Par faktu k\u013c\u016bd\u0101m l\u016bdzam zi\u0146ot e-past\u0101 <a href=\"https:\/\/www.lsm.lv\/cdn-cgi\/l\/email-protection\" class=\"__cf_email__\" data-cfemail=\"c4b6a1a0a5afa7adaea584a8b7a9eaa8b2\" rel=\"nofollow noopener\" target=\"_blank\">[email\u00a0protected]<\/a>.<\/p>\n<p class=\"d-md-none\">Iez\u012bm\u0113jiet tekstu un spiediet uz Zi\u0146ot par k\u013c\u016bdu pogas, lai nos\u016bt\u012btu labojamo teksta fragmentu redaktoram!<\/p>\n<p>\n                    Zi\u0146ot par k\u013c\u016bdu\n                <\/p>\n","protected":false},"excerpt":{"rendered":"Venecu\u0113la otrdien pazi\u0146ojusi par armijas mobiliz\u0101ciju vis\u0101 valst\u012b, lai st\u0101tos pret\u012b ASV karaflotes kl\u0101tb\u016btnei t\u0101s piekrast\u0113.\u00a0 ASV \u012bsteno&hellip;\n","protected":false},"author":2,"featured_media":48094,"comment_status":"","ping_status":"","sticky":false,"template":"","format":"standard","meta":{"footnotes":""},"categories":[14],"tags":[23,57,28,29,32,33,22,30,31,35,39,38,36,37,34,40,20,26,27,24,25,54,55,56,21,58],"class_list":{"0":"post-48093","1":"post","2":"type-post","3":"status-publish","4":"format-standard","5":"has-post-thumbnail","7":"category-zinas-no-arvalstim","8":"tag-aktualitates","9":"tag-arvalstim","10":"tag-breaking-news","11":"tag-breakingnews","12":"tag-featured-news","13":"tag-featurednews","14":"tag-headlines","15":"tag-latest-news","16":"tag-latestnews","17":"tag-latvia","18":"tag-latvian","19":"tag-latviesu","20":"tag-latviesu-valoda","21":"tag-latviesuvaloda","22":"tag-latvija","23":"tag-lv","24":"tag-news","25":"tag-popularakas-zinas","26":"tag-popularakaszinas","27":"tag-top-stories","28":"tag-topstories","29":"tag-world","30":"tag-world-news","31":"tag-worldnews","32":"tag-zinas","33":"tag-zinas-no-arvalstim"},"share_on_mastodon":{"url":"https:\/\/pubeurope.com\/@lv\/115542424556758092","error":""},"_links":{"self":[{"href":"https:\/\/www.europesays.com\/lv\/wp-json\/wp\/v2\/posts\/48093","targetHints":{"allow":["GET"]}}],"collection":[{"href":"https:\/\/www.europesays.com\/lv\/wp-json\/wp\/v2\/posts"}],"about":[{"href":"https:\/\/www.europesays.com\/lv\/wp-json\/wp\/v2\/types\/post"}],"author":[{"embeddable":true,"href":"https:\/\/www.europesays.com\/lv\/wp-json\/wp\/v2\/users\/2"}],"replies":[{"embeddable":true,"href":"https:\/\/www.europesays.com\/lv\/wp-json\/wp\/v2\/comments?post=48093"}],"version-history":[{"count":0,"href":"https:\/\/www.europesays.com\/lv\/wp-json\/wp\/v2\/posts\/48093\/revisions"}],"wp:featuredmedia":[{"embeddable":true,"href":"https:\/\/www.europesays.com\/lv\/wp-json\/wp\/v2\/media\/48094"}],"wp:attachment":[{"href":"https:\/\/www.europesays.com\/lv\/wp-json\/wp\/v2\/media?parent=48093"}],"wp:term":[{"taxonomy":"category","embeddable":true,"href":"https:\/\/www.europesays.com\/lv\/wp-json\/wp\/v2\/categories?post=48093"},{"taxonomy":"post_tag","embeddable":true,"href":"https:\/\/www.europesays.com\/lv\/wp-json\/wp\/v2\/tags?post=48093"}],"curies":[{"name":"wp","href":"https:\/\/api.w.org\/{rel}","templated":true}]}}