{"id":48103,"date":"2025-11-13T12:48:10","date_gmt":"2025-11-13T12:48:10","guid":{"rendered":"https:\/\/www.europesays.com\/lv\/48103\/"},"modified":"2025-11-13T12:48:10","modified_gmt":"2025-11-13T12:48:10","slug":"jana-timmas-draugs-marks-pugacovs-atklaj-kapec-netic-ka-basketbolists-izdarijis-pasnavibu","status":"publish","type":"post","link":"https:\/\/www.europesays.com\/lv\/48103\/","title":{"rendered":"J\u0101\u0146a Timmas draugs Marks Puga\u010dovs atkl\u0101j, k\u0101p\u0113c netic, ka basketbolists izdar\u012bjis pa\u0161n\u0101v\u012bbu"},"content":{"rendered":"<p>Marks Maiami nodro\u0161ina luksusa transporta pakalpojumus, s\u0101kot ar automa\u0161\u012bn\u0101m un beidzot ar priv\u0101taj\u0101m lidma\u0161\u012bn\u0101m.<\/p>\n<p>Sarunas gait\u0101 Puga\u010dovs dal\u012bj\u0101s atmi\u0146\u0101s par J\u0101ni, atkl\u0101jot vi\u0146a ambiciozos sap\u0146us un n\u0101kotnes pl\u0101nus. \u0160\u012b iemesla d\u0113\u013c Markam joproj\u0101m ir gr\u016bti un s\u0101p\u012bgi pie\u0146emt domu, ka Timma pats izv\u0113l\u0113jies p\u0101rtraukt dz\u012bvi.<\/p>\n<p>Puga\u010dovs past\u0101st\u012bja, ka vi\u0146u draudz\u012bba s\u0101k\u0101s 2021. gad\u0101: &#8220;Vi\u0146\u0161 man uzrakst\u012bja, ka atrodas Maiami un v\u0113las visfor\u0161\u0101ko automa\u0161\u012bnu. T\u0101 s\u0101k\u0101s m\u016bsu paz\u012b\u0161an\u0101s.&#8221;<\/p>\n<p>S\u0101kotn\u0113ji sadarb\u012bba bija tikai profesion\u0101la, ta\u010du v\u0113l\u0101k vi\u0146i kop\u012bgi apmekl\u0113ja restor\u0101nus, kuros ilgi sarun\u0101j\u0101s, p\u012bp\u0113jot \u016bdensp\u012bpi. Marks uzsv\u0113ra, ka vi\u0146\u0161 reti veido tik draudz\u012bgas un cie\u0161as attiec\u012bbas ar saviem klientiem:<\/p>\n<blockquote class=\"quote ck-widget\" contenteditable=\"false\">\n<p>&#8220;T\u0101 gad\u0101s \u013coti reti, bet ar J\u0101ni mums uzreiz izveidoj\u0101s kontakts. Varu roku likt uz sirds &#8211; vi\u0146\u0161 bija br\u012bni\u0161\u0137\u012bgs cilv\u0113ks.&#8221;<\/p>\n<\/blockquote>\n<p>Atbildot uz jaut\u0101jumu par to, k\u0101 vi\u0146\u0161 atceras tra\u0123isk\u0101s zi\u0146as sa\u0146em\u0161anas br\u012bdi, Marks st\u0101st\u012bja: &#8220;Kad ieraudz\u012bju zi\u0146u, ka J\u0101nis ir miris, s\u0101kum\u0101 dom\u0101ju, ka t\u0101 ir iz\u0101z\u0113\u0161ana [..] Vispirms man s\u0101ka birt asaras, es s\u0101ku raud\u0101t un dom\u0101ju \u2013 k\u0101 t\u0101? V\u0113l nesen kop\u0101 p\u012bp\u0113j\u0101m \u016bdensp\u012bpi, vi\u0146\u0161 st\u0101st\u012bja par saviem pl\u0101niem, par to, k\u0101 grib izveidot basketbola skolu. Vi\u0146am bija lieli dz\u012bves pl\u0101ni.&#8221;<\/p>\n<p>Marks atkl\u0101j, ka bija apjucis, uzzinot, ka J\u0101nis izdar\u012bjis pa\u0161n\u0101v\u012bbu: &#8220;Vi\u0146am bija lieli pl\u0101ni, cilv\u0113ks tik \u0101tri neaiziet.<\/p>\n<blockquote class=\"quote ck-widget\" contenteditable=\"false\">\n<p>Es vi\u0146u pazinu, J\u0101nis nebija no tiem, kas ietu k\u0101rties, t\u0101p\u0113c es palieku pie sava, ka tur k\u0101ds pielika roku.&#8221;<\/p>\n<\/blockquote>\n<p>K\u0101 v\u0113st\u012bts, J\u0101\u0146a Timmas dz\u012bve p\u0101ragri beidz\u0101s Maskav\u0101 2024. gada 17. decembr\u012b. \u0160\u012b gada 2. j\u016blij\u0101 J\u0101nim Timmam b\u016btu aprit\u0113ju\u0161i 33 gadi.<\/p>\n","protected":false},"excerpt":{"rendered":"Marks Maiami nodro\u0161ina luksusa transporta pakalpojumus, s\u0101kot ar automa\u0161\u012bn\u0101m un beidzot ar priv\u0101taj\u0101m lidma\u0161\u012bn\u0101m. Sarunas gait\u0101 Puga\u010dovs dal\u012bj\u0101s&hellip;\n","protected":false},"author":2,"featured_media":48104,"comment_status":"","ping_status":"","sticky":false,"template":"","format":"standard","meta":{"footnotes":""},"categories":[14],"tags":[23,57,28,29,32,33,22,6622,30,31,35,39,38,36,37,34,40,7350,20,26,27,24,25,54,55,56,21,58],"class_list":{"0":"post-48103","1":"post","2":"type-post","3":"status-publish","4":"format-standard","5":"has-post-thumbnail","7":"category-zinas-no-arvalstim","8":"tag-aktualitates","9":"tag-arvalstim","10":"tag-breaking-news","11":"tag-breakingnews","12":"tag-featured-news","13":"tag-featurednews","14":"tag-headlines","15":"tag-janis-timma","16":"tag-latest-news","17":"tag-latestnews","18":"tag-latvia","19":"tag-latvian","20":"tag-latviesu","21":"tag-latviesu-valoda","22":"tag-latviesuvaloda","23":"tag-latvija","24":"tag-lv","25":"tag-marks-pugacovs","26":"tag-news","27":"tag-popularakas-zinas","28":"tag-popularakaszinas","29":"tag-top-stories","30":"tag-topstories","31":"tag-world","32":"tag-world-news","33":"tag-worldnews","34":"tag-zinas","35":"tag-zinas-no-arvalstim"},"share_on_mastodon":{"url":"https:\/\/pubeurope.com\/@lv\/115542471667090001","error":""},"_links":{"self":[{"href":"https:\/\/www.europesays.com\/lv\/wp-json\/wp\/v2\/posts\/48103","targetHints":{"allow":["GET"]}}],"collection":[{"href":"https:\/\/www.europesays.com\/lv\/wp-json\/wp\/v2\/posts"}],"about":[{"href":"https:\/\/www.europesays.com\/lv\/wp-json\/wp\/v2\/types\/post"}],"author":[{"embeddable":true,"href":"https:\/\/www.europesays.com\/lv\/wp-json\/wp\/v2\/users\/2"}],"replies":[{"embeddable":true,"href":"https:\/\/www.europesays.com\/lv\/wp-json\/wp\/v2\/comments?post=48103"}],"version-history":[{"count":0,"href":"https:\/\/www.europesays.com\/lv\/wp-json\/wp\/v2\/posts\/48103\/revisions"}],"wp:featuredmedia":[{"embeddable":true,"href":"https:\/\/www.europesays.com\/lv\/wp-json\/wp\/v2\/media\/48104"}],"wp:attachment":[{"href":"https:\/\/www.europesays.com\/lv\/wp-json\/wp\/v2\/media?parent=48103"}],"wp:term":[{"taxonomy":"category","embeddable":true,"href":"https:\/\/www.europesays.com\/lv\/wp-json\/wp\/v2\/categories?post=48103"},{"taxonomy":"post_tag","embeddable":true,"href":"https:\/\/www.europesays.com\/lv\/wp-json\/wp\/v2\/tags?post=48103"}],"curies":[{"name":"wp","href":"https:\/\/api.w.org\/{rel}","templated":true}]}}