{"id":48105,"date":"2025-11-13T12:54:11","date_gmt":"2025-11-13T12:54:11","guid":{"rendered":"https:\/\/www.europesays.com\/lv\/48105\/"},"modified":"2025-11-13T12:54:11","modified_gmt":"2025-11-13T12:54:11","slug":"epstina-e-pasti-liecina-ka-tramps-bijis-informets-par-meitenem","status":"publish","type":"post","link":"https:\/\/www.europesays.com\/lv\/48105\/","title":{"rendered":"Epst\u012bna e-pasti liecina, ka Tramps bijis inform\u0113ts par meiten\u0113m"},"content":{"rendered":"<p>Tramps un vi\u0146a komanda kategoriski noraida jebk\u0101das aps\u016bdz\u012bbas saist\u012bb\u0101 ar Epst\u012bna noziegumiem. Vi\u0146\u0161 iepriek\u0161 ir apgalvojis, ka p\u0101rtrauca draudz\u012bbu ar Epst\u012bnu un neko nezin\u0101ja par vi\u0146a darb\u012bbu.<\/p>\n<p>Balt\u0101 nama preses sekret\u0101re Karol\u012bna Levita pazi\u0146oja, ka demokr\u0101ti \u201cselekt\u012bvi nopludinot e-pastus liber\u0101lajiem medijiem\u201d, cen\u0161as izveidot viltus st\u0101stu par Trampu. Ar \u0161o publisko\u0161anu n\u0101k k\u0101rt\u0113jais spiediens uz Kongresu, lai atkl\u0101tu pilnu dokumentu kopumu \u2014 ar\u012b t\u0101 d\u0113v\u0113tos \u201cEpst\u012bna failus\u201d, kurus daudzi deput\u0101ti un sabiedr\u012bba uzskata par \u013coti b\u016btiskiem.<\/p>\n<p>Ja \u0161ie dokumenti tiks uztverti k\u0101 ticami \u2014 vai vismaz rad\u012bs pla\u0161\u0101kas sabiedr\u012bbas \u0161aubas \u2014, tas var ietekm\u0113t Trampa publisko t\u0113lu.<\/p>\n<p>No otras puses, \u0161obr\u012bd nav izskan\u0113jis nekas t\u0101ds, kas ofici\u0101li pier\u0101d\u012btu Trampa iesaist\u012b\u0161anos. \u0160obr\u012bd tiek run\u0101ts tikai par to, ka vi\u0146\u0161 zin\u0101ja par \u0161\u012bm darb\u012bb\u0101m.<\/p>\n<p>Ar\u012b dokumentu anal\u012bti\u0137i br\u012bdina \u2014 sarakstes ir fragment\u0101ras un daudz kas palicis neskaidrs.<\/p>\n<p class=\"tv3-fw-500\">Zi\u0146o par k\u013c\u016bdu rakst\u0101<\/p>\n<p class=\"d-md-block d-none\">Iez\u012bm\u0113 k\u013c\u016bdaino tekstu un spied Ctrl+Enter.<\/p>\n<p class=\"d-md-none d-block\">Iez\u012bm\u0113 k\u013c\u016bdaino tekstu un zi\u0146o par to!<\/p>\n","protected":false},"excerpt":{"rendered":"Tramps un vi\u0146a komanda kategoriski noraida jebk\u0101das aps\u016bdz\u012bbas saist\u012bb\u0101 ar Epst\u012bna noziegumiem. Vi\u0146\u0161 iepriek\u0161 ir apgalvojis, ka p\u0101rtrauca&hellip;\n","protected":false},"author":2,"featured_media":48106,"comment_status":"","ping_status":"","sticky":false,"template":"","format":"standard","meta":{"footnotes":""},"categories":[14],"tags":[23,57,28,29,13271,32,33,22,30,31,35,39,38,36,37,34,40,20,26,27,24,25,54,55,56,21,58],"class_list":{"0":"post-48105","1":"post","2":"type-post","3":"status-publish","4":"format-standard","5":"has-post-thumbnail","7":"category-zinas-no-arvalstim","8":"tag-aktualitates","9":"tag-arvalstim","10":"tag-breaking-news","11":"tag-breakingnews","12":"tag-donalds-trampsdzefrijs-epstins","13":"tag-featured-news","14":"tag-featurednews","15":"tag-headlines","16":"tag-latest-news","17":"tag-latestnews","18":"tag-latvia","19":"tag-latvian","20":"tag-latviesu","21":"tag-latviesu-valoda","22":"tag-latviesuvaloda","23":"tag-latvija","24":"tag-lv","25":"tag-news","26":"tag-popularakas-zinas","27":"tag-popularakaszinas","28":"tag-top-stories","29":"tag-topstories","30":"tag-world","31":"tag-world-news","32":"tag-worldnews","33":"tag-zinas","34":"tag-zinas-no-arvalstim"},"share_on_mastodon":{"url":"https:\/\/pubeurope.com\/@lv\/115542495360502422","error":""},"_links":{"self":[{"href":"https:\/\/www.europesays.com\/lv\/wp-json\/wp\/v2\/posts\/48105","targetHints":{"allow":["GET"]}}],"collection":[{"href":"https:\/\/www.europesays.com\/lv\/wp-json\/wp\/v2\/posts"}],"about":[{"href":"https:\/\/www.europesays.com\/lv\/wp-json\/wp\/v2\/types\/post"}],"author":[{"embeddable":true,"href":"https:\/\/www.europesays.com\/lv\/wp-json\/wp\/v2\/users\/2"}],"replies":[{"embeddable":true,"href":"https:\/\/www.europesays.com\/lv\/wp-json\/wp\/v2\/comments?post=48105"}],"version-history":[{"count":0,"href":"https:\/\/www.europesays.com\/lv\/wp-json\/wp\/v2\/posts\/48105\/revisions"}],"wp:featuredmedia":[{"embeddable":true,"href":"https:\/\/www.europesays.com\/lv\/wp-json\/wp\/v2\/media\/48106"}],"wp:attachment":[{"href":"https:\/\/www.europesays.com\/lv\/wp-json\/wp\/v2\/media?parent=48105"}],"wp:term":[{"taxonomy":"category","embeddable":true,"href":"https:\/\/www.europesays.com\/lv\/wp-json\/wp\/v2\/categories?post=48105"},{"taxonomy":"post_tag","embeddable":true,"href":"https:\/\/www.europesays.com\/lv\/wp-json\/wp\/v2\/tags?post=48105"}],"curies":[{"name":"wp","href":"https:\/\/api.w.org\/{rel}","templated":true}]}}