{"id":48109,"date":"2025-11-13T12:56:08","date_gmt":"2025-11-13T12:56:08","guid":{"rendered":"https:\/\/www.europesays.com\/lv\/48109\/"},"modified":"2025-11-13T12:56:08","modified_gmt":"2025-11-13T12:56:08","slug":"rigas-iedzivotajiem-izsniegs-smiltis-ietvju-kopsanai-ziema","status":"publish","type":"post","link":"https:\/\/www.europesays.com\/lv\/48109\/","title":{"rendered":"R\u012bgas iedz\u012bvot\u0101jiem izsniegs smiltis ietvju kop\u0161anai ziem\u0101"},"content":{"rendered":"<p>Atbalsts paredz\u0113ts teritorij\u0101m, kur\u0101s atrodas ietves ar cieto segumu. Uz pa\u0161vald\u012bbas atbalstu var pretend\u0113t nekustam\u0101 \u012bpa\u0161uma \u012bpa\u0161nieks, tiesiskais vald\u012bt\u0101js vai apsaimniekot\u0101js, kur\u0161 kopj piegulo\u0161o teritoriju.<\/p>\n<p>Vienam \u012bpa\u0161umam var sa\u0146emt 50 kilogramus kais\u0101m\u0101 materi\u0101la jeb divus maisus pa 25 kilogramiem. Lai sa\u0146emtu smiltis, iepriek\u0161 j\u0101piesak\u0101s R\u012bgas Apkaimju iedz\u012bvot\u0101ju centr\u0101.<\/p>\n<p>Smilti var\u0113s sa\u0146emt Daugavpils iel\u0101 31, Ieri\u0137u iel\u0101 43A, Gobas iel\u0101 6A un Uzvaras bulv\u0101r\u012b 16A. Tiks nodro\u0161in\u0101ta ar\u012b smil\u0161u sa\u0146em\u0161ana novembra beig\u0101s R\u012bgas pa\u0161vald\u012bbas organiz\u0113tajos rudens lapu nodo\u0161anas punktos.<\/p>\n","protected":false},"excerpt":{"rendered":"Atbalsts paredz\u0113ts teritorij\u0101m, kur\u0101s atrodas ietves ar cieto segumu. Uz pa\u0161vald\u012bbas atbalstu var pretend\u0113t nekustam\u0101 \u012bpa\u0161uma \u012bpa\u0161nieks, tiesiskais&hellip;\n","protected":false},"author":2,"featured_media":48110,"comment_status":"","ping_status":"","sticky":false,"template":"","format":"standard","meta":{"footnotes":""},"categories":[5],"tags":[5869,23,28,29,32,33,22,30,31,35,39,38,36,37,34,40,20,26,27,172,24,25,21],"class_list":{"0":"post-48109","1":"post","2":"type-post","3":"status-publish","4":"format-standard","5":"has-post-thumbnail","7":"category-aktualitates","8":"tag-ziema","9":"tag-aktualitates","10":"tag-breaking-news","11":"tag-breakingnews","12":"tag-featured-news","13":"tag-featurednews","14":"tag-headlines","15":"tag-latest-news","16":"tag-latestnews","17":"tag-latvia","18":"tag-latvian","19":"tag-latviesu","20":"tag-latviesu-valoda","21":"tag-latviesuvaloda","22":"tag-latvija","23":"tag-lv","24":"tag-news","25":"tag-popularakas-zinas","26":"tag-popularakaszinas","27":"tag-riga","28":"tag-top-stories","29":"tag-topstories","30":"tag-zinas"},"share_on_mastodon":{"url":"https:\/\/pubeurope.com\/@lv\/115542503153601542","error":""},"_links":{"self":[{"href":"https:\/\/www.europesays.com\/lv\/wp-json\/wp\/v2\/posts\/48109","targetHints":{"allow":["GET"]}}],"collection":[{"href":"https:\/\/www.europesays.com\/lv\/wp-json\/wp\/v2\/posts"}],"about":[{"href":"https:\/\/www.europesays.com\/lv\/wp-json\/wp\/v2\/types\/post"}],"author":[{"embeddable":true,"href":"https:\/\/www.europesays.com\/lv\/wp-json\/wp\/v2\/users\/2"}],"replies":[{"embeddable":true,"href":"https:\/\/www.europesays.com\/lv\/wp-json\/wp\/v2\/comments?post=48109"}],"version-history":[{"count":0,"href":"https:\/\/www.europesays.com\/lv\/wp-json\/wp\/v2\/posts\/48109\/revisions"}],"wp:featuredmedia":[{"embeddable":true,"href":"https:\/\/www.europesays.com\/lv\/wp-json\/wp\/v2\/media\/48110"}],"wp:attachment":[{"href":"https:\/\/www.europesays.com\/lv\/wp-json\/wp\/v2\/media?parent=48109"}],"wp:term":[{"taxonomy":"category","embeddable":true,"href":"https:\/\/www.europesays.com\/lv\/wp-json\/wp\/v2\/categories?post=48109"},{"taxonomy":"post_tag","embeddable":true,"href":"https:\/\/www.europesays.com\/lv\/wp-json\/wp\/v2\/tags?post=48109"}],"curies":[{"name":"wp","href":"https:\/\/api.w.org\/{rel}","templated":true}]}}