{"id":48127,"date":"2025-11-13T13:18:20","date_gmt":"2025-11-13T13:18:20","guid":{"rendered":"https:\/\/www.europesays.com\/lv\/48127\/"},"modified":"2025-11-13T13:18:20","modified_gmt":"2025-11-13T13:18:20","slug":"tramps-ludzis-izraelas-prezidentu-apzelot-netanjahu-korupcijas-lieta-raksts","status":"publish","type":"post","link":"https:\/\/www.europesays.com\/lv\/48127\/","title":{"rendered":"Tramps l\u016bdzis Izra\u0113las prezidentu ap\u017e\u0113lot Netanjahu korupcijas liet\u0101 \/ Raksts"},"content":{"rendered":"<p>Izra\u0113las prezidents Ichaks Hercogs tre\u0161dien pazi\u0146oja, ka ASV prezidents Donalds Tramps vi\u0146am nos\u016bt\u012bjis v\u0113stuli ar aicin\u0101jumu ap\u017e\u0113lot Izra\u0113las premjerministru Benjaminu Netanjahu, pret kuru vair\u0101kus gadus tiek izskat\u012bta lieta par korupciju.\u00a0<\/p>\n<p>Tramps, kur\u0161 2024. gad\u0101 pats tika atz\u012bts par vain\u012bgu 34 aps\u016bdz\u012bbas punktos t\u0101 d\u0113v\u0113taj\u0101 klus\u0113\u0161anas naudas liet\u0101, p\u0113d\u0113jos m\u0113ne\u0161os vair\u0101kk\u0101rt aicin\u0101jis Hercogu ap\u017e\u0113lot Netanjahu, tostarp ar\u012b sav\u0101 oktobra uzrun\u0101 Knesetam.\u00a0<\/p>\n<p>Atbildot uz Trampa v\u0113stuli, Hercogs izplat\u012bja pazi\u0146ojumu, kur\u0101 pateic\u0101s par izr\u0101d\u012bto atbalstu, ta\u010du uzsv\u0113ra, ka &#8220;ikvienam, kur\u0161 v\u0113las ap\u017e\u0113lo\u0161anu, ir j\u0101iesniedz ofici\u0101ls piepras\u012bjums saska\u0146\u0101 ar noteikto k\u0101rt\u012bbu.&#8221;\u00a0<\/p>\n<blockquote>\n<p>Tikm\u0113r Izra\u0113las opoz\u012bcijas l\u012bderis Jairs Lapids raksturoja Trampa v\u0113stuli k\u0101 ASV iejauk\u0161anos Izra\u0113las iek\u0161\u0113j\u0101s liet\u0101s.\u00a0<\/p>\n<\/blockquote>\n<p>&#8220;Ir br\u012bdis, kad cilv\u0113kiem, kas sevi d\u0113v\u0113 par nacion\u0101lo nometni, ir j\u0101saka ar\u012b Amerikas prezidentam: &#8220;Klausies, m\u0113s esam suver\u0113na valsts, un past\u0101v iejauk\u0161an\u0101s robe\u017eas.&#8221; Tie\u0161i nacion\u0101li noska\u0146otiem cilv\u0113kiem b\u016btu j\u0101saka: &#8220;Tu nevari s\u016bt\u012bt v\u0113stules un piepras\u012bt Izra\u0113las premjerministra ap\u017e\u0113lo\u0161anu, kam\u0113r vi\u0146\u0161 ir iesaist\u012bts tiesved\u012bb\u0101. M\u0113s esam lepna, suver\u0113na valsts. M\u0113s neesam neviena vasa\u013cvalsts&#8221;,&#8221; sac\u012bja Lapids.<\/p>\n<p>                    Valodas k\u013c\u016bda rakst\u0101?<\/p>\n<p class=\"d-none d-md-block\">Iez\u012bm\u0113jiet tekstu un spiediet Ctrl+Enter, lai nos\u016bt\u012btu labojamo teksta fragmentu redaktoram! Par faktu k\u013c\u016bd\u0101m l\u016bdzam zi\u0146ot e-past\u0101 <a href=\"https:\/\/www.lsm.lv\/cdn-cgi\/l\/email-protection\" class=\"__cf_email__\" data-cfemail=\"9fedfafbfef4fcf6f5fedff3ecf2b1f3e9\" rel=\"nofollow noopener\" target=\"_blank\">[email\u00a0protected]<\/a>.<\/p>\n<p class=\"d-md-none\">Iez\u012bm\u0113jiet tekstu un spiediet uz Zi\u0146ot par k\u013c\u016bdu pogas, lai nos\u016bt\u012btu labojamo teksta fragmentu redaktoram!<\/p>\n<p>\n                    Zi\u0146ot par k\u013c\u016bdu\n                <\/p>\n","protected":false},"excerpt":{"rendered":"Izra\u0113las prezidents Ichaks Hercogs tre\u0161dien pazi\u0146oja, ka ASV prezidents Donalds Tramps vi\u0146am nos\u016bt\u012bjis v\u0113stuli ar aicin\u0101jumu ap\u017e\u0113lot Izra\u0113las&hellip;\n","protected":false},"author":2,"featured_media":48128,"comment_status":"","ping_status":"","sticky":false,"template":"","format":"standard","meta":{"footnotes":""},"categories":[14],"tags":[23,57,28,29,32,33,22,30,31,35,39,38,36,37,34,40,20,26,27,24,25,54,55,56,21,58],"class_list":{"0":"post-48127","1":"post","2":"type-post","3":"status-publish","4":"format-standard","5":"has-post-thumbnail","7":"category-zinas-no-arvalstim","8":"tag-aktualitates","9":"tag-arvalstim","10":"tag-breaking-news","11":"tag-breakingnews","12":"tag-featured-news","13":"tag-featurednews","14":"tag-headlines","15":"tag-latest-news","16":"tag-latestnews","17":"tag-latvia","18":"tag-latvian","19":"tag-latviesu","20":"tag-latviesu-valoda","21":"tag-latviesuvaloda","22":"tag-latvija","23":"tag-lv","24":"tag-news","25":"tag-popularakas-zinas","26":"tag-popularakaszinas","27":"tag-top-stories","28":"tag-topstories","29":"tag-world","30":"tag-world-news","31":"tag-worldnews","32":"tag-zinas","33":"tag-zinas-no-arvalstim"},"share_on_mastodon":{"url":"https:\/\/pubeurope.com\/@lv\/115542589811278796","error":""},"_links":{"self":[{"href":"https:\/\/www.europesays.com\/lv\/wp-json\/wp\/v2\/posts\/48127","targetHints":{"allow":["GET"]}}],"collection":[{"href":"https:\/\/www.europesays.com\/lv\/wp-json\/wp\/v2\/posts"}],"about":[{"href":"https:\/\/www.europesays.com\/lv\/wp-json\/wp\/v2\/types\/post"}],"author":[{"embeddable":true,"href":"https:\/\/www.europesays.com\/lv\/wp-json\/wp\/v2\/users\/2"}],"replies":[{"embeddable":true,"href":"https:\/\/www.europesays.com\/lv\/wp-json\/wp\/v2\/comments?post=48127"}],"version-history":[{"count":0,"href":"https:\/\/www.europesays.com\/lv\/wp-json\/wp\/v2\/posts\/48127\/revisions"}],"wp:featuredmedia":[{"embeddable":true,"href":"https:\/\/www.europesays.com\/lv\/wp-json\/wp\/v2\/media\/48128"}],"wp:attachment":[{"href":"https:\/\/www.europesays.com\/lv\/wp-json\/wp\/v2\/media?parent=48127"}],"wp:term":[{"taxonomy":"category","embeddable":true,"href":"https:\/\/www.europesays.com\/lv\/wp-json\/wp\/v2\/categories?post=48127"},{"taxonomy":"post_tag","embeddable":true,"href":"https:\/\/www.europesays.com\/lv\/wp-json\/wp\/v2\/tags?post=48127"}],"curies":[{"name":"wp","href":"https:\/\/api.w.org\/{rel}","templated":true}]}}