{"id":48131,"date":"2025-11-13T13:20:10","date_gmt":"2025-11-13T13:20:10","guid":{"rendered":"https:\/\/www.europesays.com\/lv\/48131\/"},"modified":"2025-11-13T13:20:10","modified_gmt":"2025-11-13T13:20:10","slug":"aicina-iedegt-svecites-pie-rigas-pils-mura-lacplesa-diena-lente-lv","status":"publish","type":"post","link":"https:\/\/www.europesays.com\/lv\/48131\/","title":{"rendered":"Aicina iedegt svec\u012btes pie R\u012bgas pils m\u016bra L\u0101\u010dpl\u0113\u0161a dien\u0101\u00a0\u2014\u00a0Lente.lv"},"content":{"rendered":"<p>Aicin\u0101jums iedegt svec\u012btes pie R\u012bgas pils m\u016bra L\u0101\u010dpl\u0113\u0161a dien\u0101<\/p>\n<p>Atz\u012bm\u0113jot L\u0101\u010dpl\u0113\u0161a dienu, kas godina Latvijas br\u012bv\u012bbas c\u012bn\u012bt\u0101ju piemi\u0146u, ik gadu 11. novembr\u012b R\u012bg\u0101 pie R\u012bgas pils v\u0113sturisk\u0101 apk\u0101rtm\u016bra pulc\u0113jas \u013caudis, lai iedegtu piemi\u0146as svec\u012btes. \u0160\u012b trad\u012bcija ir k\u013cuvusi par noz\u012bm\u012bgu valsts atceres pas\u0101kumu, kas vieno sabiedr\u012bbu atmi\u0146\u0101s par tautas izc\u012bn\u012bto br\u012bv\u012bbu.<\/p>\n<p>Svec\u012b\u0161u iedeg\u0161anas trad\u012bcija un t\u0101s noz\u012bme<\/p>\n<p>L\u0101\u010dpl\u0113\u0161a dienas svin\u012bbas ir cie\u0161i saist\u012btas ar Latvijas armijas uzvaru p\u0101r Bermonta karasp\u0113ku 1919. gada 11. novembr\u012b, kas bija iz\u0161\u0137iro\u0161s br\u012bdis c\u012b\u0146\u0101 par Latvijas neatkar\u012bbu. \u0160\u012b uzvara nav tikai v\u0113sturisks fakts, bet ar\u012b simbols tautas sp\u0113kam, vienot\u012bbai un gatav\u012bbai aizst\u0101v\u0113t savu valsti. Sve\u010du iedeg\u0161ana ir kluss, bet dzi\u013c\u0161 veids, k\u0101 godin\u0101t tos, kas atdeva savas dz\u012bv\u012bbas par Latvijas br\u012bv\u012bbu, k\u0101 ar\u012b p\u0101rdom\u0101t m\u016bsdienu dro\u0161\u012bbas un neatkar\u012bbas v\u0113rt\u012bbu. \u0160\u012b ceremonija pal\u012bdz jaun\u0101kajai paaudzei izprast Latvijas v\u0113stures noz\u012bm\u012bg\u0101kos notikumus un patriotismu, kas ir stiprin\u0101jis m\u016bsu tautu cauri gadsimtiem.<\/p>\n<p>R\u012bgas pils m\u016bris k\u0101 piemi\u0146as vieta<\/p>\n<p>R\u012bgas pils apk\u0101rtm\u016bris ir k\u013cuvis par vienu no visiecien\u012bt\u0101kaj\u0101m viet\u0101m, kur iedz\u012bvot\u0101ji izv\u0113las iedegt piemi\u0146as svec\u012btes. Lai pasarg\u0101tu v\u0113sturisko \u0137ie\u0123e\u013cu m\u016bri no sakusu\u0161\u0101s paraf\u012bna rad\u012btajiem boj\u0101jumiem un veicin\u0101tu videi draudz\u012bg\u0101ku pieeju, sabiedrisk\u0101s \u0113kas Latvijas valsts nekustamie \u012bpa\u0161umi (VN\u012a) ik gadu uzst\u0101da speci\u0101lu t\u0113rauda aizsargsietu. \u0160is arhitekta P\u0113tera Bl\u016bma idejas autors aizsargsiets, kas sast\u0101v no 175 posmiem un ir 184 metrus gar\u0161, \u013cauj dro\u0161i izvietot l\u012bdz pat 10 500 svec\u012bt\u0113m. Papildus tam, uz ietves tiek novietotas smil\u0161u vanni\u0146as, kas nodro\u0161ina papildu dro\u0161\u012bbu un sakopt\u012bbu pas\u0101kuma norises viet\u0101. VN\u012a ar\u012b aicina sabiedr\u012bbu izmantot svec\u012btes stikla trauci\u0146os, kas ir saudz\u012bg\u0101kas pret vidi un pils m\u016bri.<\/p>\n<p>No sve\u010du p\u0101rpalikumiem \u2013 atbalsts Ukrainai<\/p>\n<p>S\u0101kot ar 2025. gadu, L\u0101\u010dpl\u0113\u0161a dienas trad\u012bcija ir ieguvusi v\u0113l vienu dzi\u013c\u0101ku dimensiju \u2013 atbalstu Ukrainai. Jau vair\u0101kus gadus izdegu\u0161o svec\u012b\u0161u p\u0101rpalikumi, kas tiek sav\u0101kti pie R\u012bgas pils m\u016bra, tiek nodoti p\u0101rstr\u0101dei, lai izgatavotu ierakumu sveces. \u0160\u012bs sveces tiek nos\u016bt\u012btas Ukrainas br\u012bv\u012bbas c\u012bn\u012bt\u0101jiem, sniedzot vi\u0146iem gaismu un siltumu frontes apst\u0101k\u013cos. \u0160\u012b iniciat\u012bva, kas s\u0101k\u0101s k\u0101 neliela labdar\u012bbas akcija, ir k\u013cuvusi par noz\u012bm\u012bgu solidarit\u0101tes apliecin\u0101jumu ar Ukrainas tautu t\u0101s c\u012b\u0146\u0101 par br\u012bv\u012bbu un neatkar\u012bbu. \u0160is piem\u0113rs r\u0101da, k\u0101 senas trad\u012bcijas var tikt piel\u0101gotas m\u016bsdienu izaicin\u0101jumiem un k\u0101 Latvijas sabiedr\u012bba var sniegt konkr\u0113tu atbalstu kr\u012bzes skartiem cilv\u0113kiem.<\/p>\n<p>Atz\u012bm\u0113jot L\u0101\u010dpl\u0113\u0161a dienu R\u012bg\u0101<\/p>\n<p>L\u0101\u010dpl\u0113\u0161a diena R\u012bg\u0101 tiek atz\u012bm\u0113ta pla\u0161\u0101 kl\u0101st\u0101 pas\u0101kumu, kas ietver ne tikai svec\u012b\u0161u iedeg\u0161anu pie R\u012bgas pils, bet ar\u012b l\u0101pu g\u0101jienus, piemi\u0146as pas\u0101kumus un koncertus. \u0160\u012bs aktivit\u0101tes tiek organiz\u0113tas, lai godin\u0101tu br\u012bv\u012bbas c\u012bn\u012bt\u0101jus un stiprin\u0101tu Latvijas iedz\u012bvot\u0101ju nacion\u0101lo identit\u0101ti un patriotisk\u0101s j\u016btas. Pas\u0101kumi bie\u017ei vien notiek gan R\u012bgas centr\u0101, gan ar\u012b pils\u0113tas apkaim\u0113s, nodro\u0161inot pla\u0161u pieejam\u012bbu un iesaisti. Tradicion\u0101li, piemi\u0146as pas\u0101kumi notiek R\u012bgas Br\u0101\u013cu kapos, pie Br\u012bv\u012bbas pieminek\u013ca, k\u0101 ar\u012b citviet pils\u0113t\u0101, radot svin\u012bgu un p\u0101rdom\u0101m bag\u0101tu atmosf\u0113ru visas dienas garum\u0101.<\/p>\n","protected":false},"excerpt":{"rendered":"Aicin\u0101jums iedegt svec\u012btes pie R\u012bgas pils m\u016bra L\u0101\u010dpl\u0113\u0161a dien\u0101 Atz\u012bm\u0113jot L\u0101\u010dpl\u0113\u0161a dienu, kas godina Latvijas br\u012bv\u012bbas c\u012bn\u012bt\u0101ju piemi\u0146u,&hellip;\n","protected":false},"author":2,"featured_media":48132,"comment_status":"","ping_status":"","sticky":false,"template":"","format":"standard","meta":{"footnotes":""},"categories":[5],"tags":[23,28,29,32,33,22,11267,30,31,35,39,38,36,37,34,7580,40,20,13273,26,27,3288,13272,24,25,21],"class_list":{"0":"post-48131","1":"post","2":"type-post","3":"status-publish","4":"format-standard","5":"has-post-thumbnail","7":"category-aktualitates","8":"tag-aktualitates","9":"tag-breaking-news","10":"tag-breakingnews","11":"tag-featured-news","12":"tag-featurednews","13":"tag-headlines","14":"tag-lacplesa-diena","15":"tag-latest-news","16":"tag-latestnews","17":"tag-latvia","18":"tag-latvian","19":"tag-latviesu","20":"tag-latviesu-valoda","21":"tag-latviesuvaloda","22":"tag-latvija","23":"tag-latvijas-vesture","24":"tag-lv","25":"tag-news","26":"tag-pieminas-pasakumi","27":"tag-popularakas-zinas","28":"tag-popularakaszinas","29":"tag-rigas-pils","30":"tag-svecisu-iedegsana","31":"tag-top-stories","32":"tag-topstories","33":"tag-zinas"},"share_on_mastodon":{"url":"https:\/\/pubeurope.com\/@lv\/115542597558149532","error":""},"_links":{"self":[{"href":"https:\/\/www.europesays.com\/lv\/wp-json\/wp\/v2\/posts\/48131","targetHints":{"allow":["GET"]}}],"collection":[{"href":"https:\/\/www.europesays.com\/lv\/wp-json\/wp\/v2\/posts"}],"about":[{"href":"https:\/\/www.europesays.com\/lv\/wp-json\/wp\/v2\/types\/post"}],"author":[{"embeddable":true,"href":"https:\/\/www.europesays.com\/lv\/wp-json\/wp\/v2\/users\/2"}],"replies":[{"embeddable":true,"href":"https:\/\/www.europesays.com\/lv\/wp-json\/wp\/v2\/comments?post=48131"}],"version-history":[{"count":0,"href":"https:\/\/www.europesays.com\/lv\/wp-json\/wp\/v2\/posts\/48131\/revisions"}],"wp:featuredmedia":[{"embeddable":true,"href":"https:\/\/www.europesays.com\/lv\/wp-json\/wp\/v2\/media\/48132"}],"wp:attachment":[{"href":"https:\/\/www.europesays.com\/lv\/wp-json\/wp\/v2\/media?parent=48131"}],"wp:term":[{"taxonomy":"category","embeddable":true,"href":"https:\/\/www.europesays.com\/lv\/wp-json\/wp\/v2\/categories?post=48131"},{"taxonomy":"post_tag","embeddable":true,"href":"https:\/\/www.europesays.com\/lv\/wp-json\/wp\/v2\/tags?post=48131"}],"curies":[{"name":"wp","href":"https:\/\/api.w.org\/{rel}","templated":true}]}}