{"id":48156,"date":"2025-11-13T13:39:23","date_gmt":"2025-11-13T13:39:23","guid":{"rendered":"https:\/\/www.europesays.com\/lv\/48156\/"},"modified":"2025-11-13T13:39:23","modified_gmt":"2025-11-13T13:39:23","slug":"saimnieksova-begule-kristine-atklaj-patiesibu-par-peteri-vinam-arpuse-bija-attiecibas-lente-lv","status":"publish","type":"post","link":"https:\/\/www.europesays.com\/lv\/48156\/","title":{"rendered":"Saimniek\u0161ova &#8220;b\u0113gule&#8221; Krist\u012bne atkl\u0101j paties\u012bbu par P\u0113teri: &#8220;Vi\u0146am \u0101rpus\u0113 bija attiec\u012bbas!&#8221;\u00a0\u2014\u00a0Lente.lv"},"content":{"rendered":"<p>\u0160ova &#8220;Saimnieks mekl\u0113 sievu&#8221; dal\u012bbniece Krist\u012bne atkl\u0101j patiesos iemeslus atteikumam P\u0113terim<\/p>\n<p>\u0160ova &#8220;Saimnieks mekl\u0113 sievu&#8221; dal\u012bbniece Krist\u012bne Padeze, kura s\u0101kotn\u0113ji tika izv\u0113l\u0113ta do\u0161an\u0101s ce\u013cojum\u0101 kop\u0101 ar saimnieku P\u0113teri, p\u0113d\u0113j\u0101 br\u012bd\u012b pie\u0146\u0113ma l\u0113mumu atteikties no kop\u012bg\u0101 brauciena. Savas r\u012bc\u012bbas dzi\u013c\u0101kos iemeslus vi\u0146a atkl\u0101jusi sarun\u0101 ar izdevumu &#8220;Priv\u0101t\u0101 Dz\u012bve&#8221;. S\u0101kotn\u0113ji Krist\u012bne pieteic\u0101s \u0161ovam, cerot uz nopietn\u0101m attiec\u012bb\u0101m, ta\u010du vi\u0146as draudzenes nos\u016bt\u012bja vi\u0146as anketu P\u0113terim, balstoties tikai uz aprakstu.<\/p>\n<p>Pirm\u0101 tik\u0161an\u0101s ar P\u0113teri rad\u012bjusi Krist\u012bn\u0113 negaid\u012btu vil\u0161anos. Vi\u0146a atkl\u0101j, ka P\u0113teris bijis maz\u0101ka auguma, nek\u0101 vi\u0146a gaid\u012bja, un absol\u016bti nav vi\u0146as tipa. &#8220;Es biju \u0161ok\u0101 no t\u0101, ko redz\u0113ju. Pirmais iespaids nebija t\u0101ds, k\u0101 cer\u0113ts,&#8221; vi\u0146a atz\u012bst, piebilstot, ka s\u0101kusi dom\u0101t: &#8220;Nu ir auzas!&#8221; T\u0101 k\u0101 film\u0113\u0161ana jau bija s\u0101kusies, vi\u0146a nevar\u0113ja vienk\u0101r\u0161i aizbraukt.<\/p>\n<p>Atkl\u0101jas P\u0113tera aiz\u0146emtais statuss<\/p>\n<p>Krist\u012bne \u0101tri vien sapratusi, ka P\u0113terim ir citas attiec\u012bbas \u0101rpus \u0161ova. Jau p\u0113c pirm\u0101 kop\u012bgi pavad\u012bt\u0101 vakara vi\u0146a paman\u012bjusi m\u0101j\u0101s vair\u0101kas sievie\u0161u lietas, tostarp zobu birstes un \u0137emmi. &#8220;Man uzreiz bija skaidrs, ka ne jau producenti t\u0101s tur atst\u0101ju\u0161i,&#8221; vi\u0146a nor\u0101da, piebilstot, ka vi\u0146as aizdomas kritu\u0161as uz k\u0101du no P\u0113terim piedero\u0161\u0101 kempinga darbiniec\u0113m.<\/p>\n<p>\u0160\u012bs atkl\u0101smes mudin\u0101ju\u0161as Krist\u012bni l\u016bgt P\u0113teri vi\u0146u s\u016bt\u012bt m\u0101j\u0101s, jo vi\u0146a nev\u0113l\u0113j\u0101s piedal\u012bties situ\u0101cij\u0101, kas, vi\u0146aspr\u0101t, bijusi &#8220;tikai te\u0101tris&#8221;. Vi\u0146a bija p\u0101rsteigta, ka P\u0113teris tom\u0113r m\u0101j\u0101s nos\u016bt\u012bjis citu dal\u012bbnieci, Santu, nevis vi\u0146u, k\u0101 vi\u0146a s\u0101kotn\u0113ji bija paredz\u0113jusi.<\/p>\n<p>\u0160ova norise un Krist\u012bnes skat\u012bjums<\/p>\n<p>P\u0113teris s\u0101kotn\u0113ji bija izv\u0113l\u0113jies \u010detras dal\u012bbnieces, ta\u010du viena no vi\u0146\u0101m v\u0113l\u0101k pievienoj\u0101s citam \u0161ova saimniekam. Krist\u012bne nor\u0101da, ka vi\u0146a piekritusi piedal\u012bties \u0161ov\u0101 ar v\u0113lmi veidot patiesi nopietnu savien\u012bbu, ta\u010du realit\u0101te izr\u0101d\u012bjusies cit\u0101da. Vi\u0146a spekul\u0113, ka P\u0113teris var\u0113tu b\u016bt piekritis film\u0113ties galvenok\u0101rt sava kempinga reklam\u0113\u0161anas nol\u016bkos.<\/p>\n<p>Interesanti, ka P\u0113teris no trim atliku\u0161aj\u0101m pretendet\u0113m ce\u013cojum\u0101 galu gal\u0101 izv\u0113l\u0113j\u0101s nevis Krist\u012bni, bet gan citu dal\u012bbnieci. Krist\u012bnes st\u0101sts atkl\u0101j k\u0101du no aizkulis\u0113m \u0161ov\u0101 &#8220;Saimnieks mekl\u0113 sievu&#8221;, par\u0101dot, ka ne vienm\u0113r ekr\u0101ns atspogu\u013co pilnu paties\u012bbu par notieko\u0161o.<\/p>\n","protected":false},"excerpt":{"rendered":"\u0160ova &#8220;Saimnieks mekl\u0113 sievu&#8221; dal\u012bbniece Krist\u012bne atkl\u0101j patiesos iemeslus atteikumam P\u0113terim \u0160ova &#8220;Saimnieks mekl\u0113 sievu&#8221; dal\u012bbniece Krist\u012bne Padeze,&hellip;\n","protected":false},"author":2,"featured_media":48157,"comment_status":"","ping_status":"","sticky":false,"template":"","format":"standard","meta":{"footnotes":""},"categories":[19],"tags":[13038,89,90,13036,35,39,38,36,37,34,40,3881,757,13037],"class_list":{"0":"post-48156","1":"post","2":"type-post","3":"status-publish","4":"format-standard","5":"has-post-thumbnail","7":"category-izklaide","8":"tag-atteikums-celojumam","9":"tag-entertainment","10":"tag-izklaide","11":"tag-kristine-padeze","12":"tag-latvia","13":"tag-latvian","14":"tag-latviesu","15":"tag-latviesu-valoda","16":"tag-latviesuvaloda","17":"tag-latvija","18":"tag-lv","19":"tag-peteris","20":"tag-saimnieks-mekle-sievu","21":"tag-sova-aizkulises"},"share_on_mastodon":{"url":"https:\/\/pubeurope.com\/@lv\/115542672226338895","error":""},"_links":{"self":[{"href":"https:\/\/www.europesays.com\/lv\/wp-json\/wp\/v2\/posts\/48156","targetHints":{"allow":["GET"]}}],"collection":[{"href":"https:\/\/www.europesays.com\/lv\/wp-json\/wp\/v2\/posts"}],"about":[{"href":"https:\/\/www.europesays.com\/lv\/wp-json\/wp\/v2\/types\/post"}],"author":[{"embeddable":true,"href":"https:\/\/www.europesays.com\/lv\/wp-json\/wp\/v2\/users\/2"}],"replies":[{"embeddable":true,"href":"https:\/\/www.europesays.com\/lv\/wp-json\/wp\/v2\/comments?post=48156"}],"version-history":[{"count":0,"href":"https:\/\/www.europesays.com\/lv\/wp-json\/wp\/v2\/posts\/48156\/revisions"}],"wp:featuredmedia":[{"embeddable":true,"href":"https:\/\/www.europesays.com\/lv\/wp-json\/wp\/v2\/media\/48157"}],"wp:attachment":[{"href":"https:\/\/www.europesays.com\/lv\/wp-json\/wp\/v2\/media?parent=48156"}],"wp:term":[{"taxonomy":"category","embeddable":true,"href":"https:\/\/www.europesays.com\/lv\/wp-json\/wp\/v2\/categories?post=48156"},{"taxonomy":"post_tag","embeddable":true,"href":"https:\/\/www.europesays.com\/lv\/wp-json\/wp\/v2\/tags?post=48156"}],"curies":[{"name":"wp","href":"https:\/\/api.w.org\/{rel}","templated":true}]}}