{"id":48164,"date":"2025-11-13T13:45:18","date_gmt":"2025-11-13T13:45:18","guid":{"rendered":"https:\/\/www.europesays.com\/lv\/48164\/"},"modified":"2025-11-13T13:45:18","modified_gmt":"2025-11-13T13:45:18","slug":"atcelts-limp-bizkit-koncerts-tallina","status":"publish","type":"post","link":"https:\/\/www.europesays.com\/lv\/48164\/","title":{"rendered":"Atcelts &#8220;Limp Bizkit&#8221; koncerts Tallin\u0101"},"content":{"rendered":"<p>Atcelts n\u0101kamgad 31. maij\u0101 paredz\u0113tais amerik\u0101\u0146u grupas &#8220;Limp Bizkit&#8221; koncerts Tallin\u0101, inform\u0113 pas\u0101kuma organizators &#8220;Baltic Live Agency&#8221;.<\/p>\n<p>Organizatori \u0161\u0101du inform\u0101ciju nos\u016bt\u012bju\u0161i grupas faniem, kas bija pieteiku\u0161ies bi\u013ce\u0161u iepriek\u0161p\u0101rdo\u0161anai. Taj\u0101 v\u0113st\u012bts, ka pas\u0101kums atcelts iemeslu d\u0113\u013c, kas ir &#8220;\u0101rpus vi\u0146u kontroles&#8221;.<\/p>\n<p>Koncerta r\u012bkot\u0101ji &#8220;Baltic Live Agency&#8221; un &#8220;NTR Team&#8221; iepriek\u0161 pav\u0113st\u012bja, ka &#8220;Limp Bizkit&#8221; uzst\u0101sies 31. maij\u0101 uz &#8220;Unibet Arena&#8221; kvart\u0101la br\u012bvdabas skatuves, bet da\u017eas stundas v\u0113l\u0101k \u0100rlietu ministrija pazi\u0146oja, ka agresorvalsts atbalst\u012bt\u0101ji Igaunij\u0101 nav gaid\u012bti. T\u0101pat Kult\u016bras ministrija pauda viedokli, ka koncertu Igaunij\u0101 nevajadz\u0113tu r\u012bkot.<\/p>\n<p>Igaunijas \u0100rlietu ministrijas preses p\u0101rst\u0101ve Brita Kikasa Igaunijas sabiedriskajai raidorganiz\u0101cijai ERR nor\u0101d\u012bja, ka &#8220;Igaunija atbalsta Ukrainas teritori\u0101lo vienot\u012bbu un principu, ka katrs Ukrainas teritorijas centimetrs l\u012bdz p\u0113d\u0113jam pieder Ukrainai&#8221;.<\/p>\n<p>Vi\u0146a piebilda, ka tiem, kas atbalsta agresorvalsti, nav vietas &#8220;Igaunij\u0101 vai Igaunijas kult\u016bras telp\u0101&#8221;.<\/p>\n<p>Igaunijas \u0101rlietu ministrs Marguss Cahkna uzsv\u0113ra, ka situ\u0101cija ir skaidra &#8211; tiem, kas attaisno Krievijas iebrukumu Ukrain\u0101, Igaunij\u0101 nav vietas uz skatuves.<\/p>\n<p>&#8220;Mana nost\u0101ja ir skaidra, un es to atk\u0101rto\u0161u &#8211; Krievija ir agresors, un Krimu ir okup\u0113jusi Krievija. Tie, kas attaisno Krievijas agresiju un kaimi\u0146valsts okup\u0101ciju, Igaunij\u0101 nav gaid\u012bti. Vi\u0146iem nav vietas uz Igaunijas skatuv\u0113m, un vi\u0146iem \u0161eit nevajadz\u0113tu g\u016bt ien\u0101kumus,&#8221; sac\u012bts Cahknas pazi\u0146ojum\u0101.<\/p>\n<p>&#8220;Tas ir j\u0101saprot ar\u012b koncertu un kult\u016bras pas\u0101kumu r\u012bkot\u0101jiem. T\u0101 ir Igaunijas skaidra nost\u0101ja, un \u0161is princips tiek iev\u0113rots jau vair\u0101kus gadus. Es ceru, ka koncertu r\u012bkot\u0101ji atbilsto\u0161i r\u012bkosies ar\u012b tagad,&#8221; piebilda Cahkna.<\/p>\n<p>Igaunijas Kult\u016bras ministrija pazi\u0146oja, ka t\u0101 ir sazin\u0101jusies ar koncerta organizatoriem par \u0161o pas\u0101kumu. Ministrijas preses p\u0101rst\u0101ve L\u012bzi Rohtunga sac\u012bja, ka koncertu nevajadz\u0113tu r\u012bkot.<\/p>\n<p>&#8220;Ir nepie\u0146emami, ka Igaunij\u0101 uzst\u0101jas cilv\u0113ki, kas atbalsta valsti, kuras prezidentam ir izdots starptautisks aiztur\u0113\u0161anas orderis,&#8221; vi\u0146a sac\u012bja port\u0101lam &#8220;Kroonika&#8221;.<\/p>\n<p>Savuk\u0101rt koncerta r\u012bkot\u0101ja &#8220;Baltic Live Agency&#8221; pazi\u0146oja, ka ir inform\u0113ta par D\u0113rsta uzst\u0101\u0161anos ar karogu, uz kura krievu valod\u0101 bija rakst\u012bts &#8220;Krima = Krievija&#8221;, un nor\u0101d\u012bja, ka nosoda D\u0113rstu par \u0161\u0101du nepatiesu apgalvojumu izplat\u012b\u0161anu.<\/p>\n<p>&#8220;Vien\u012bgais veids, k\u0101 m\u0113s to varam izskaidrot, ir tas, ka Freds D\u0113rsts taj\u0101 laik\u0101 (l\u012bdz 2019. gadam) bija prec\u0113jies ar Krievijas pilsoni no Krimas un ac\u012bmredzot dz\u012bvoja izkrop\u013cot\u0101 inform\u0101cijas burbul\u012b,&#8221; ERR sac\u012bja &#8220;Baltic Live Agency&#8221; mediju direktors Gunnars V\u012bze.<\/p>\n<p>Vi\u0146\u0161 piebilda, ka, cik zin\u0101ms, kop\u0161 2022. gada D\u0113rsts nav n\u0101cis klaj\u0101 ar nek\u0101diem Krieviju slavino\u0161iem vai t\u0101s agresijas karu attaisnojo\u0161iem pazi\u0146ojumiem. Vi\u0146\u0161 sac\u012bja, ka m\u0101kslinieka neregul\u0101rie ieraksti soci\u0101lajos medijos, kuros vi\u0146\u0161 uzrun\u0101 Krievijas fanus, tiek uzskat\u012bti par da\u013cu no norm\u0101las komunik\u0101cijas ar starptautisko auditoriju.<\/p>\n<p>Kad tika pan\u0101kta vieno\u0161an\u0101s par grupas uzst\u0101\u0161anos Tallin\u0101, &#8220;Baltic Live Agency&#8221; izpratn\u0113 ne grupa, ne D\u0113rsts kop\u0161 2015. gada nav izteiku\u0161i jaunus politiskus pazi\u0146ojumus, sac\u012bja &#8220;Baltic Live Agency&#8221; p\u0101rst\u0101vis.<\/p>\n<p>V\u012bze ar\u012b nor\u0101d\u012bja, ka p\u0113d\u0113jos gados &#8220;Limp Bizkit&#8221; ir uzst\u0101jusies vair\u0101k\u0101s valst\u012bs, kas stingri atbalsta gan Igauniju, gan Ukrainu, to vid\u016b V\u0101cij\u0101, Austrij\u0101, N\u012bderland\u0113, Lielbrit\u0101nij\u0101, \u012arij\u0101, Polij\u0101 un Francij\u0101.<\/p>\n<p>Pl\u0101nots, ka 2026. gad\u0101 grupa uzst\u0101sies Polij\u0101, V\u0101cij\u0101, Lielbrit\u0101nij\u0101, Be\u013c\u0123ij\u0101, Norv\u0113\u0123ij\u0101 un Sp\u0101nij\u0101.<\/p>\n<p>&#8220;Igaunijas kult\u016bras, m\u016bzikas un v\u0113rt\u012bbu telpa ir \u013coti l\u012bdz\u012bga m\u016bsu galvenajiem Eiropas sabiedrotajiem un stingrajiem Ukrainas atbalst\u012bt\u0101jiem,&#8221; sac\u012bja V\u012bze. &#8220;Neviens no vi\u0146iem nav saskat\u012bjis nek\u0101du \u0113tisku probl\u0113mu &#8220;Limp Bizkit&#8221; koncertos 2022., 2023., 2024. vai 2025. gad\u0101, k\u0101 ar\u012b jau izzi\u0146otajos 2026. gada koncertos,&#8221; sac\u012bja V\u012bze.<\/p>\n<p>Vi\u0146\u0161 ar\u012b nor\u0101d\u012bja, ka Tallinas koncerta l\u012bdzorganizators &#8220;NTR Team&#8221; ir Ukrainas uz\u0146\u0113mums.<\/p>\n<p>D\u0113rsts vair\u0101kus gadus bija prec\u0113jies ar viz\u0101\u017eisti Kseniju Berjazinu, kas ir Krievijas pilsone un vair\u0101kus gadus dz\u012bvojusi Krim\u0101. P\u0113c Krievijas \u012bstenot\u0101s Krimas aneksijas 2014. gad\u0101 D\u0113rsts slav\u0113ja Krievijas diktatoru Vladimiru Putinu, nod\u0113v\u0113jot vi\u0146u par &#8220;lielisku puisi ar skaidriem mor\u0101les principiem un jauku cilv\u0113ku&#8221;, k\u0101 ar\u012b pauda interesi ieg\u0101d\u0101ties m\u0101ju Krim\u0101.<\/p>\n<p>2015. gad\u0101 Ukraina D\u0113rstam noteica iebrauk\u0161anas aizliegumu.<\/p>\n<p>2024. gad\u0101 D\u0113rsts Krievijas soci\u0101lo mediju platform\u0101 &#8220;VKontakte&#8221; rakst\u012bja, ka vi\u0146am pietr\u016bkst Krievijas fanu un vi\u0146\u0161 cer dr\u012bz vi\u0146us redz\u0113t.<\/p>\n<p>2009. un 2020. gad\u0101 &#8220;Limp Bizkit&#8221; koncert\u0113ja Latvij\u0101.<\/p>\n","protected":false},"excerpt":{"rendered":"Atcelts n\u0101kamgad 31. maij\u0101 paredz\u0113tais amerik\u0101\u0146u grupas &#8220;Limp Bizkit&#8221; koncerts Tallin\u0101, inform\u0113 pas\u0101kuma organizators &#8220;Baltic Live Agency&#8221;. Organizatori&hellip;\n","protected":false},"author":2,"featured_media":48165,"comment_status":"","ping_status":"","sticky":false,"template":"","format":"standard","meta":{"footnotes":""},"categories":[19],"tags":[129,5377,6114,89,90,35,39,38,36,37,34,40,6115,5378,6116,5379],"class_list":{"0":"post-48164","1":"post","2":"type-post","3":"status-publish","4":"format-standard","5":"has-post-thumbnail","7":"category-izklaide","8":"tag-__typenameadvicekeyword","9":"tag-id143","10":"tag-id810","11":"tag-entertainment","12":"tag-izklaide","13":"tag-latvia","14":"tag-latvian","15":"tag-latviesu","16":"tag-latviesu-valoda","17":"tag-latviesuvaloda","18":"tag-latvija","19":"tag-lv","20":"tag-slugigaunija","21":"tag-slugkoncerti","22":"tag-titleigaunija","23":"tag-titlekoncerti"},"share_on_mastodon":{"url":"https:\/\/pubeurope.com\/@lv\/115542695813461435","error":""},"_links":{"self":[{"href":"https:\/\/www.europesays.com\/lv\/wp-json\/wp\/v2\/posts\/48164","targetHints":{"allow":["GET"]}}],"collection":[{"href":"https:\/\/www.europesays.com\/lv\/wp-json\/wp\/v2\/posts"}],"about":[{"href":"https:\/\/www.europesays.com\/lv\/wp-json\/wp\/v2\/types\/post"}],"author":[{"embeddable":true,"href":"https:\/\/www.europesays.com\/lv\/wp-json\/wp\/v2\/users\/2"}],"replies":[{"embeddable":true,"href":"https:\/\/www.europesays.com\/lv\/wp-json\/wp\/v2\/comments?post=48164"}],"version-history":[{"count":0,"href":"https:\/\/www.europesays.com\/lv\/wp-json\/wp\/v2\/posts\/48164\/revisions"}],"wp:featuredmedia":[{"embeddable":true,"href":"https:\/\/www.europesays.com\/lv\/wp-json\/wp\/v2\/media\/48165"}],"wp:attachment":[{"href":"https:\/\/www.europesays.com\/lv\/wp-json\/wp\/v2\/media?parent=48164"}],"wp:term":[{"taxonomy":"category","embeddable":true,"href":"https:\/\/www.europesays.com\/lv\/wp-json\/wp\/v2\/categories?post=48164"},{"taxonomy":"post_tag","embeddable":true,"href":"https:\/\/www.europesays.com\/lv\/wp-json\/wp\/v2\/tags?post=48164"}],"curies":[{"name":"wp","href":"https:\/\/api.w.org\/{rel}","templated":true}]}}