{"id":48186,"date":"2025-11-13T14:10:11","date_gmt":"2025-11-13T14:10:11","guid":{"rendered":"https:\/\/www.europesays.com\/lv\/48186\/"},"modified":"2025-11-13T14:10:11","modified_gmt":"2025-11-13T14:10:11","slug":"tas-ir-vajprats-aparjods-nespej-pienemt-cas-lemumu-saistiba-ar-krievijas-sportistiem","status":"publish","type":"post","link":"https:\/\/www.europesays.com\/lv\/48186\/","title":{"rendered":"&#8220;Tas ir v\u0101jpr\u0101ts&#8221; \u2013 Aparjods nesp\u0113j pie\u0146emt CAS l\u0113mumu saist\u012bb\u0101 ar Krievijas sportistiem"},"content":{"rendered":"<p>Kam\u0113r Ukrainas sportistiem ir j\u0101aizst\u0101v sava valsts kar\u0101, krievu dal\u012bba sacens\u012bb\u0101s, tai skait\u0101 Mil\u0101nas-Kort\u012bnas d\u2019Ampeco olimpiskaj\u0101s sp\u0113l\u0113s, nav iedom\u0101jama, uzsv\u0113ra Latvijas kamani\u0146u sporta izlases dal\u012bbnieks <a rel=\"noopener nofollow\" target=\"_blank\" href=\"https:\/\/www.delfi.lv\/temas\/50856015\/kristers-aparjods\" tag-id=\"50856015\">Kristers Aparjods<\/a>.<\/p>\n<p>Jau zi\u0146ots, ka Sporta arbitr\u0101\u017eas tiesas (CAS) l\u0113mums paver iesp\u0113ju Krievijas kamani\u0146u brauc\u0113jiem piedal\u012bties sacens\u012bb\u0101s k\u0101 neitr\u0101lajiem sportistiem, radot neskaidr\u012bbu ar\u012b par Pasaules kausa kamani\u0146u sport\u0101 ceturt\u0101 posma r\u012bko\u0161anu Siguld\u0101.<\/p>\n<p>&#8220;Krievu dal\u012bba sacens\u012bb\u0101s ir absurda laik\u0101, kad notiek karadarb\u012bba. Kas p\u0113k\u0161\u0146i ir main\u012bjies un k\u0101p\u0113c krieviem \u013cauj start\u0113t tie\u0161i \u0161obr\u012bd? Vai tad kar\u0161 ir beidzies?&#8221; savu viedokli skaidro Aparjods. &#8220;Krievijas agresijas laik\u0101 t\u0101ds l\u0113mums, manupr\u0101t, ir v\u0101jpr\u0101ts, jo nav iesp\u0113jams nosl\u0113pties zem neitralit\u0101tes z\u012bmes. Esmu redz\u0113jis, ka da\u017ei no vi\u0146iem ir atbalst\u012bju\u0161i visu valst\u012b notieko\u0161o. Neb\u016bsim naivi &#8211; vi\u0146i ir \u0161aj\u0101 proces\u0101 iek\u0161\u0101 un ir inform\u0113ti par to, kas notiek. \u0160\u0101ds l\u0113mums, manupr\u0101t, nav pie\u0146emams.&#8221;<\/p>\n<p>Lasiet ar\u012b<\/p>\n<p><a href=\"https:\/\/www.delfi.lv\/sports\/19596442\/luge\/120093625\/cas-paver-celu-krievijas-kamaninu-braucejiem-latvija-negrasas-laut-viniem-startet-sigulda\" class=\"headline__image-link\" itemprop=\"url\" rel=\"nofollow noopener\" target=\"_blank\"><img decoding=\"async\" loading=\"lazy\" itemprop=\"image\" src=\"https:\/\/www.europesays.com\/lv\/wp-content\/uploads\/2025\/11\/8fd346d3-6a32-437e-a150-3273b0af50d2.jpg\" alt=\"CAS paver ce\u013cu Krievijas kamani\u0146u brauc\u0113jiem; Latvija negras\u0101s \u013caut vi\u0146iem start\u0113t Siguld\u0101\" title=\"CAS paver ce\u013cu Krievijas kamani\u0146u brauc\u0113jiem; Latvija negras\u0101s \u013caut vi\u0146iem start\u0113t Siguld\u0101\" class=\"headline__image img-fluid w-100\"\/><\/a><\/p>\n<p>Aparjods uzsver, ka pat gad\u012bjum\u0101, ja krievu un baltkrievu sportisti patie\u0161\u0101m b\u016btu neitr\u0101li, &#8220;liel\u0101k\u0101 krievu sportistu da\u013ca tiek sponsor\u0113ta no Krievijas valsts bud\u017eeta, un \u0161\u012b nauda nav nek\u0101da neitr\u0101l\u0101&#8221;.<\/p>\n<p>&#8220;M\u016bsu sporta veid\u0101 tas uz ukrai\u0146u sportistiem neattiecas, bet citos sporta veidos noteikti ir Ukrainas sportisti, kuri v\u0113l\u0113tos piedal\u012bties sacens\u012bb\u0101s, ta\u010du vi\u0146iem n\u0101kas aizst\u0101v\u0113t savu valsti pret krievu iebrukumu. K\u0101p\u0113c \u0161\u0101d\u0101 situ\u0101cij\u0101 b\u016btu god\u012bgi pielaist startam krievu sportistus?&#8221; pamato Latvijas kamani\u0146u brauc\u0113js.<\/p>\n<p>Run\u0101jot par gatavo\u0161anos sezonai, Latvijas komandas l\u012bderis st\u0101sta, ka p\u0113c divu gadu p\u0101rtraukuma vi\u0146\u0161 kop\u0101 ar Kendiju Aparjodi un divnieku L\u016bkass Krasts\/Eduards \u0160evics-Mike\u013c\u0161evics \u0161ovasar str\u0101d\u0101ja ar fizisk\u0101s sagatavot\u012bbas treneri Mihailu Arhipovu.<\/p>\n<p>&#8220;M\u0113s l\u016bdz\u0101m feder\u0101cijai, lai mums \u013cauj atkal tren\u0113ties pie Arhipova, jo iepriek\u0161\u0113j\u0101 m\u016bsu sadarb\u012bbas period\u0101 viss m\u016bs apmierin\u0101ja, bet p\u0113d\u0113jo divu gadu laik\u0101 fiziskie r\u0101d\u012bt\u0101ji mums bija kritu\u0161ies,&#8221; izmai\u0146as skaidro Aparjods. &#8220;Tas ietekm\u0113ja ar\u012b starta r\u0101vienu, pag\u0101ju\u0161aj\u0101 sezon\u0101 saviem iepriek\u0161\u0113jiem rezult\u0101tiem zaud\u0113jot 2-3 sekundes simtda\u013cas.&#8221;<\/p>\n<p>Sportists atz\u012bm\u0113 Arhipova pretimn\u0101k\u0161anu, kur\u0161 savu atva\u013cin\u0101jumu pavasar\u012b velt\u012bja kamani\u0146u brauc\u0113jiem, nesa\u0146emot par to nek\u0101du atalgojumu. Arhipova vad\u012bb\u0101 sportisti s\u0101ka gatavoties olimpiskajai sezonai jau 7. apr\u012bl\u012b.<\/p>\n<p>Aparjods ir pateic\u012bbu par\u0101d\u0101 ar\u012b Latvijas skeletona komandas galvenajam trenerim Ivo \u0160teinbergam, kur\u0161 neiebilda pret kamani\u0146u sportistu pievieno\u0161anos Arhipova tren\u0113to sportistu pulci\u0146am vasar\u0101, k\u0101 ar\u012b Ventspils Olimpisk\u0101 centra viesn\u012bcas p\u0101rvaldniecei Intai Tomsonei par ieguld\u012bjumu kamani\u0146u sportistu izaugsm\u0113.<\/p>\n<p>Aparjods st\u0101sta, ka rezult\u0101ti vasaras darbam jau ir, jo Prezidenta kaus\u0101 starta r\u0101vienos Siguldas starta estak\u0101d\u0113 vi\u0146am izdev\u0101s labot savu ilgus gadus nep\u0101rsp\u0113to personisko rekordu.<\/p>\n<p>Par treni\u0146ned\u0113\u013cu oktobra beig\u0101s un novembra s\u0101kum\u0101 Kort\u012bnas d\u2019Ampeco olimpiskaj\u0101 tras\u0113 kamani\u0146u brauc\u0113js saka, ka trasi devi\u0146u dienu 27 treni\u0146braucienos pamat\u0101 ir izdevies at\u0161ifr\u0113t.<\/p>\n<p>&#8220;Protams, palika nianses, un, ja b\u016btu iesp\u0113ja, labpr\u0101t brauktu v\u0113l, jo jaun\u0101 tras\u0113 ir svar\u012bgi braukt p\u0113c iesp\u0113jas vair\u0101k un da\u017e\u0101dos laika apst\u0101k\u013cos, lai apg\u016btu trasi un atcer\u0113tos vir\u0101\u017eas,&#8221; atz\u012bm\u0113 sportists. &#8220;Divas dienas pag\u0101ja, kam\u0113r galv\u0101 s\u0101ka nostiprin\u0101ties trases konfigur\u0101cija.&#8221;<\/p>\n<p>&#8220;Ir p\u0101ris gr\u016bt\u0101kas vietas, no kur\u0101m pirm\u0101 b\u016bs jau trases ceturt\u0101 vir\u0101\u017ea,&#8221; saka Aparjods. &#8220;Man pa\u0161am ir interesanti, k\u0101 b\u016bs braukt ziem\u0101 vai febru\u0101r\u012b, kad gaisa temperat\u016bra var\u0113tu b\u016bt m\u012bnusos. Dom\u0101ju, ka tad trase b\u016bs cit\u0101d\u0101k braucama.&#8221;<\/p>\n<p>Vi\u0146\u0161 nor\u0101da, ka ceturt\u0101 vir\u0101\u017ea \u0161\u0137iet uzb\u016bv\u0113ta pret\u0113ji fizikas likumiem.<\/p>\n<p>&#8220;Trajektorija ir nedaudz cit\u0101d\u0101ka un gribas braukt sav\u0101d\u0101k, nek\u0101 ir j\u0101izbrauc, lai rezult\u0101ts b\u016btu vislab\u0101kais,&#8221; saka sportists. &#8220;Dom\u0101ju, ka olimpiskaj\u0101s sp\u0113l\u0113s t\u0101 b\u016bs viena no svar\u012bg\u0101kaj\u0101m viet\u0101m, un tas, kur\u0161 vislab\u0101k uz\u0137ers t\u0101s izbrauk\u0161anu, b\u016bs jau pussol\u012bti p\u0101r\u0113jiem priek\u0161\u0101.&#8221;<\/p>\n<p>\u0160ogad Latvijas izlase daudz eksperiment\u0113 ar tehniku.<\/p>\n<p>&#8220;\u0160ogad jau esmu iztest\u0113jis k\u0101das piecas &#8211; se\u0161as lietas, bet tas nenoz\u012bm\u0113, ka viss uzreiz izdodas un brauk\u0161u pa pirmo vietu,&#8221; saka sportists. &#8220;Apzinos, ka bez test\u0113\u0161anas nevar, jo s\u0113d\u0113t uz vecajiem lauriem, kad p\u0101r\u0113jie pretinieki dara visu, lai tiktu p\u0113c iesp\u0113jas augst\u0101k, nedr\u012bkst. T\u0101p\u0113c lab\u0101k izv\u0113los test\u0113t, p\u0101rbaud\u012bt tehniku un cer\u0113t, ka atrad\u012bsim pareiz\u0101kos risin\u0101jumus.&#8221;<\/p>\n<p>Pasaules kausa (PK) sacens\u012bb\u0101s \u0161osezon b\u016bs devi\u0146i posmi. PK sezona decembra s\u0101kum\u0101 tiks atkl\u0101ta \u012aglsas tras\u0113 Austrij\u0101, p\u0113c tam divi posmi notiks ASV tras\u0113s P\u0101rksitij\u0101 un Leikplesid\u0101, bet gadu mij\u0101 ir iepl\u0101nots posms Siguld\u0101. P\u0113c piekt\u0101 posma janv\u0101ra s\u0101kum\u0101 beigsies olimpisk\u0101 kvalifik\u0101cija, bet pirmaj\u0101 no diviem posmiem v\u0113l vien\u0101 V\u0101cijas tras\u0113 Oberhof\u0101 tiks dal\u012btas ar\u012b Eiropas \u010dempion\u0101ta meda\u013cas, febru\u0101ra s\u0101kum\u0101 sportistiem sacen\u0161oties Mil\u0101nas-Kort\u012bnas d\u2019Ampeco olimpiskaj\u0101s sp\u0113l\u0113s.<\/p>\n<p class=\"m-0\">Seko &#8220;Delfi&#8221; ar\u012b  <a target=\"_blank\" href=\"https:\/\/www.instagram.com\/delfi.lv\/\" rel=\"nofollow noopener\">Instagram<\/a>  un <a target=\"_blank\" href=\"https:\/\/www.youtube.com\/channel\/UCw5foWtcJvAbUm64rv7jwUQ\" rel=\"nofollow noopener\">YouTube<\/a>  profil\u0101 \u2013 pievienojies, lai uzzin\u0101tu svar\u012bg\u0101ko un interesant\u0101ko pirmais!<\/p>\n<p>Publik\u0101cijas saturs vai t\u0101s jebk\u0101da apjoma da\u013ca ir aizsarg\u0101ts autorties\u012bbu objekts Autorties\u012bbu likuma izpratn\u0113, un t\u0101 izmanto\u0161ana bez izdev\u0113ja at\u013caujas ir aizliegta. Vair\u0101k lasi  <a target=\"_blank\" href=\"https:\/\/www.delfi.lv\/noteikumi#autortiesibas\" rel=\"nofollow noopener\">\u0161eit<\/a><script async src=\"\/\/www.instagram.com\/embed.js\"><\/script><\/p>\n","protected":false},"excerpt":{"rendered":"Kam\u0113r Ukrainas sportistiem ir j\u0101aizst\u0101v sava valsts kar\u0101, krievu dal\u012bba sacens\u012bb\u0101s, tai skait\u0101 Mil\u0101nas-Kort\u012bnas d\u2019Ampeco olimpiskaj\u0101s sp\u0113l\u0113s, nav&hellip;\n","protected":false},"author":2,"featured_media":48187,"comment_status":"","ping_status":"","sticky":false,"template":"","format":"standard","meta":{"footnotes":""},"categories":[17],"tags":[10482,12705,35,39,38,36,37,34,40,8298,1500,67],"class_list":{"0":"post-48186","1":"post","2":"type-post","3":"status-publish","4":"format-standard","5":"has-post-thumbnail","7":"category-sports","8":"tag-kamaninu-sports","9":"tag-kristers-aparjods","10":"tag-latvia","11":"tag-latvian","12":"tag-latviesu","13":"tag-latviesu-valoda","14":"tag-latviesuvaloda","15":"tag-latvija","16":"tag-lv","17":"tag-milana-2026","18":"tag-olimpiskas-speles","19":"tag-sports"},"share_on_mastodon":{"url":"https:\/\/pubeurope.com\/@lv\/115542794298310160","error":""},"_links":{"self":[{"href":"https:\/\/www.europesays.com\/lv\/wp-json\/wp\/v2\/posts\/48186","targetHints":{"allow":["GET"]}}],"collection":[{"href":"https:\/\/www.europesays.com\/lv\/wp-json\/wp\/v2\/posts"}],"about":[{"href":"https:\/\/www.europesays.com\/lv\/wp-json\/wp\/v2\/types\/post"}],"author":[{"embeddable":true,"href":"https:\/\/www.europesays.com\/lv\/wp-json\/wp\/v2\/users\/2"}],"replies":[{"embeddable":true,"href":"https:\/\/www.europesays.com\/lv\/wp-json\/wp\/v2\/comments?post=48186"}],"version-history":[{"count":0,"href":"https:\/\/www.europesays.com\/lv\/wp-json\/wp\/v2\/posts\/48186\/revisions"}],"wp:featuredmedia":[{"embeddable":true,"href":"https:\/\/www.europesays.com\/lv\/wp-json\/wp\/v2\/media\/48187"}],"wp:attachment":[{"href":"https:\/\/www.europesays.com\/lv\/wp-json\/wp\/v2\/media?parent=48186"}],"wp:term":[{"taxonomy":"category","embeddable":true,"href":"https:\/\/www.europesays.com\/lv\/wp-json\/wp\/v2\/categories?post=48186"},{"taxonomy":"post_tag","embeddable":true,"href":"https:\/\/www.europesays.com\/lv\/wp-json\/wp\/v2\/tags?post=48186"}],"curies":[{"name":"wp","href":"https:\/\/api.w.org\/{rel}","templated":true}]}}