{"id":48194,"date":"2025-11-13T14:14:12","date_gmt":"2025-11-13T14:14:12","guid":{"rendered":"https:\/\/www.europesays.com\/lv\/48194\/"},"modified":"2025-11-13T14:14:12","modified_gmt":"2025-11-13T14:14:12","slug":"saeima-izbrake-ari-siksna-kandidaturu-seplp-locekla-amatam","status":"publish","type":"post","link":"https:\/\/www.europesays.com\/lv\/48194\/","title":{"rendered":"Saeima izbr\u0101\u0137\u0113 ar\u012b Sik\u0161\u0146a kandidat\u016bru SEPLP locek\u013ca amatam"},"content":{"rendered":"<p>Run\u0101jot par pa\u0161as padomes darbu, Siksnis atzina, ka saredz lielas at\u0161\u0137ir\u012bbas taj\u0101, k\u0101 tai vajadz\u0113tu str\u0101d\u0101t \u0161obr\u012bd, sal\u012bdzinot ar to, k\u0101 padome str\u0101d\u0101ja iepriek\u0161\u0113jos \u010detrus gadus. Vi\u0146apr\u0101t, SEPLP b\u016btu vair\u0101k j\u0101p\u0101riet tie\u0161i uz Latvijas sabiedrisk\u0101 medija (LSM) uzraudz\u012bbu, l\u012bdz ar to padomes locek\u013ciem darbs SEPLP vairs neb\u016btu veicams ar\u012b pilnu slodzi. Tas noz\u012bm\u0113tu ar\u012b SEPLP locek\u013cu algas samazin\u0101jumu. Vienlaikus, p\u0113c Sik\u0161\u0146a dom\u0101m, b\u016btu nepiecie\u0161ama SEPLP locek\u013cu skaita palielin\u0101\u0161ana, papla\u0161inot padomes kompetences.<\/p>\n<p>Siksnis bija SEPLP priek\u0161s\u0113d\u0113t\u0101js l\u012bdz 2025. gada 3. augustam.<\/p>\n<p>Saeimas deput\u0101ti 19. j\u016bnij\u0101 SEPLP locek\u013cu amatos iec\u0113la Unu Klapkalni un Sanitu Upleju-Jegermani. L\u012bdz\u0161in\u0113jo SEPLP locekli Upleju-Jegermani darbam padom\u0113 izvirz\u012bja Valsts prezidents, bet biju\u0161o Latvijas Radio valdes priek\u0161s\u0113d\u0113t\u0101ju Klapkalni &#8211; Saeimas deput\u0101ti.<\/p>\n<p>L\u012bdz ar \u0161\u012bm p\u0101rmai\u0146\u0101m amatus SEPLP zaud\u0113ja Siksnis, kuru pirms vair\u0101kiem gadiem darbam padom\u0113 bija virz\u012bjusi Memoranda padome, un J\u0101nis Egl\u012btis, kur\u0161 savulaik bija Saeimas virz\u012bts SEPLP loceklis.<\/p>\n<p>SEPLP locek\u013ca m\u0113ne\u0161alga ir 5196 eiro pirms nodok\u013cu nomaksas.<\/p>\n<p>SEPLP sast\u0101v\u0101 ir tr\u012bs locek\u013ci, kurus apstiprina Saeima. Vienu locekli apstiprin\u0101\u0161anai izvirza Valsts prezidents, vienu &#8211; NVO un MK sadarb\u012bbas memoranda \u012bsteno\u0161anas padome, bet v\u0113l vienu &#8211; Saeima. SEPLP locekli var apstiprin\u0101t amat\u0101 ne vair\u0101k k\u0101 divas reizes p\u0113c k\u0101rtas.<\/p>\n<p>SEPLP ir neatkar\u012bga, pilnties\u012bga, autonoma instit\u016bcija, kas atbilsto\u0161i savai kompetencei p\u0101rst\u0101v sabiedr\u012bbas intereses sabiedrisko mediju jom\u0101.<\/p>\n","protected":false},"excerpt":{"rendered":"Run\u0101jot par pa\u0161as padomes darbu, Siksnis atzina, ka saredz lielas at\u0161\u0137ir\u012bbas taj\u0101, k\u0101 tai vajadz\u0113tu str\u0101d\u0101t \u0161obr\u012bd, sal\u012bdzinot&hellip;\n","protected":false},"author":2,"featured_media":48195,"comment_status":"","ping_status":"","sticky":false,"template":"","format":"standard","meta":{"footnotes":""},"categories":[5],"tags":[23,28,29,32,33,22,11331,30,31,35,39,38,36,37,34,40,20,26,27,141,6891,24,25,21],"class_list":{"0":"post-48194","1":"post","2":"type-post","3":"status-publish","4":"format-standard","5":"has-post-thumbnail","7":"category-aktualitates","8":"tag-aktualitates","9":"tag-breaking-news","10":"tag-breakingnews","11":"tag-featured-news","12":"tag-featurednews","13":"tag-headlines","14":"tag-janis-siksnis","15":"tag-latest-news","16":"tag-latestnews","17":"tag-latvia","18":"tag-latvian","19":"tag-latviesu","20":"tag-latviesu-valoda","21":"tag-latviesuvaloda","22":"tag-latvija","23":"tag-lv","24":"tag-news","25":"tag-popularakas-zinas","26":"tag-popularakaszinas","27":"tag-saeima","28":"tag-seplp","29":"tag-top-stories","30":"tag-topstories","31":"tag-zinas"},"share_on_mastodon":{"url":"https:\/\/pubeurope.com\/@lv\/115542809926815028","error":""},"_links":{"self":[{"href":"https:\/\/www.europesays.com\/lv\/wp-json\/wp\/v2\/posts\/48194","targetHints":{"allow":["GET"]}}],"collection":[{"href":"https:\/\/www.europesays.com\/lv\/wp-json\/wp\/v2\/posts"}],"about":[{"href":"https:\/\/www.europesays.com\/lv\/wp-json\/wp\/v2\/types\/post"}],"author":[{"embeddable":true,"href":"https:\/\/www.europesays.com\/lv\/wp-json\/wp\/v2\/users\/2"}],"replies":[{"embeddable":true,"href":"https:\/\/www.europesays.com\/lv\/wp-json\/wp\/v2\/comments?post=48194"}],"version-history":[{"count":0,"href":"https:\/\/www.europesays.com\/lv\/wp-json\/wp\/v2\/posts\/48194\/revisions"}],"wp:featuredmedia":[{"embeddable":true,"href":"https:\/\/www.europesays.com\/lv\/wp-json\/wp\/v2\/media\/48195"}],"wp:attachment":[{"href":"https:\/\/www.europesays.com\/lv\/wp-json\/wp\/v2\/media?parent=48194"}],"wp:term":[{"taxonomy":"category","embeddable":true,"href":"https:\/\/www.europesays.com\/lv\/wp-json\/wp\/v2\/categories?post=48194"},{"taxonomy":"post_tag","embeddable":true,"href":"https:\/\/www.europesays.com\/lv\/wp-json\/wp\/v2\/tags?post=48194"}],"curies":[{"name":"wp","href":"https:\/\/api.w.org\/{rel}","templated":true}]}}