{"id":48212,"date":"2025-11-13T14:26:16","date_gmt":"2025-11-13T14:26:16","guid":{"rendered":"https:\/\/www.europesays.com\/lv\/48212\/"},"modified":"2025-11-13T14:26:16","modified_gmt":"2025-11-13T14:26:16","slug":"tramps-paraksta-likumu-kas-lauj-atsakt-asv-valdibas-darbu-2","status":"publish","type":"post","link":"https:\/\/www.europesays.com\/lv\/48212\/","title":{"rendered":"Tramps paraksta likumu, kas \u013cauj ats\u0101kt ASV vald\u012bbas darbu"},"content":{"rendered":"<p>Likums tika parakst\u012bts neilgi p\u0113c tam, kad t\u0101 projektu tre\u0161dien pie\u0146\u0113ma <a href=\"https:\/\/www.tvnet.lv\/term\/555410\/asv\" class=\"topicLink\" target=\"_blank\" rel=\"nofollow noopener\">ASV<\/a> Kongresa apak\u0161nams P\u0101rst\u0101vju pal\u0101ta. Pirmdien \u0161o likumprojektu pie\u0146\u0113ma Kongresa aug\u0161pal\u0101ta Sen\u0101ts.<\/p>\n<p>Balsojumos Sen\u0101t\u0101 un P\u0101rst\u0101vju pal\u0101t\u0101 likumprojektu atbalst\u012bja republik\u0101\u0146i, kuriem ab\u0101s pal\u0101t\u0101s ir neliels vair\u0101kums, un da\u017ei demokr\u0101ti.<\/p>\n<p>&#8220;Ar manu parakstu feder\u0101l\u0101 vald\u012bba tagad ats\u0101ks norm\u0101las oper\u0101cijas, un mana administr\u0101cija un m\u016bsu partneri Kongres\u0101 turpin\u0101s m\u016bsu darbu, lai samazin\u0101tu dz\u012bves izmaksas, atjaunotu sabiedrisko dro\u0161\u012bbu, audz\u0113tu m\u016bsu ekonomiku un padar\u012btu Ameriku atkal pieejamu izmaksu zi\u0146\u0101,&#8221; sac\u012bja Tramps, parakstot likumu.<\/p>\n<p>ASV vald\u012bbas darbs tiks ats\u0101kts p\u0113c 43 dienas ilga p\u0101rtraukuma, kas ir ilg\u0101kais ASV v\u0113stur\u0113. T\u0101 d\u0113\u013c vair\u0101k nek\u0101 miljons feder\u0101lo iest\u0101\u017eu darbinieku nav sa\u0146\u0113mu\u0161i atalgojumu, savuk\u0101rt vald\u012bbas pabalstu pie\u0161\u0137ir\u0161ana un vald\u012bbas pakalpojumu pie\u0161\u0137ir\u0161ana ir liel\u0101 m\u0113r\u0101 trauc\u0113ta.<\/p>\n","protected":false},"excerpt":{"rendered":"Likums tika parakst\u012bts neilgi p\u0113c tam, kad t\u0101 projektu tre\u0161dien pie\u0146\u0113ma ASV Kongresa apak\u0161nams P\u0101rst\u0101vju pal\u0101ta. Pirmdien \u0161o&hellip;\n","protected":false},"author":2,"featured_media":48213,"comment_status":"","ping_status":"","sticky":false,"template":"","format":"standard","meta":{"footnotes":""},"categories":[5],"tags":[23,292,28,29,542,32,33,22,30,31,35,39,38,36,37,34,40,20,26,27,24,25,21],"class_list":{"0":"post-48212","1":"post","2":"type-post","3":"status-publish","4":"format-standard","5":"has-post-thumbnail","7":"category-aktualitates","8":"tag-aktualitates","9":"tag-asv","10":"tag-breaking-news","11":"tag-breakingnews","12":"tag-donalds-tramps","13":"tag-featured-news","14":"tag-featurednews","15":"tag-headlines","16":"tag-latest-news","17":"tag-latestnews","18":"tag-latvia","19":"tag-latvian","20":"tag-latviesu","21":"tag-latviesu-valoda","22":"tag-latviesuvaloda","23":"tag-latvija","24":"tag-lv","25":"tag-news","26":"tag-popularakas-zinas","27":"tag-popularakaszinas","28":"tag-top-stories","29":"tag-topstories","30":"tag-zinas"},"share_on_mastodon":{"url":"https:\/\/pubeurope.com\/@lv\/115542857252836465","error":""},"_links":{"self":[{"href":"https:\/\/www.europesays.com\/lv\/wp-json\/wp\/v2\/posts\/48212","targetHints":{"allow":["GET"]}}],"collection":[{"href":"https:\/\/www.europesays.com\/lv\/wp-json\/wp\/v2\/posts"}],"about":[{"href":"https:\/\/www.europesays.com\/lv\/wp-json\/wp\/v2\/types\/post"}],"author":[{"embeddable":true,"href":"https:\/\/www.europesays.com\/lv\/wp-json\/wp\/v2\/users\/2"}],"replies":[{"embeddable":true,"href":"https:\/\/www.europesays.com\/lv\/wp-json\/wp\/v2\/comments?post=48212"}],"version-history":[{"count":0,"href":"https:\/\/www.europesays.com\/lv\/wp-json\/wp\/v2\/posts\/48212\/revisions"}],"wp:featuredmedia":[{"embeddable":true,"href":"https:\/\/www.europesays.com\/lv\/wp-json\/wp\/v2\/media\/48213"}],"wp:attachment":[{"href":"https:\/\/www.europesays.com\/lv\/wp-json\/wp\/v2\/media?parent=48212"}],"wp:term":[{"taxonomy":"category","embeddable":true,"href":"https:\/\/www.europesays.com\/lv\/wp-json\/wp\/v2\/categories?post=48212"},{"taxonomy":"post_tag","embeddable":true,"href":"https:\/\/www.europesays.com\/lv\/wp-json\/wp\/v2\/tags?post=48212"}],"curies":[{"name":"wp","href":"https:\/\/api.w.org\/{rel}","templated":true}]}}