{"id":48214,"date":"2025-11-13T14:27:21","date_gmt":"2025-11-13T14:27:21","guid":{"rendered":"https:\/\/www.europesays.com\/lv\/48214\/"},"modified":"2025-11-13T14:27:21","modified_gmt":"2025-11-13T14:27:21","slug":"dziedataja-adele-ka-aktrise-debites-dizainera-un-rezisora-toma-forda-jaunaja-filma","status":"publish","type":"post","link":"https:\/\/www.europesays.com\/lv\/48214\/","title":{"rendered":"Dzied\u0101t\u0101ja Adele k\u0101 aktrise debit\u0113s dizainera un re\u017eisora Toma Forda jaunaj\u0101 film\u0101"},"content":{"rendered":"<p>L\u012bdz\u0101s jau zin\u0101miem v\u0101rdiem kino pasaul\u0113 \u2013 seri\u0101la &#8220;Adolescence&#8221; zvaigznei Ouenam K\u016bperam, \u0100ronam Teiloram-D\u017eonsonam un Kolinam F\u0113rtam \u2013 kino re\u017eisora un modes dizainera Toma Forda topo\u0161aj\u0101 film\u0101 pievienosies ar\u012b slaven\u0101 dzied\u0101t\u0101ja Adele, v\u0113sta \u0101rvalstu mediji. \u0160\u012b b\u016bs Adeles debija k\u0101 aktrisei. <\/p>\n<p class=\"m-0\">Seko &#8220;Delfi&#8221; ar\u012b  <a target=\"_blank\" href=\"https:\/\/www.instagram.com\/delfi.lv\/\" rel=\"nofollow noopener\">Instagram<\/a>  un <a target=\"_blank\" href=\"https:\/\/www.youtube.com\/channel\/UCw5foWtcJvAbUm64rv7jwUQ\" rel=\"nofollow noopener\">YouTube<\/a>  profil\u0101 \u2013 pievienojies, lai uzzin\u0101tu svar\u012bg\u0101ko un interesant\u0101ko pirmais!<\/p>\n<p>Publik\u0101cijas saturs vai t\u0101s jebk\u0101da apjoma da\u013ca ir aizsarg\u0101ts autorties\u012bbu objekts Autorties\u012bbu likuma izpratn\u0113, un t\u0101 izmanto\u0161ana bez izdev\u0113ja at\u013caujas ir aizliegta. Vair\u0101k lasi  <a target=\"_blank\" href=\"https:\/\/www.delfi.lv\/noteikumi#autortiesibas\" rel=\"nofollow noopener\">\u0161eit<\/a><script async src=\"\/\/www.instagram.com\/embed.js\"><\/script><\/p>\n","protected":false},"excerpt":{"rendered":"L\u012bdz\u0101s jau zin\u0101miem v\u0101rdiem kino pasaul\u0113 \u2013 seri\u0101la &#8220;Adolescence&#8221; zvaigznei Ouenam K\u016bperam, \u0100ronam Teiloram-D\u017eonsonam un Kolinam F\u0113rtam \u2013&hellip;\n","protected":false},"author":2,"featured_media":48215,"comment_status":"","ping_status":"","sticky":false,"template":"","format":"standard","meta":{"footnotes":""},"categories":[19],"tags":[6601,89,90,3528,35,39,38,36,37,34,40],"class_list":{"0":"post-48214","1":"post","2":"type-post","3":"status-publish","4":"format-standard","5":"has-post-thumbnail","7":"category-izklaide","8":"tag-adele","9":"tag-entertainment","10":"tag-izklaide","11":"tag-jaunakas-filmas","12":"tag-latvia","13":"tag-latvian","14":"tag-latviesu","15":"tag-latviesu-valoda","16":"tag-latviesuvaloda","17":"tag-latvija","18":"tag-lv"},"share_on_mastodon":{"url":"https:\/\/pubeurope.com\/@lv\/115542861165950809","error":""},"_links":{"self":[{"href":"https:\/\/www.europesays.com\/lv\/wp-json\/wp\/v2\/posts\/48214","targetHints":{"allow":["GET"]}}],"collection":[{"href":"https:\/\/www.europesays.com\/lv\/wp-json\/wp\/v2\/posts"}],"about":[{"href":"https:\/\/www.europesays.com\/lv\/wp-json\/wp\/v2\/types\/post"}],"author":[{"embeddable":true,"href":"https:\/\/www.europesays.com\/lv\/wp-json\/wp\/v2\/users\/2"}],"replies":[{"embeddable":true,"href":"https:\/\/www.europesays.com\/lv\/wp-json\/wp\/v2\/comments?post=48214"}],"version-history":[{"count":0,"href":"https:\/\/www.europesays.com\/lv\/wp-json\/wp\/v2\/posts\/48214\/revisions"}],"wp:featuredmedia":[{"embeddable":true,"href":"https:\/\/www.europesays.com\/lv\/wp-json\/wp\/v2\/media\/48215"}],"wp:attachment":[{"href":"https:\/\/www.europesays.com\/lv\/wp-json\/wp\/v2\/media?parent=48214"}],"wp:term":[{"taxonomy":"category","embeddable":true,"href":"https:\/\/www.europesays.com\/lv\/wp-json\/wp\/v2\/categories?post=48214"},{"taxonomy":"post_tag","embeddable":true,"href":"https:\/\/www.europesays.com\/lv\/wp-json\/wp\/v2\/tags?post=48214"}],"curies":[{"name":"wp","href":"https:\/\/api.w.org\/{rel}","templated":true}]}}