{"id":48254,"date":"2025-11-13T15:03:08","date_gmt":"2025-11-13T15:03:08","guid":{"rendered":"https:\/\/www.europesays.com\/lv\/48254\/"},"modified":"2025-11-13T15:03:08","modified_gmt":"2025-11-13T15:03:08","slug":"atcelts-nakamgad-planotais-limp-bizkit-koncerts-tallina","status":"publish","type":"post","link":"https:\/\/www.europesays.com\/lv\/48254\/","title":{"rendered":"Atcelts n\u0101kamgad pl\u0101notais &#8220;Limp Bizkit&#8221; koncerts Tallin\u0101"},"content":{"rendered":"<p>Vi\u0146\u0161 piebilda, ka, cik zin\u0101ms, kop\u0161 2022. gada D\u0113rsts nav n\u0101cis klaj\u0101 ar nek\u0101diem Krieviju slavino\u0161iem vai t\u0101s agresijas karu attaisnojo\u0161iem pazi\u0146ojumiem. Vi\u0146\u0161 sac\u012bja, ka m\u0101kslinieka neregul\u0101rie ieraksti soci\u0101lajos medijos, kuros vi\u0146\u0161 uzrun\u0101 Krievijas fanus, tiek uzskat\u012bti par da\u013cu no norm\u0101las komunik\u0101cijas ar starptautisko auditoriju.<\/p>\n<p>Kad tika pan\u0101kta vieno\u0161an\u0101s par grupas uzst\u0101\u0161anos Tallin\u0101, &#8220;Baltic Live Agency&#8221; izpratn\u0113 ne grupa, ne D\u0113rsts kop\u0161 2015. gada nav izteiku\u0161i jaunus politiskus pazi\u0146ojumus, sac\u012bja &#8220;Baltic Live Agency&#8221; p\u0101rst\u0101vis.<\/p>\n<p>V\u012bze ar\u012b nor\u0101d\u012bja, ka p\u0113d\u0113jos gados &#8220;Limp Bizkit&#8221; ir uzst\u0101jusies vair\u0101k\u0101s valst\u012bs, kas stingri atbalsta gan Igauniju, gan Ukrainu, to vid\u016b V\u0101cij\u0101, Austrij\u0101, N\u012bderland\u0113, Lielbrit\u0101nij\u0101, \u012arij\u0101, Polij\u0101 un Francij\u0101.<\/p>\n<p>Pl\u0101nots, ka 2026. gad\u0101 grupa uzst\u0101sies Polij\u0101, V\u0101cij\u0101, Lielbrit\u0101nij\u0101, Be\u013c\u0123ij\u0101, Norv\u0113\u0123ij\u0101 un Sp\u0101nij\u0101.<\/p>\n<p>V\u012bze ar\u012b nor\u0101d\u012bja, ka Tallinas koncerta l\u012bdzorganizators &#8220;NTR Team&#8221; ir Ukrainas uz\u0146\u0113mums.<\/p>\n<p>D\u0113rsts vair\u0101kus gadus bija prec\u0113jies ar viz\u0101\u017eisti Kseniju Berjazinu, kas ir Krievijas pilsone un vair\u0101kus gadus dz\u012bvojusi Krim\u0101. P\u0113c Krievijas \u012bstenot\u0101s Krimas aneksijas 2014. gad\u0101 D\u0113rsts slav\u0113ja Krievijas diktatoru Vladimiru Putinu, nod\u0113v\u0113jot vi\u0146u par &#8220;lielisku puisi ar skaidriem mor\u0101les principiem un jauku cilv\u0113ku&#8221;, k\u0101 ar\u012b pauda interesi ieg\u0101d\u0101ties m\u0101ju Krim\u0101.<\/p>\n<p>2015. gad\u0101 Ukraina D\u0113rstam noteica iebrauk\u0161anas aizliegumu.<\/p>\n<p>2024. gad\u0101 D\u0113rsts Krievijas soci\u0101lo mediju platform\u0101 &#8220;VKontakte&#8221; rakst\u012bja, ka vi\u0146am pietr\u016bkst Krievijas fanu un vi\u0146\u0161 cer dr\u012bz vi\u0146us redz\u0113t.<\/p>\n<p>2009. un 2020. gad\u0101 &#8220;Limp Bizkit&#8221; koncert\u0113ja Latvij\u0101.<\/p>\n","protected":false},"excerpt":{"rendered":"Vi\u0146\u0161 piebilda, ka, cik zin\u0101ms, kop\u0161 2022. gada D\u0113rsts nav n\u0101cis klaj\u0101 ar nek\u0101diem Krieviju slavino\u0161iem vai t\u0101s&hellip;\n","protected":false},"author":2,"featured_media":48255,"comment_status":"","ping_status":"","sticky":false,"template":"","format":"standard","meta":{"footnotes":""},"categories":[19],"tags":[89,90,202,35,39,38,36,37,34,12406,40,2794],"class_list":{"0":"post-48254","1":"post","2":"type-post","3":"status-publish","4":"format-standard","5":"has-post-thumbnail","7":"category-izklaide","8":"tag-entertainment","9":"tag-izklaide","10":"tag-koncerts","11":"tag-latvia","12":"tag-latvian","13":"tag-latviesu","14":"tag-latviesu-valoda","15":"tag-latviesuvaloda","16":"tag-latvija","17":"tag-limp-bizkit","18":"tag-lv","19":"tag-tallina"},"share_on_mastodon":{"url":"https:\/\/pubeurope.com\/@lv\/115543002661517460","error":""},"_links":{"self":[{"href":"https:\/\/www.europesays.com\/lv\/wp-json\/wp\/v2\/posts\/48254","targetHints":{"allow":["GET"]}}],"collection":[{"href":"https:\/\/www.europesays.com\/lv\/wp-json\/wp\/v2\/posts"}],"about":[{"href":"https:\/\/www.europesays.com\/lv\/wp-json\/wp\/v2\/types\/post"}],"author":[{"embeddable":true,"href":"https:\/\/www.europesays.com\/lv\/wp-json\/wp\/v2\/users\/2"}],"replies":[{"embeddable":true,"href":"https:\/\/www.europesays.com\/lv\/wp-json\/wp\/v2\/comments?post=48254"}],"version-history":[{"count":0,"href":"https:\/\/www.europesays.com\/lv\/wp-json\/wp\/v2\/posts\/48254\/revisions"}],"wp:featuredmedia":[{"embeddable":true,"href":"https:\/\/www.europesays.com\/lv\/wp-json\/wp\/v2\/media\/48255"}],"wp:attachment":[{"href":"https:\/\/www.europesays.com\/lv\/wp-json\/wp\/v2\/media?parent=48254"}],"wp:term":[{"taxonomy":"category","embeddable":true,"href":"https:\/\/www.europesays.com\/lv\/wp-json\/wp\/v2\/categories?post=48254"},{"taxonomy":"post_tag","embeddable":true,"href":"https:\/\/www.europesays.com\/lv\/wp-json\/wp\/v2\/tags?post=48254"}],"curies":[{"name":"wp","href":"https:\/\/api.w.org\/{rel}","templated":true}]}}