{"id":48256,"date":"2025-11-13T15:04:17","date_gmt":"2025-11-13T15:04:17","guid":{"rendered":"https:\/\/www.europesays.com\/lv\/48256\/"},"modified":"2025-11-13T15:04:17","modified_gmt":"2025-11-13T15:04:17","slug":"ko-iesakt-ar-latvijas-futbola-izlases-treneri-d-sektors-pulksten-14","status":"publish","type":"post","link":"https:\/\/www.europesays.com\/lv\/48256\/","title":{"rendered":"Ko ies\u0101kt ar Latvijas futbola izlases treneri? &#8220;D sektors&#8221; pulksten 14"},"content":{"rendered":"<p>Latvijas futbol\u0101 nosl\u0113gusies k\u0101rt\u0113j\u0101 klubu sezona, un, diem\u017e\u0113l, p\u0113c zoles n\u0101k kritums. Iepriek\u0161\u0113jie \u010dempioni RFS ne tikai zaud\u0113ju\u0161i troni, bet ar\u012b nav iek\u013cuvu\u0161i neviena Eirokausa pamatturn\u012br\u0101. Taisn\u012bbas labad citiem pa\u0161m\u0101ju klubiem starptautiskaj\u0101 front\u0113 nav kl\u0101jies lab\u0101k, un ar\u012b izlases l\u012bmen\u012b esam bez sasniegumiem. Kas notiek Latvijas futbol\u0101, ko j\u0101maina un ko varam main\u012bt &#8211; par to Almants Poik\u0101ns un J\u0101nis Bendziks pulksten 14 raid\u012bjum\u0101 <a rel=\"noopener nofollow\" target=\"_blank\" href=\"https:\/\/www.delfi.lv\/temas\/56419842\/d-sektors\" tag-id=\"56419842\">&#8220;D sektors&#8221;<\/a> run\u0101 ar kolor\u012bto futbola treneri Jur\u0123i Kalnu, kur\u0161 pats ar\u012b aizvad\u012bjis visnota\u013c raibu profesion\u0101lo sezonu.<\/p>\n<p class=\"m-0\">Seko &#8220;Delfi&#8221; ar\u012b  <a target=\"_blank\" href=\"https:\/\/www.instagram.com\/delfi.lv\/\" rel=\"nofollow noopener\">Instagram<\/a>  un <a target=\"_blank\" href=\"https:\/\/www.youtube.com\/channel\/UCw5foWtcJvAbUm64rv7jwUQ\" rel=\"nofollow noopener\">YouTube<\/a>  profil\u0101 \u2013 pievienojies, lai uzzin\u0101tu svar\u012bg\u0101ko un interesant\u0101ko pirmais!<\/p>\n<p>Publik\u0101cijas saturs vai t\u0101s jebk\u0101da apjoma da\u013ca ir aizsarg\u0101ts autorties\u012bbu objekts Autorties\u012bbu likuma izpratn\u0113, un t\u0101 izmanto\u0161ana bez izdev\u0113ja at\u013caujas ir aizliegta. Vair\u0101k lasi  <a target=\"_blank\" href=\"https:\/\/www.delfi.lv\/noteikumi#autortiesibas\" rel=\"nofollow noopener\">\u0161eit<\/a><script async src=\"\/\/www.instagram.com\/embed.js\"><\/script><\/p>\n","protected":false},"excerpt":{"rendered":"Latvijas futbol\u0101 nosl\u0113gusies k\u0101rt\u0113j\u0101 klubu sezona, un, diem\u017e\u0113l, p\u0113c zoles n\u0101k kritums. Iepriek\u0161\u0113jie \u010dempioni RFS ne tikai zaud\u0113ju\u0161i&hellip;\n","protected":false},"author":2,"featured_media":48257,"comment_status":"","ping_status":"","sticky":false,"template":"","format":"standard","meta":{"footnotes":""},"categories":[17],"tags":[4188,10396,676,13287,35,39,38,36,37,34,40,67,605],"class_list":{"0":"post-48256","1":"post","2":"type-post","3":"status-publish","4":"format-standard","5":"has-post-thumbnail","7":"category-sports","8":"tag-aizkadra","9":"tag-d-sektors","10":"tag-futbols","11":"tag-jurgis-kalns","12":"tag-latvia","13":"tag-latvian","14":"tag-latviesu","15":"tag-latviesu-valoda","16":"tag-latviesuvaloda","17":"tag-latvija","18":"tag-lv","19":"tag-sports","20":"tag-virsliga"},"share_on_mastodon":{"url":"https:\/\/pubeurope.com\/@lv\/115543006501803169","error":""},"_links":{"self":[{"href":"https:\/\/www.europesays.com\/lv\/wp-json\/wp\/v2\/posts\/48256","targetHints":{"allow":["GET"]}}],"collection":[{"href":"https:\/\/www.europesays.com\/lv\/wp-json\/wp\/v2\/posts"}],"about":[{"href":"https:\/\/www.europesays.com\/lv\/wp-json\/wp\/v2\/types\/post"}],"author":[{"embeddable":true,"href":"https:\/\/www.europesays.com\/lv\/wp-json\/wp\/v2\/users\/2"}],"replies":[{"embeddable":true,"href":"https:\/\/www.europesays.com\/lv\/wp-json\/wp\/v2\/comments?post=48256"}],"version-history":[{"count":0,"href":"https:\/\/www.europesays.com\/lv\/wp-json\/wp\/v2\/posts\/48256\/revisions"}],"wp:featuredmedia":[{"embeddable":true,"href":"https:\/\/www.europesays.com\/lv\/wp-json\/wp\/v2\/media\/48257"}],"wp:attachment":[{"href":"https:\/\/www.europesays.com\/lv\/wp-json\/wp\/v2\/media?parent=48256"}],"wp:term":[{"taxonomy":"category","embeddable":true,"href":"https:\/\/www.europesays.com\/lv\/wp-json\/wp\/v2\/categories?post=48256"},{"taxonomy":"post_tag","embeddable":true,"href":"https:\/\/www.europesays.com\/lv\/wp-json\/wp\/v2\/tags?post=48256"}],"curies":[{"name":"wp","href":"https:\/\/api.w.org\/{rel}","templated":true}]}}