{"id":48269,"date":"2025-11-13T15:19:10","date_gmt":"2025-11-13T15:19:10","guid":{"rendered":"https:\/\/www.europesays.com\/lv\/48269\/"},"modified":"2025-11-13T15:19:10","modified_gmt":"2025-11-13T15:19:10","slug":"saeima-izbrake-ari-siksna-kandidaturu-seplp-locekla-amatam-2","status":"publish","type":"post","link":"https:\/\/www.europesays.com\/lv\/48269\/","title":{"rendered":"Saeima izbr\u0101\u0137\u0113 ar\u012b Sik\u0161\u0146a kandidat\u016bru SEPLP locek\u013ca amatam"},"content":{"rendered":"<p>Saeimas vair\u0101kums ceturtdien neatbalst\u012bja J\u0101\u0146a Sik\u0161\u0146a iecel\u0161anu Sabiedrisko elektronisko pla\u0161sazi\u0146as l\u012bdzek\u013cu padomes (SEPLP) locek\u013ca amat\u0101, l\u012bdz ar to parlaments izbr\u0101\u0137\u0113ja jau otro no Nevalstisko organiz\u0101ciju (NVO) un Ministru kabineta (MK) sadarb\u012bbas memoranda padomes virz\u012btajiem kandid\u0101tiem.<\/p>\n<p>Vairums parlament\u0101 p\u0101rst\u0101v\u0113to politisko sp\u0113ku frakcijas jau iepriek\u0161 bija pazi\u0146oju\u0161as, ka Saeimas balsojum\u0101 neatbalst\u012bs Siksni.<\/p>\n<p>Pret Sik\u0161\u0146a iecel\u0161anu amat\u0101 balsoja deput\u0101ti no Za\u013co un zemnieku savien\u012bbas (ZZS), opoz\u012bcijas partij\u0101m &#8220;Apvienotais saraksts&#8221; (AS), Nacion\u0101l\u0101s apvien\u012bbas un partijas &#8220;Latvija pirmaj\u0101 viet\u0101&#8221; (LPV).<\/p>\n<p>K\u0101 a\u0123ent\u016brai LETA iepriek\u0161 pav\u0113st\u012bja ZZS Saeimas frakcijas vad\u012bt\u0101js Harijs Rokpelnis, frakcija sa\u0146\u0113musi pretrun\u012bgus v\u0113rt\u0113jumus par vi\u0146a l\u012bdz\u0161in\u0113jo darbu no da\u017e\u0101diem mediju jomas p\u0101rst\u0101vjiem. T\u0101pat sa\u0146emts ar\u012b SEPLP locekles Unas Klapkalnes izv\u0113rsts argument\u0113ts skaidrojums, k\u0101d\u0113\u013c Siksnis nav piem\u0113rot\u0101k\u0101 kandidat\u016bra \u0161im amatam.<\/p>\n<p>Savuk\u0101rt partijas &#8220;Stabilit\u0101tei&#8221; deput\u0101ti balsojum\u0101 par Siksni nepiedal\u012bj\u0101s.<\/p>\n<p>K\u0101 a\u0123ent\u016brai LETA nor\u0101d\u012bja &#8220;Stabilit\u0101tei&#8221; Saeimas frakcijas priek\u0161s\u0113d\u0113t\u0101ja Svetlana \u010culkova, esot \u013coti daudz jaut\u0101jumu saist\u012bb\u0101 ar Siksni. T\u0101pat frakcija neesot sa\u0146\u0113musi atbildi uz jaut\u0101jumu par to, vai sabiedriskaj\u0101 medij\u0101 tiks saglab\u0101ta krievu valoda.<\/p>\n<p>Atbalstu Siksnim pa\u0161laik paudu\u0161i vien &#8220;Progres\u012bvie&#8221;, savuk\u0101rt &#8220;Jaun\u0101s vienot\u012bbas&#8221; (JV) Saeimas frakcijas vad\u012bt\u0101js Edmunds Jur\u0113vics a\u0123ent\u016brai LETA iepriek\u0161 sac\u012bja, ka JV Saeimas frakcija respekt\u0113 NVO un MK sadarb\u012bbas memoranda padomi, ta\u010du, \u0146emot v\u0113r\u0101 p\u0113d\u0113jo divu dienu notikumus, tostarp Klapkalnes publiski pausto un faktu, ka Saeimas vair\u0101kums Siksni neatbalsta, frakcija savu gala l\u0113mumu pie\u0146ems ceturtdien, pirms balsojuma.<\/p>\n<p><img decoding=\"async\" src=\"https:\/\/www.europesays.com\/lv\/wp-content\/uploads\/2025\/11\/50056d17e019e9f0bbca6efacf464f12.jpg\" title=\"J\u0101nis Siksnis. Foto: LETA\" alt=\"J\u0101nis Siksnis. Foto: LETA\"\/><\/p>\n<p class=\"article-img-desc\">J\u0101nis Siksnis. Foto: LETA<\/p>\n","protected":false},"excerpt":{"rendered":"Saeimas vair\u0101kums ceturtdien neatbalst\u012bja J\u0101\u0146a Sik\u0161\u0146a iecel\u0161anu Sabiedrisko elektronisko pla\u0161sazi\u0146as l\u012bdzek\u013cu padomes (SEPLP) locek\u013ca amat\u0101, l\u012bdz ar to&hellip;\n","protected":false},"author":2,"featured_media":48270,"comment_status":"","ping_status":"","sticky":false,"template":"","format":"standard","meta":{"footnotes":""},"categories":[12],"tags":[129,13144,23,28,29,32,33,22,30,31,35,39,38,36,37,34,40,20,26,27,13145,13146,24,25,21],"class_list":{"0":"post-48269","1":"post","2":"type-post","3":"status-publish","4":"format-standard","5":"has-post-thumbnail","7":"category-latvija","8":"tag-__typenameadvicekeyword","9":"tag-id933","10":"tag-aktualitates","11":"tag-breaking-news","12":"tag-breakingnews","13":"tag-featured-news","14":"tag-featurednews","15":"tag-headlines","16":"tag-latest-news","17":"tag-latestnews","18":"tag-latvia","19":"tag-latvian","20":"tag-latviesu","21":"tag-latviesu-valoda","22":"tag-latviesuvaloda","23":"tag-latvija","24":"tag-lv","25":"tag-news","26":"tag-popularakas-zinas","27":"tag-popularakaszinas","28":"tag-slugmediji","29":"tag-titlemediji","30":"tag-top-stories","31":"tag-topstories","32":"tag-zinas"},"share_on_mastodon":{"url":"https:\/\/pubeurope.com\/@lv\/115543065557253536","error":""},"_links":{"self":[{"href":"https:\/\/www.europesays.com\/lv\/wp-json\/wp\/v2\/posts\/48269","targetHints":{"allow":["GET"]}}],"collection":[{"href":"https:\/\/www.europesays.com\/lv\/wp-json\/wp\/v2\/posts"}],"about":[{"href":"https:\/\/www.europesays.com\/lv\/wp-json\/wp\/v2\/types\/post"}],"author":[{"embeddable":true,"href":"https:\/\/www.europesays.com\/lv\/wp-json\/wp\/v2\/users\/2"}],"replies":[{"embeddable":true,"href":"https:\/\/www.europesays.com\/lv\/wp-json\/wp\/v2\/comments?post=48269"}],"version-history":[{"count":0,"href":"https:\/\/www.europesays.com\/lv\/wp-json\/wp\/v2\/posts\/48269\/revisions"}],"wp:featuredmedia":[{"embeddable":true,"href":"https:\/\/www.europesays.com\/lv\/wp-json\/wp\/v2\/media\/48270"}],"wp:attachment":[{"href":"https:\/\/www.europesays.com\/lv\/wp-json\/wp\/v2\/media?parent=48269"}],"wp:term":[{"taxonomy":"category","embeddable":true,"href":"https:\/\/www.europesays.com\/lv\/wp-json\/wp\/v2\/categories?post=48269"},{"taxonomy":"post_tag","embeddable":true,"href":"https:\/\/www.europesays.com\/lv\/wp-json\/wp\/v2\/tags?post=48269"}],"curies":[{"name":"wp","href":"https:\/\/api.w.org\/{rel}","templated":true}]}}