{"id":48298,"date":"2025-11-13T15:57:09","date_gmt":"2025-11-13T15:57:09","guid":{"rendered":"https:\/\/www.europesays.com\/lv\/48298\/"},"modified":"2025-11-13T15:57:09","modified_gmt":"2025-11-13T15:57:09","slug":"jauniba-karjera-un-novecosana-nacionala-teatra-jaunaja-iestudejuma-lente-lv","status":"publish","type":"post","link":"https:\/\/www.europesays.com\/lv\/48298\/","title":{"rendered":"Jaun\u012bba, karjera un noveco\u0161ana Nacion\u0101l\u0101 te\u0101tra jaunaj\u0101 iestud\u0113jum\u0101\u00a0\u2014\u00a0Lente.lv"},"content":{"rendered":"<p>Jaun\u012bbas kults un dz\u012bves pieredze uz skatuves<\/p>\n<p>Nacion\u0101l\u0101 te\u0101tra jaunais iestud\u0113jums &#8220;Viss par Ievu&#8221;, ko veidojusi re\u017eisore In\u0101ra Slucka, aicina skat\u012bt\u0101jus dzi\u013c\u0101k aizdom\u0101ties par aktu\u0101liem jaut\u0101jumiem, kas skar gan m\u0101kslas pasauli, gan sabiedr\u012bbu kopum\u0101. Izr\u0101des darb\u012bba risin\u0101s k\u0101da Brodvejas te\u0101tra aizkulis\u0113s, atkl\u0101jot intrigu, statusa c\u012b\u0146u un spiedienu, kas bie\u017ei vien pavada rado\u0161o cilv\u0113ku dz\u012bvi. \u0160\u012b skatuvisk\u0101 aina ir metafora m\u016bsdienu sabiedr\u012bbas procesiem, kur jaun\u012bbas kults bie\u017ei vien noniecina pieredzi un gudr\u012bbu, ko sniedz gadi.<\/p>\n<p>Izaicino\u0161ie jaut\u0101jumi par karjeru un noveco\u0161anu<\/p>\n<p>Galvenais st\u0101sta dzin\u0113jsp\u0113ks ir Ieva, kura saskaras ar b\u016btiskiem dz\u012bves posmiem \u2013 k\u0101 sabalans\u0113t amb\u012bcijas un person\u012bgo dz\u012bvi, kad karjera prasa arvien vair\u0101k? K\u0101 pie\u0146emt neizb\u0113gamo noveco\u0161anu, kad jaun\u012bba tiek cildin\u0101ta k\u0101 augst\u0101k\u0101 v\u0113rt\u012bba? &#8220;Viss par Ievu&#8221; pied\u0101v\u0101 ne vien izklaid\u0113jo\u0161u, bet ar\u012b intelektu\u0101li stimul\u0113jo\u0161u pieredzi, rosinot refleksiju par paaud\u017eu attiec\u012bb\u0101m, profesion\u0101lo izdeg\u0161anu un person\u012bg\u0101s identit\u0101tes mekl\u0113jumiem main\u012bgaj\u0101 pasaul\u0113.<\/p>\n<p>Te\u0101tris k\u0101 spogulis sabiedr\u012bbai<\/p>\n<p>Izr\u0101de nebaid\u0101s pieskarties ar\u012b skaudr\u0101kaj\u0101m t\u0113m\u0101m, \u013caujot skat\u012bt\u0101jiem saskat\u012bt l\u012bdz\u012bbu ar sav\u0101m dz\u012bves situ\u0101cij\u0101m. Brodvejas te\u0101tra aizkulises, kas \u0161\u0137ietami ir pasaulei atrauta vide, paties\u012bb\u0101 atspogu\u013co visp\u0101r\u0113jus sabiedr\u012bbas procesus \u2013 konkurenci, v\u0113lmi sevi pier\u0101d\u012bt un bailes no aizie\u0161anas neb\u016b\u0161an. Tas liek aizdom\u0101ties, cik bie\u017ei ar\u012b ikdien\u0101 saskaramies ar l\u012bdz\u012bg\u0101m situ\u0101cij\u0101m, cen\u0161oties notur\u0113ties virsotn\u0113 un ne\u013caujoties laika straumei.<\/p>\n<p>Cer\u012bba un pie\u0146em\u0161ana noveco\u0161anas proces\u0101<\/p>\n<p>Neraugoties uz izaicino\u0161aj\u0101m t\u0113m\u0101m, &#8220;Viss par Ievu&#8221; sniedz ar\u012b cer\u012bbas staru. Izr\u0101de par\u0101da, ka pie\u0146emot sevi un savu dz\u012bves ce\u013cu, ar\u012b noveco\u0161ana var k\u013c\u016bt par piepild\u012btu un v\u0113rt\u012bgu posmu. T\u0101 ir aicin\u0101jums nov\u0113rt\u0113t katru dz\u012bves mirkli un saprast, ka patiesa v\u0113rt\u012bba sl\u0113pjas nevis jaun\u012bb\u0101, bet gan dz\u012bves laik\u0101 uzkr\u0101taj\u0101 pieredz\u0113, gudr\u012bb\u0101 un sp\u0113j\u0101 m\u012bl\u0113t gan sevi, gan citus.<\/p>\n","protected":false},"excerpt":{"rendered":"Jaun\u012bbas kults un dz\u012bves pieredze uz skatuves Nacion\u0101l\u0101 te\u0101tra jaunais iestud\u0113jums &#8220;Viss par Ievu&#8221;, ko veidojusi re\u017eisore In\u0101ra&hellip;\n","protected":false},"author":2,"featured_media":48299,"comment_status":"","ping_status":"","sticky":false,"template":"","format":"standard","meta":{"footnotes":""},"categories":[19],"tags":[89,4311,90,761,35,39,38,36,37,34,40,537,4467,10887],"class_list":{"0":"post-48298","1":"post","2":"type-post","3":"status-publish","4":"format-standard","5":"has-post-thumbnail","7":"category-izklaide","8":"tag-entertainment","9":"tag-inara-slucka","10":"tag-izklaide","11":"tag-karjera","12":"tag-latvia","13":"tag-latvian","14":"tag-latviesu","15":"tag-latviesu-valoda","16":"tag-latviesuvaloda","17":"tag-latvija","18":"tag-lv","19":"tag-nacionalais-teatris","20":"tag-novecosana","21":"tag-viss-par-ievu"},"share_on_mastodon":{"url":"https:\/\/pubeurope.com\/@lv\/115543214914069408","error":""},"_links":{"self":[{"href":"https:\/\/www.europesays.com\/lv\/wp-json\/wp\/v2\/posts\/48298","targetHints":{"allow":["GET"]}}],"collection":[{"href":"https:\/\/www.europesays.com\/lv\/wp-json\/wp\/v2\/posts"}],"about":[{"href":"https:\/\/www.europesays.com\/lv\/wp-json\/wp\/v2\/types\/post"}],"author":[{"embeddable":true,"href":"https:\/\/www.europesays.com\/lv\/wp-json\/wp\/v2\/users\/2"}],"replies":[{"embeddable":true,"href":"https:\/\/www.europesays.com\/lv\/wp-json\/wp\/v2\/comments?post=48298"}],"version-history":[{"count":0,"href":"https:\/\/www.europesays.com\/lv\/wp-json\/wp\/v2\/posts\/48298\/revisions"}],"wp:featuredmedia":[{"embeddable":true,"href":"https:\/\/www.europesays.com\/lv\/wp-json\/wp\/v2\/media\/48299"}],"wp:attachment":[{"href":"https:\/\/www.europesays.com\/lv\/wp-json\/wp\/v2\/media?parent=48298"}],"wp:term":[{"taxonomy":"category","embeddable":true,"href":"https:\/\/www.europesays.com\/lv\/wp-json\/wp\/v2\/categories?post=48298"},{"taxonomy":"post_tag","embeddable":true,"href":"https:\/\/www.europesays.com\/lv\/wp-json\/wp\/v2\/tags?post=48298"}],"curies":[{"name":"wp","href":"https:\/\/api.w.org\/{rel}","templated":true}]}}