{"id":48302,"date":"2025-11-13T16:12:22","date_gmt":"2025-11-13T16:12:22","guid":{"rendered":"https:\/\/www.europesays.com\/lv\/48302\/"},"modified":"2025-11-13T16:12:22","modified_gmt":"2025-11-13T16:12:22","slug":"g7-nosoda-kinas-atbalstu-krievijai","status":"publish","type":"post","link":"https:\/\/www.europesays.com\/lv\/48302\/","title":{"rendered":"G7 nosoda \u0136\u012bnas atbalstu Krievijai"},"content":{"rendered":"<p>Ministri kop\u012bg\u0101 pazi\u0146ojum\u0101 nosod\u012bja &#8220;\u0136\u012bnas iero\u010du un div\u0113j\u0101d\u0101 lietojuma komponentu pieg\u0101des, kas ir Krievijas kara iz\u0161\u0137iro\u0161ais veicin\u0101t\u0101js&#8221;.<\/p>\n<p>G7 ministri ar\u012b nosod\u012bja Zieme\u013ckoreju un Ir\u0101nu par milit\u0101r\u0101 atbalsta snieg\u0161anu Krievijai.<\/p>\n<p>Ministri &#8220;atk\u0101rtoti apliecin\u0101ja savu nelok\u0101mo atbalstu Ukrainai, aizst\u0101vot t\u0101s teritori\u0101lo integrit\u0101ti un ties\u012bbas past\u0101v\u0113t, k\u0101 ar\u012b t\u0101s br\u012bv\u012bbu, suverenit\u0101ti un neatkar\u012bbu,&#8221; teikts pazi\u0146ojum\u0101.<\/p>\n<p>&#8220;M\u0113s atk\u0101rtoti uzsv\u0113r\u0101m, ka t\u016bl\u012bt\u0113ja uguns p\u0101rtrauk\u0161ana ir steidzami nepiecie\u0161ama. M\u0113s vienoj\u0101mies, ka pa\u0161reiz\u0113jai kontaktl\u012bnijai vajadz\u0113tu b\u016bt sarunu s\u0101kumpunktam. M\u0113s joproj\u0101m esam ap\u0146\u0113mu\u0161ies iev\u0113rot principu, ka starptautisk\u0101s robe\u017eas nedr\u012bkst main\u012bt ar sp\u0113ku,&#8221; nor\u0101d\u012bja G7 ministri.<\/p>\n","protected":false},"excerpt":{"rendered":"Ministri kop\u012bg\u0101 pazi\u0146ojum\u0101 nosod\u012bja &#8220;\u0136\u012bnas iero\u010du un div\u0113j\u0101d\u0101 lietojuma komponentu pieg\u0101des, kas ir Krievijas kara iz\u0161\u0137iro\u0161ais veicin\u0101t\u0101js&#8221;. G7&hellip;\n","protected":false},"author":2,"featured_media":48303,"comment_status":"","ping_status":"","sticky":false,"template":"","format":"standard","meta":{"footnotes":""},"categories":[14],"tags":[23,57,28,29,32,33,22,4213,234,74,30,31,35,39,38,36,37,34,40,20,26,27,24,25,54,55,56,21,58],"class_list":{"0":"post-48302","1":"post","2":"type-post","3":"status-publish","4":"format-standard","5":"has-post-thumbnail","7":"category-zinas-no-arvalstim","8":"tag-aktualitates","9":"tag-arvalstim","10":"tag-breaking-news","11":"tag-breakingnews","12":"tag-featured-news","13":"tag-featurednews","14":"tag-headlines","15":"tag-kina","16":"tag-krievija","17":"tag-krievijas-iebrukums-ukraina","18":"tag-latest-news","19":"tag-latestnews","20":"tag-latvia","21":"tag-latvian","22":"tag-latviesu","23":"tag-latviesu-valoda","24":"tag-latviesuvaloda","25":"tag-latvija","26":"tag-lv","27":"tag-news","28":"tag-popularakas-zinas","29":"tag-popularakaszinas","30":"tag-top-stories","31":"tag-topstories","32":"tag-world","33":"tag-world-news","34":"tag-worldnews","35":"tag-zinas","36":"tag-zinas-no-arvalstim"},"share_on_mastodon":{"url":"https:\/\/pubeurope.com\/@lv\/115543273937694023","error":""},"_links":{"self":[{"href":"https:\/\/www.europesays.com\/lv\/wp-json\/wp\/v2\/posts\/48302","targetHints":{"allow":["GET"]}}],"collection":[{"href":"https:\/\/www.europesays.com\/lv\/wp-json\/wp\/v2\/posts"}],"about":[{"href":"https:\/\/www.europesays.com\/lv\/wp-json\/wp\/v2\/types\/post"}],"author":[{"embeddable":true,"href":"https:\/\/www.europesays.com\/lv\/wp-json\/wp\/v2\/users\/2"}],"replies":[{"embeddable":true,"href":"https:\/\/www.europesays.com\/lv\/wp-json\/wp\/v2\/comments?post=48302"}],"version-history":[{"count":0,"href":"https:\/\/www.europesays.com\/lv\/wp-json\/wp\/v2\/posts\/48302\/revisions"}],"wp:featuredmedia":[{"embeddable":true,"href":"https:\/\/www.europesays.com\/lv\/wp-json\/wp\/v2\/media\/48303"}],"wp:attachment":[{"href":"https:\/\/www.europesays.com\/lv\/wp-json\/wp\/v2\/media?parent=48302"}],"wp:term":[{"taxonomy":"category","embeddable":true,"href":"https:\/\/www.europesays.com\/lv\/wp-json\/wp\/v2\/categories?post=48302"},{"taxonomy":"post_tag","embeddable":true,"href":"https:\/\/www.europesays.com\/lv\/wp-json\/wp\/v2\/tags?post=48302"}],"curies":[{"name":"wp","href":"https:\/\/api.w.org\/{rel}","templated":true}]}}