{"id":48325,"date":"2025-11-13T16:36:21","date_gmt":"2025-11-13T16:36:21","guid":{"rendered":"https:\/\/www.europesays.com\/lv\/48325\/"},"modified":"2025-11-13T16:36:21","modified_gmt":"2025-11-13T16:36:21","slug":"nevienu-nespiez-mirt-par-drupam-zelenskis-par-situaciju-pokrovska","status":"publish","type":"post","link":"https:\/\/www.europesays.com\/lv\/48325\/","title":{"rendered":"&#8220;Nevienu nespie\u017e mirt par drup\u0101m&#8221;: Zelenskis par situ\u0101ciju Pokrovsk\u0101"},"content":{"rendered":"<p><a rel=\"noopener nofollow\" target=\"_blank\" href=\"https:\/\/www.delfi.lv\/temas\/35467179\/ukraina\" tag-id=\"35467179\">Ukrainas<\/a> prezidents <a rel=\"noopener nofollow\" target=\"_blank\" href=\"https:\/\/www.delfi.lv\/temas\/51037147\/volodimirs-zelenskis\" tag-id=\"51037147\">Volodimirs Zelenskis<\/a> ir atzinis, ka situ\u0101cija Doneckas apgabala pils\u0113t\u0101 Pokrovsk\u0101 ir &#8220;\u013coti sare\u017e\u0123\u012bta&#8221;, bet l\u0113mums par karasp\u0113ka izve\u0161anu j\u0101pie\u0146em milit\u0101rajiem komandieriem uz vietas, v\u0113sta a\u0123ent\u016bra UNIAN. <\/p>\n<p>&#8220;M\u0113s nevaram izvest karasp\u0113ku no Ukrainas austrumiem. Neviens to nesaprat\u012bs, cilv\u0113ki to nesaprat\u012bs. Un, pats galvenais, neviens nedos garantijas, ka, sagr\u0101bjot to vai citu apdz\u012bvoto vietu, vi\u0146i nevirz\u012bsies t\u0101l\u0101k. Nav nek\u0101da atturo\u0161a l\u012bdzek\u013ca,&#8221; paudis politi\u0137is. <\/p>\n<p class=\"m-0\">Seko &#8220;Delfi&#8221; ar\u012b  <a target=\"_blank\" href=\"https:\/\/www.instagram.com\/delfi.lv\/\" rel=\"nofollow noopener\">Instagram<\/a>  un <a target=\"_blank\" href=\"https:\/\/www.youtube.com\/channel\/UCw5foWtcJvAbUm64rv7jwUQ\" rel=\"nofollow noopener\">YouTube<\/a>  profil\u0101 \u2013 pievienojies, lai uzzin\u0101tu svar\u012bg\u0101ko un interesant\u0101ko pirmais!<\/p>\n<p>Publik\u0101cijas saturs vai t\u0101s jebk\u0101da apjoma da\u013ca ir aizsarg\u0101ts autorties\u012bbu objekts Autorties\u012bbu likuma izpratn\u0113, un t\u0101 izmanto\u0161ana bez izdev\u0113ja at\u013caujas ir aizliegta. Vair\u0101k lasi  <a target=\"_blank\" href=\"https:\/\/www.delfi.lv\/noteikumi#autortiesibas\" rel=\"nofollow noopener\">\u0161eit<\/a><script async src=\"\/\/www.instagram.com\/embed.js\"><\/script><\/p>\n","protected":false},"excerpt":{"rendered":"Ukrainas prezidents Volodimirs Zelenskis ir atzinis, ka situ\u0101cija Doneckas apgabala pils\u0113t\u0101 Pokrovsk\u0101 ir &#8220;\u013coti sare\u017e\u0123\u012bta&#8221;, bet l\u0113mums par&hellip;\n","protected":false},"author":2,"featured_media":48326,"comment_status":"","ping_status":"","sticky":false,"template":"","format":"standard","meta":{"footnotes":""},"categories":[14],"tags":[23,57,28,29,32,33,22,74,30,31,35,39,38,36,37,34,40,20,26,27,24,25,276,178,54,55,56,21,58],"class_list":{"0":"post-48325","1":"post","2":"type-post","3":"status-publish","4":"format-standard","5":"has-post-thumbnail","7":"category-zinas-no-arvalstim","8":"tag-aktualitates","9":"tag-arvalstim","10":"tag-breaking-news","11":"tag-breakingnews","12":"tag-featured-news","13":"tag-featurednews","14":"tag-headlines","15":"tag-krievijas-iebrukums-ukraina","16":"tag-latest-news","17":"tag-latestnews","18":"tag-latvia","19":"tag-latvian","20":"tag-latviesu","21":"tag-latviesu-valoda","22":"tag-latviesuvaloda","23":"tag-latvija","24":"tag-lv","25":"tag-news","26":"tag-popularakas-zinas","27":"tag-popularakaszinas","28":"tag-top-stories","29":"tag-topstories","30":"tag-ukraina","31":"tag-volodimirs-zelenskis","32":"tag-world","33":"tag-world-news","34":"tag-worldnews","35":"tag-zinas","36":"tag-zinas-no-arvalstim"},"share_on_mastodon":{"url":"https:\/\/pubeurope.com\/@lv\/115543368185959468","error":""},"_links":{"self":[{"href":"https:\/\/www.europesays.com\/lv\/wp-json\/wp\/v2\/posts\/48325","targetHints":{"allow":["GET"]}}],"collection":[{"href":"https:\/\/www.europesays.com\/lv\/wp-json\/wp\/v2\/posts"}],"about":[{"href":"https:\/\/www.europesays.com\/lv\/wp-json\/wp\/v2\/types\/post"}],"author":[{"embeddable":true,"href":"https:\/\/www.europesays.com\/lv\/wp-json\/wp\/v2\/users\/2"}],"replies":[{"embeddable":true,"href":"https:\/\/www.europesays.com\/lv\/wp-json\/wp\/v2\/comments?post=48325"}],"version-history":[{"count":0,"href":"https:\/\/www.europesays.com\/lv\/wp-json\/wp\/v2\/posts\/48325\/revisions"}],"wp:featuredmedia":[{"embeddable":true,"href":"https:\/\/www.europesays.com\/lv\/wp-json\/wp\/v2\/media\/48326"}],"wp:attachment":[{"href":"https:\/\/www.europesays.com\/lv\/wp-json\/wp\/v2\/media?parent=48325"}],"wp:term":[{"taxonomy":"category","embeddable":true,"href":"https:\/\/www.europesays.com\/lv\/wp-json\/wp\/v2\/categories?post=48325"},{"taxonomy":"post_tag","embeddable":true,"href":"https:\/\/www.europesays.com\/lv\/wp-json\/wp\/v2\/tags?post=48325"}],"curies":[{"name":"wp","href":"https:\/\/api.w.org\/{rel}","templated":true}]}}