{"id":48361,"date":"2025-11-13T17:38:13","date_gmt":"2025-11-13T17:38:13","guid":{"rendered":"https:\/\/www.europesays.com\/lv\/48361\/"},"modified":"2025-11-13T17:38:13","modified_gmt":"2025-11-13T17:38:13","slug":"sogad-dod-pieci-himnas-autori-ir-lauris-reiniks-un-ralfs-eilands","status":"publish","type":"post","link":"https:\/\/www.europesays.com\/lv\/48361\/","title":{"rendered":"\u0160ogad &#8220;Dod pieci!&#8221; himnas autori ir Lauris Reiniks un Ralfs Eilands"},"content":{"rendered":"<p>Latvijas Sabiedriskais medijs ceturtdien, 13. novembr\u012b, klaus\u012bt\u0101jiem un skat\u012bt\u0101jiem nodod \u0161\u012b gada labdar\u012bbas maratona &#8220;Dod pieci!&#8221; ofici\u0101lo himnu \u2013 Laura Reinika un Ralfa Eilanda kompoz\u012bciju &#8220;Labos darbus kr\u0101j&#8221;.<\/p>\n<p>Aptuveni pirms desmit gadiem sarakst\u012bju pirmo, ofici\u0101li neofici\u0101lo &#8220;Dod pieci!&#8221; himnu \u2013 dziesmu &#8220;Divas dv\u0113seles&#8221;. Toreiz taj\u0101 piedal\u012bj\u0101s vair\u0101ki solisti, ar\u012b Lauris Reiniks. \u0160ogad dziedam duet\u0101, un ar dziesmu &#8220;Labos darbus kr\u0101j&#8221; gribam nodot jau tekst\u0101 iekod\u0113to v\u0113st\u012bjumu \u2013 &#8220;sper pirmo soli un atk\u0101rto&#8221;. Tas atg\u0101dina, ka nevajag baid\u012bties no izaicin\u0101jumiem, bet gan r\u012bkoties un sniegt pal\u012bdz\u012bbu, lai k\u0101dam citam b\u016btu viegl\u0101k spert savu pirmo soli. &#8220;Dod Pieci&#8221; man asoci\u0113jas ar siltumu, labsird\u012bbu un sv\u0113tku laiku, t\u0101p\u0113c ir patiess prieks \u0161ogad piedal\u012bties ne tikai ar ziedojumu, bet ar\u012b ar himnu!&#8221; st\u0101sta himnas autors Ralfs Eilands.<\/p>\n<p>Labdar\u012bbas maratona himnas m\u016bzikas autors ir Lauris Reiniks, v\u0101rdu autori \u2013 Ralfs Eilands un Valters Spr\u016bd\u017es. Himnu izpilda Ralfs Eilands, Lauris Reiniks, Marta Kukarane (piebalss). Aran\u017e\u0113jums un ieraksta mikss: R\u016bdolfs Ozols. Ieraksta Master: DJ MONSTA (Uldis C\u012brulis).<\/p>\n<p>Himnas videoklipa autors ir Alex Ruvinsky, operatori \u2013 M\u0101rti\u0146s Jurevics, Lote Madara Peizuma, gaismu m\u0101kslinieks \u2013 Uldis \u0136ik\u0101ns, producenti \u2013 \u201cGingercat\u201d, Annija Jurevica.<\/p>\n<p>&#8220;&#8221;Dod pieci!&#8221; ir lieliska un \u0101rk\u0101rt\u012bgi v\u0113rt\u012bga labdar\u012bbas akcija, kas vis\u0101 Latvij\u0101 vieno cilv\u0113kus dar\u012bt labus darbus. Man bija liels pagodin\u0101jums kompon\u0113t himnu \u0161\u012b gada maratonam un iedzied\u0101t to kop\u0101 ar Ralfu Eilandu. <\/p>\n<blockquote><p>M\u016bzika atn\u0101ca viegli, jo Ralfs ar Valteru Spr\u016bd\u017eu sarakst\u012bja patiesi iedvesmojo\u0161u tekstu, kuru man atlika tikai iet\u0113rpt m\u016bzik\u0101. <\/p><\/blockquote>\n<p>Man pa\u0161am ir zin\u0101mi cilv\u0113ki ar kust\u012bbu trauc\u0113jumiem, t\u0101p\u0113c \u0161\u012b gada t\u0113ma un m\u0113r\u0137is man ir \u012bpa\u0161i saprotami un tuvi. Himnas rindi\u0146a &#8220;Vai viss, kas tev ir dots, ir izmantots?&#8221; mani uzrun\u0101 visvair\u0101k, un es ceru, ka t\u0101 iedvesmos ikvienu paman\u012bt un att\u012bst\u012bt to, kas ir dots. Un m\u0113s sp\u0113jam daudz \u2013 to ik gadu apliecina ar\u012b labdar\u012bbas maratons &#8220;Dod pieci!&#8221;,&#8221; v\u0113rt\u0113 himnas autors Lauris Reiniks.<\/p>\n<p>&#8220;\u0160ogad \u013coti v\u0113l\u0113j\u0101mies, lai maratonu pavad\u012btu himna, k\u0101das mums l\u012bdz \u0161im v\u0113l nebija \u2013 ar dziesmu, kas iedvesmo un ienes &#8220;Dod pieci&#8221; maraton\u0101 Ziemassv\u0113tku noska\u0146u un pacil\u0101t\u012bbas saj\u016btu. Taj\u0101 pa\u0161\u0101 laik\u0101 v\u0113l\u0113j\u0101mies \u013caut studij\u0101 satikties diviem m\u016bzi\u0137iem, kuri, nez k\u0101p\u0113c, l\u012bdz \u0161im nebija ofici\u0101li ierakst\u0101 tiku\u0161ies. Un te nu ir rezult\u0101ts,&#8221; priec\u0101jas Latvijas Radio 5 rado\u0161ais direktors un labdar\u012bbas maratona &#8220;Dod pieci!&#8221; aizs\u0101c\u0113js Latvij\u0101 Toms Gr\u0113vi\u0146\u0161.<\/p>\n<p>Ik gadu &#8220;Dod pieci!&#8221; himnas izveid\u0113 talk\u0101 n\u0101k Latvijas zin\u0101m\u0101kie un izcil\u0101kie m\u016bzi\u0137i:<\/p>\n<p>&#8220;Dod pieci!&#8221; himnas trad\u012bcija s\u0101k\u0101s 2016. gad\u0101 ar dziesmu \u201cNep\u0101rlau\u017eams\u201d, ko izpild\u012bja Aija V\u012btoli\u0146a, M\u0101ra Upmane-Hol\u0161teine, Aija Andrejeva, Marta Grigale, Goran Gora, Ralfs Eilands, Dons, Markus Riva, J\u0101nis Ai\u0161purs, Lauris Valters, J\u0101nis St\u012bbelis, VI\u0145A, ansis, Edav\u0101rdi, Ozols, Reiks, Justs, Intars Busulis, Latvian Voices, M\u0101rcis Auzi\u0146\u0161, DJ Rudd.<\/p>\n<p>Tradicion\u0101li &#8220;Dod pieci!&#8221; himna ir viena no ziedot\u0101ju piepras\u012bt\u0101kaj\u0101m dziesm\u0101m labdar\u012bbas maratona laik\u0101.<\/p>\n<p>Par labdar\u012bbas maratonu &#8220;Dod pieci!&#8221;<\/p>\n<p>Ik gadu labdar\u012bbas maratons aktualiz\u0113 k\u0101du sabiedr\u012bb\u0101 noz\u012bm\u012bgu t\u0113mu un atbalsta t\u0101s sabiedr\u012bbas grupas, kur\u0101m tas ir patiesi nepiecie\u0161ams. Labdar\u012bbas maratona virsm\u0113r\u0137is ir cilv\u0113cisk\u0101ka vide \u2013 katrs &#8220;Dod pieci!&#8221; st\u0101sts ir par to, kur mums k\u0101 sabiedr\u012bbai ar sevi v\u0113l j\u0101str\u0101d\u0101.<\/p>\n<p>Labdar\u012bbas maratons &#8220;Dod pieci!&#8221; ir da\u013ca no starptautiska projekta &#8220;Serious Request&#8221;, kur\u0101 da\u017e\u0101d\u0101s Eiropas valst\u012bs radiod\u012bd\u017eeji ned\u0113\u013cu raida no \u012bpa\u0161as stikla studijas, piev\u0113r\u0161ot uzman\u012bbu konkr\u0113tai labdar\u012bbas maratona izraudz\u012btai grupai vai sabiedriski noz\u012bm\u012bgai t\u0113mai. Ikviens tiek aicin\u0101ts ziedot l\u012bdzek\u013cus apmai\u0146\u0101 pret m\u012b\u013c\u0101ko dziesmu radio \u0113ter\u0101. Latvij\u0101 \u0161o trad\u012bciju iedz\u012bvin\u0101ja Latvijas Radio 5 rado\u0161\u0101 komanda.<\/p>\n<p>&#8220;Dod pieci!&#8221; organiz\u0113 Latvijas Sabiedriskais medijs. Projekta partneris ir labdar\u012bbas organiz\u0101cija Ziedot.lv. Labdar\u012bbas maratona norises partneri ir &#8220;AJ Power&#8221;, Luminor banka, &#8220;Narvesen&#8221;, komunik\u0101cijas kampa\u0146u veido rekl\u0101mas a\u0123ent\u016bra &#8220;Magic&#8221;.<\/p>\n<p><img decoding=\"async\" src=\"https:\/\/www.europesays.com\/lv\/wp-content\/uploads\/2025\/11\/3c0212f05c6368a5c73cb8946225bd94.png\" title=\"Foto: ekr\u0101nuz\u0146\u0113mums no  Dod pieci! \/ Youtube\" alt=\"Foto: ekr\u0101nuz\u0146\u0113mums no  Dod pieci! \/ Youtube\"\/><\/p>\n<p class=\"article-img-desc\">Foto: ekr\u0101nuz\u0146\u0113mums no  Dod pieci! \/ Youtube<\/p>\n","protected":false},"excerpt":{"rendered":"Latvijas Sabiedriskais medijs ceturtdien, 13. novembr\u012b, klaus\u012bt\u0101jiem un skat\u012bt\u0101jiem nodod \u0161\u012b gada labdar\u012bbas maratona &#8220;Dod pieci!&#8221; ofici\u0101lo himnu&hellip;\n","protected":false},"author":2,"featured_media":48362,"comment_status":"","ping_status":"","sticky":false,"template":"","format":"standard","meta":{"footnotes":""},"categories":[12],"tags":[129,4059,13302,13305,2239,23,28,29,32,33,22,30,31,35,39,38,36,37,34,40,20,26,27,13306,4060,7059,13303,13307,4061,7060,13304,24,25,21],"class_list":{"0":"post-48361","1":"post","2":"type-post","3":"status-publish","4":"format-standard","5":"has-post-thumbnail","7":"category-latvija","8":"tag-__typenameadvicekeyword","9":"tag-id385","10":"tag-id516","11":"tag-id722","12":"tag-id93","13":"tag-aktualitates","14":"tag-breaking-news","15":"tag-breakingnews","16":"tag-featured-news","17":"tag-featurednews","18":"tag-headlines","19":"tag-latest-news","20":"tag-latestnews","21":"tag-latvia","22":"tag-latvian","23":"tag-latviesu","24":"tag-latviesu-valoda","25":"tag-latviesuvaloda","26":"tag-latvija","27":"tag-lv","28":"tag-news","29":"tag-popularakas-zinas","30":"tag-popularakaszinas","31":"tag-sluglabdariba","32":"tag-sluglauris-reiniks","33":"tag-slugmuzika","34":"tag-slugralfs-eilands","35":"tag-titlelabdariba","36":"tag-titlelauris-reiniks","37":"tag-titlemuzika","38":"tag-titleralfs-eilands","39":"tag-top-stories","40":"tag-topstories","41":"tag-zinas"},"share_on_mastodon":{"url":"","error":"Validation failed: Text character limit of 500 exceeded"},"_links":{"self":[{"href":"https:\/\/www.europesays.com\/lv\/wp-json\/wp\/v2\/posts\/48361","targetHints":{"allow":["GET"]}}],"collection":[{"href":"https:\/\/www.europesays.com\/lv\/wp-json\/wp\/v2\/posts"}],"about":[{"href":"https:\/\/www.europesays.com\/lv\/wp-json\/wp\/v2\/types\/post"}],"author":[{"embeddable":true,"href":"https:\/\/www.europesays.com\/lv\/wp-json\/wp\/v2\/users\/2"}],"replies":[{"embeddable":true,"href":"https:\/\/www.europesays.com\/lv\/wp-json\/wp\/v2\/comments?post=48361"}],"version-history":[{"count":0,"href":"https:\/\/www.europesays.com\/lv\/wp-json\/wp\/v2\/posts\/48361\/revisions"}],"wp:featuredmedia":[{"embeddable":true,"href":"https:\/\/www.europesays.com\/lv\/wp-json\/wp\/v2\/media\/48362"}],"wp:attachment":[{"href":"https:\/\/www.europesays.com\/lv\/wp-json\/wp\/v2\/media?parent=48361"}],"wp:term":[{"taxonomy":"category","embeddable":true,"href":"https:\/\/www.europesays.com\/lv\/wp-json\/wp\/v2\/categories?post=48361"},{"taxonomy":"post_tag","embeddable":true,"href":"https:\/\/www.europesays.com\/lv\/wp-json\/wp\/v2\/tags?post=48361"}],"curies":[{"name":"wp","href":"https:\/\/api.w.org\/{rel}","templated":true}]}}